{"id":2204,"date":"2024-03-06T08:38:04","date_gmt":"2024-03-06T08:38:04","guid":{"rendered":"https:\/\/inandoutarchitects.com\/?p=2204"},"modified":"2025-05-02T07:52:53","modified_gmt":"2025-05-02T07:52:53","slug":"cambio-uso-local-a-vivienda-barcelona","status":"publish","type":"post","link":"https:\/\/inandoutarchitects.com\/pt\/cambio-uso-local-a-vivienda-barcelona\/","title":{"rendered":"CUATRO PASOS PARA CONVERTIR UN LOCAL COMERCIAL EN UNA ACOGEDORA VIVIENDA EN BARCELONA"},"content":{"rendered":"<div style=\"height:20px\" aria-hidden=\"true\" class=\"wp-block-spacer\"><\/div>\n\n\n\n<p><strong>El cambio de uso de un local a vivienda en Barcelona <\/strong>consigue devolver a muchos residentes de la ciudad condal la ilusi\u00f3n de tener una vivienda propia.&nbsp;<\/p>\n\n\n\n<p>Esta alternativa a la compra de obra nueva o segunda mano, en principio m\u00e1s cara, se ha convertido en una opci\u00f3n cada vez m\u00e1s contemplada.&nbsp;<\/p>\n\n\n\n<p>Al final se trata de abrir la puerta de tu hogar y encontrar un espacio que refleje tus gustos, necesidades y estilo de vida de una manera \u00fanica.&nbsp;<\/p>\n\n\n\n<p>Sin embargo, este proceso puede parecer desalentador al principio, especialmente si se desconoce lo que implica convertir un local u oficina en una vivienda.&nbsp;<\/p>\n\n\n\n<p>Desde la planificaci\u00f3n inicial hasta la ejecuci\u00f3n y finalizaci\u00f3n del proyecto, para <strong>In&amp;Out Architects<\/strong> cada etapa requiere cuidado y consideraci\u00f3n.<\/p>\n\n\n\n<p>En nuestro art\u00edculo de hoy abordaremos los <strong>4 pasos esenciales que se deben seguir para darle un fin habitable a un local comercial en Barcelona:<\/strong><\/p>\n\n\n\n<ol class=\"wp-block-list\">\n<li>Evaluaci\u00f3n de la viabilidad del proyecto.<\/li>\n\n\n\n<li>Obtenci\u00f3n de permisos.<\/li>\n\n\n\n<li><a href=\"https:\/\/inandoutarchitects.com\/pt\/casas-saludables\/\" target=\"_blank\" rel=\"noreferrer noopener\">Transformaci\u00f3n del espacio<\/a>.<\/li>\n\n\n\n<li>Tr\u00e1mites de registro de la nueva vivienda.<\/li>\n<\/ol>\n\n\n\n<div style=\"height:35px\" aria-hidden=\"true\" class=\"wp-block-spacer\"><\/div>\n\n\n\n<h2 class=\"wp-block-heading has-text-align-center has-luminous-vivid-amber-background-color has-background\"><strong>Tipo de local y viabilidad del proyecto<\/strong><\/h2>\n\n\n\n<div style=\"height:35px\" aria-hidden=\"true\" class=\"wp-block-spacer\"><\/div>\n\n\n\n<p>La <strong>elecci\u00f3n del local<\/strong> es una de las bases para poder llevar a cabo el proyecto de <strong>cambio de uso de local a vivienda en Barcelona.&nbsp;<\/strong><\/p>\n\n\n\n<p>En ocasiones, se trata de un local de propiedad que anteriormente se ha destinado a otro uso. Otras veces se requiere un estudio previo para <a href=\"https:\/\/inandoutarchitects.com\/pt\/consejos-para-comprar-casa-por-primera-vez\/\" target=\"_blank\" rel=\"noreferrer noopener\"><strong>seleccionar un local<\/strong><\/a> que se ajuste al prop\u00f3sito de convertirlo en vivienda.\u00a0<\/p>\n\n\n\n<div style=\"height:34px\" aria-hidden=\"true\" class=\"wp-block-spacer\"><\/div>\n\n\n<div class=\"wp-block-image\">\n<figure class=\"aligncenter size-large\"><img fetchpriority=\"high\" decoding=\"async\" width=\"1024\" height=\"1024\" src=\"https:\/\/inandoutarchitects.com\/wp-content\/uploads\/2023\/09\/Proceso-compress-1-1024x1024.jpg\" alt=\"Proceso\" class=\"wp-image-993\" srcset=\"https:\/\/inandoutarchitects.com\/wp-content\/uploads\/2023\/09\/Proceso-compress-1-1024x1024.jpg 1024w, https:\/\/inandoutarchitects.com\/wp-content\/uploads\/2023\/09\/Proceso-compress-1-300x300.jpg 300w, https:\/\/inandoutarchitects.com\/wp-content\/uploads\/2023\/09\/Proceso-compress-1-scaled-100x100.jpg 100w, https:\/\/inandoutarchitects.com\/wp-content\/uploads\/2023\/09\/Proceso-compress-1-scaled-600x600.jpg 600w, https:\/\/inandoutarchitects.com\/wp-content\/uploads\/2023\/09\/Proceso-compress-1-150x150.jpg 150w, https:\/\/inandoutarchitects.com\/wp-content\/uploads\/2023\/09\/Proceso-compress-1-768x768.jpg 768w, https:\/\/inandoutarchitects.com\/wp-content\/uploads\/2023\/09\/Proceso-compress-1-1536x1536.jpg 1536w, https:\/\/inandoutarchitects.com\/wp-content\/uploads\/2023\/09\/Proceso-compress-1-2048x2048.jpg 2048w, https:\/\/inandoutarchitects.com\/wp-content\/uploads\/2023\/09\/Proceso-compress-1-650x650.jpg 650w, https:\/\/inandoutarchitects.com\/wp-content\/uploads\/2023\/09\/Proceso-compress-1-1300x1300.jpg 1300w\" sizes=\"(max-width: 1024px) 100vw, 1024px\" \/><\/figure>\n<\/div>\n\n\n<div style=\"height:34px\" aria-hidden=\"true\" class=\"wp-block-spacer\"><\/div>\n\n\n\n<h3 class=\"wp-block-heading\"><strong>3 Primeros pasos de informaci\u00f3n previa<\/strong><\/h3>\n\n\n\n<p>El local deber\u00e1 cumplir varias premisas para garantizar la <strong>viabilidad del proyecto. <\/strong>Desde sus propias caracter\u00edsticas a su ubicaci\u00f3n, pasando por el permiso comunitario del edificio donde se encuentre y las dimensiones, no inferiores a 40m\u00b2.<\/p>\n\n\n\n<ol class=\"wp-block-list\">\n<li><strong>Ubicaci\u00f3n, accesibilidad y condiciones esenciales del local:<\/strong> Si se encuentra en un <strong>edificio de viviendas<\/strong>, a pie de calle y con acceso directo. Si cuenta con rampa o ascensor. Si tiene o puede tener varias ventanas al exterior, altura interior (normalmente 2 '5m), extracci\u00f3n de humos y aire viciado a cubierta, etc.<\/li>\n\n\n\n<li><strong>Estudio de viabilidad y compatibilidad urban\u00edstica:<\/strong> Un t\u00e9cnico deber\u00e1 hacer un estudio m\u00e1s detallado del planteamiento y del local. Realizar\u00e1 una propuesta mediante un croquis y analizar\u00e1 su viabilidad t\u00e9cnica y econ\u00f3mica.<\/li>\n<\/ol>\n\n\n\n<p>El primer tr\u00e1mite que se debe realizar es solicitar un <a href=\"https:\/\/canalempresa.gencat.cat\/es\/integraciodepartamentaltramit\/tramit\/PerTemes\/Informe-urbanistic-associat-a-la-tramitacio-dactivitats-00001\" target=\"_blank\" rel=\"noreferrer noopener\"><strong>Informe de Compatibilidad Urban\u00edstica<\/strong><\/a> del ayuntamiento de la localidad. Es el tr\u00e1mite m\u00e1s importante para poder continuar con el proyecto de <strong>cambio de uso de local a vivienda en Barcelona<\/strong>. El plazo para su obtenci\u00f3n suele ser de 15 a 30 d\u00edas.<\/p>\n\n\n\n<ol start=\"3\" class=\"wp-block-list\">\n<li><strong>Comunidad de Propietarios: <\/strong>Si el proyecto de cambio es viable es necesario obtener el permiso de la comunidad o ser uno de los puntos del orden del d\u00eda para ser aprobado en la Junta de Propietarios.<\/li>\n<\/ol>\n\n\n\n<div style=\"height:34px\" aria-hidden=\"true\" class=\"wp-block-spacer\"><\/div>\n\n\n\n<h2 class=\"wp-block-heading has-text-align-center has-luminous-vivid-amber-background-color has-background\"><strong>Proyecto T\u00e9cnico para el cambio de uso de local a vivienda en Barcelona: La figura del Arquitecto\/a<\/strong><\/h2>\n\n\n\n<div style=\"height:31px\" aria-hidden=\"true\" class=\"wp-block-spacer\"><\/div>\n\n\n\n<p>Un proyecto de <strong>cambio de uso de local a vivienda<\/strong> <strong>en Barcelona<\/strong> es un proceso t\u00e9cnico que se rige bajo la Ley de Ordenaci\u00f3n de la Edificaci\u00f3n de 1999. Es un requisito imprescindible que la realizaci\u00f3n sea a cargo de un <strong>arquitecto\/a colegiado\/a<\/strong>, al igual que la direcci\u00f3n de las obras que conlleve el proyecto.<\/p>\n\n\n\n<div style=\"height:30px\" aria-hidden=\"true\" class=\"wp-block-spacer\"><\/div>\n\n\n\n<h3 class=\"wp-block-heading\"><strong>La importancia de contar con un buen Proyecto T\u00e9cnico<\/strong><\/h3>\n\n\n\n<p>El <strong>Proyecto del arquitecto\/a<\/strong> es esencial para garantizar que el <strong>cambio de uso de local a vivienda en Barcelona<\/strong> se realice de manera legal, segura y eficiente.&nbsp;<\/p>\n\n\n\n<p>Su importancia radica en la garant\u00eda del cumplimiento de todas las normativas y la creaci\u00f3n de un <strong>espacio habitable<\/strong> que satisfaga las necesidades y expectativas del propietario.<\/p>\n\n\n\n<div style=\"height:36px\" aria-hidden=\"true\" class=\"wp-block-spacer\"><\/div>\n\n\n\n<h4 class=\"wp-block-heading\"><strong>4 Aspectos b\u00e1sicos de un Proyecto T\u00e9cnico de IN&amp;OUT ARCHITECTS para el cambio de uso de local a vivienda en Barcelona:<\/strong><\/h4>\n\n\n\n<ol class=\"wp-block-list\">\n<li><strong>Cumplimiento normativo:<\/strong> La persona con la titulaci\u00f3n de arquitecto\/a es la encargada de aplicar las normativas locales, estatales y nacionales y ajustarlas al dise\u00f1o y la planificaci\u00f3n del proyecto. De manera que la nueva vivienda cumpla con todos los requisitos legales como la <strong>seguridad estructural, accesibilidad, instalaciones sanitarias<\/strong>, etc.<\/li>\n\n\n\n<li><strong>Dise\u00f1o funcional y est\u00e9tico: <\/strong>Garant\u00eda del dise\u00f1o de un espacio \u00f3ptimo que cubra todas las necesidades y cumpla las preferencias de sus habitantes. Distribuci\u00f3n, optimizaci\u00f3n de la luz natural y creaci\u00f3n de un ambiente atractivo y funcional.<\/li>\n\n\n\n<li><strong>Planificaci\u00f3n y gesti\u00f3n del proyecto: <\/strong>Es esencial elaborar un plan detallado que incluya plazos, presupuestos y recursos necesarios para llevar a cabo el proyecto de manera eficiente y efectiva.<\/li>\n\n\n\n<li><strong>Obtenci\u00f3n de permisos y licencias: <\/strong>Recaer\u00e1 sobre el\/la arquitecto\/a la gesti\u00f3n obligatoria de los tr\u00e1mites necesarios. Y se asegurar\u00e1 de que todos los documentos est\u00e1n en orden y presentados correctamente y en plazo.<\/li>\n<\/ol>\n\n\n\n<div style=\"height:37px\" aria-hidden=\"true\" class=\"wp-block-spacer\"><\/div>\n\n\n<div class=\"wp-block-image\">\n<figure class=\"aligncenter size-large\"><img decoding=\"async\" width=\"1024\" height=\"683\" src=\"https:\/\/inandoutarchitects.com\/wp-content\/uploads\/2023\/11\/pexels-antoni-shkraba-production-8837511-1024x683.jpg\" alt=\"Comprar vivienda para vivir\" class=\"wp-image-1896\" srcset=\"https:\/\/inandoutarchitects.com\/wp-content\/uploads\/2023\/11\/pexels-antoni-shkraba-production-8837511-1024x683.jpg 1024w, https:\/\/inandoutarchitects.com\/wp-content\/uploads\/2023\/11\/pexels-antoni-shkraba-production-8837511-scaled-600x400.jpg 600w, https:\/\/inandoutarchitects.com\/wp-content\/uploads\/2023\/11\/pexels-antoni-shkraba-production-8837511-300x200.jpg 300w, https:\/\/inandoutarchitects.com\/wp-content\/uploads\/2023\/11\/pexels-antoni-shkraba-production-8837511-768x512.jpg 768w, https:\/\/inandoutarchitects.com\/wp-content\/uploads\/2023\/11\/pexels-antoni-shkraba-production-8837511-1536x1024.jpg 1536w, https:\/\/inandoutarchitects.com\/wp-content\/uploads\/2023\/11\/pexels-antoni-shkraba-production-8837511-2048x1365.jpg 2048w, https:\/\/inandoutarchitects.com\/wp-content\/uploads\/2023\/11\/pexels-antoni-shkraba-production-8837511-18x12.jpg 18w\" sizes=\"(max-width: 1024px) 100vw, 1024px\" \/><\/figure>\n<\/div>\n\n\n<div style=\"height:37px\" aria-hidden=\"true\" class=\"wp-block-spacer\"><\/div>\n\n\n\n<h2 class=\"wp-block-heading has-text-align-center has-luminous-vivid-amber-background-color has-background\"><strong>Tr\u00e1mites legales del Proyecto<\/strong><\/h2>\n\n\n\n<div style=\"height:36px\" aria-hidden=\"true\" class=\"wp-block-spacer\"><\/div>\n\n\n\n<p>Los tr\u00e1mites legales para la consecuci\u00f3n del Proyecto est\u00e1n sometidos a la licencia municipal de obras de edificaci\u00f3n u obras mayores. De manera que el <strong>cambio de uso de un local a vivienda en Barcelona<\/strong> debe cumplir con todos los requisitos legales de una vivienda nueva.<\/p>\n\n\n\n<div style=\"height:35px\" aria-hidden=\"true\" class=\"wp-block-spacer\"><\/div>\n\n\n\n<h3 class=\"wp-block-heading\"><strong>El C\u00f3digo T\u00e9cnico de la Edificaci\u00f3n<\/strong><\/h3>\n\n\n\n<ul class=\"wp-block-list\">\n<li><strong>SE - Seguridad Estructural:<\/strong> Normalmente los cambios de uso no contemplan un cambio estructural, este tr\u00e1mite no comporta problemas.<\/li>\n\n\n\n<li><strong>SI -&nbsp; Seguridad en caso de Incendio:<\/strong> No afecta al interior de la vivienda. Si no se act\u00faa en zonas comunes del edificio es un tr\u00e1mite f\u00e1cil de conseguir.&nbsp;<\/li>\n\n\n\n<li><strong>SUA - Seguridad de Utilizaci\u00f3n y Accesibilidad:<\/strong> Toda vivienda debe poderse comunicar a la calle por una v\u00eda accesible. Si se accede a la vivienda desde el exterior, ser\u00e1 perfecto. Pero atenci\u00f3n, en el caso de acceder por zonas comunes, sin ascensor o con pelda\u00f1os en el portal, el cambio de uso ser\u00e1 denegado.<\/li>\n\n\n\n<li><strong>HE - Ahorro de Energ\u00eda:<\/strong> Para asegurar un buen aislamiento t\u00e9rmico se debe mejorar el aislamiento de las fachadas, cubiertas y suelos del local. Este es uno de los aspectos que encarecen las obras.<\/li>\n\n\n\n<li><strong>HR - Protecci\u00f3n frente al Ruido:<\/strong> Aislamiento ac\u00fastico de la vivienda.<\/li>\n\n\n\n<li><strong>HS - Salubridad:<\/strong> Debe instalarse un sistema de extracci\u00f3n mec\u00e1nica de aire en los cuartos h\u00famedos (cocinas, ba\u00f1os, aseos, lavaderos) que reconduzca el aire a la cubierta. Tambi\u00e9n un sistema de extracci\u00f3n de humo de la cocina. Estos sistemas pueden ser propios o conectados a los del resto del edificio.<\/li>\n<\/ul>\n\n\n\n<div style=\"height:35px\" aria-hidden=\"true\" class=\"wp-block-spacer\"><\/div>\n\n\n\n<h3 class=\"wp-block-heading\"><strong>Normativa de Habitabilidad<\/strong><\/h3>\n\n\n\n<p>Las <strong>normativas de habitabilidad<\/strong> suelen ser a nivel auton\u00f3mico y rigen c\u00f3mo deben ser las viviendas en cada CCAA.\u00a0 En Barcelona, es <a href=\"https:\/\/www.registresolicitants.cat\/files\/decret141%20HABITABILITAT%20201260882.pdf\" target=\"_blank\" rel=\"noreferrer noopener\">Annex 1 del Decret 141\/2002<\/a> y Ordenanzas Metropolitanas de BCN<\/p>\n\n\n\n<p>Estas normas son las que configurar\u00e1n la forma interior de la vivienda, el n\u00famero de habitaciones, la dimensi\u00f3n del sal\u00f3n, de los ba\u00f1os, etc.&nbsp;<\/p>\n\n\n\n<p>De manera que, en Catalu\u00f1a, al realizar el <strong>cambio de uso<\/strong> <strong>del local a vivienda en Barcelona<\/strong> se deben considerar los siguientes aspectos:<\/p>\n\n\n\n<ul class=\"wp-block-list\">\n<li><strong>Altura libre:<\/strong> La altura m\u00ednima ser\u00e1 de 2,50m en sal\u00f3n, comedor, sal\u00f3n y dormitorios y 2,20m en pasillos, cocinas y ba\u00f1os.&nbsp;<\/li>\n\n\n\n<li><strong>Ventilaci\u00f3n e iluminaci\u00f3n directa:<\/strong> Todas las estancias habitables deben disponer de ventilaci\u00f3n e iluminaci\u00f3n directas a trav\u00e9s de puertas y\/o ventanas y un m\u00ednimo de metros lineales de fachada.<\/li>\n\n\n\n<li><strong>Superficie m\u00ednima:<\/strong> Cada estancia debe tener unas dimensiones determinadas. Seg\u00fan la OME el ba\u00f1o como m\u00ednimo debe tener 5m\u00b2, hab doble de 8-10m\u00b2 hab. individual 6m\u00b2.&nbsp;<\/li>\n\n\n\n<li><strong>Lavadero y tendedero:<\/strong> Las <strong>nuevas viviendas<\/strong> deben contar con un recinto dedicado a lavadero y tendedero, ambos protegidos de las vistas del espacio p\u00fablico.No se permite tender directamente por la ventana, aunque sea a un patio de manzanas.<\/li>\n<\/ul>\n\n\n\n<p>Algunas de estas medidas se incumplen actualmente debido a que las normativas son cada vez m\u00e1s restrictivas con el paso del tiempo.<\/p>\n\n\n\n<div style=\"height:38px\" aria-hidden=\"true\" class=\"wp-block-spacer\"><\/div>\n\n\n\n<h3 class=\"wp-block-heading\"><strong>Plan General de Ordenaci\u00f3n Municipal<\/strong><\/h3>\n\n\n\n<p>Se refiere al plan de edificaci\u00f3n propio de cada municipio. Deberemos saber si el <strong>tipo de suelo donde se ubica el local es compatible con el uso de vivienda.<\/strong>Si el local se ubica en un <strong>edificio de viviendas<\/strong>, suele aprobarse. Sin embargo, suele haber impedimento si la transformaci\u00f3n se pretende realizar en un edificio de oficinas, centro comercial o edificaciones no residenciales.<\/p>\n\n\n\n<div style=\"height:40px\" aria-hidden=\"true\" class=\"wp-block-spacer\"><\/div>\n\n\n<div class=\"wp-block-image\">\n<figure class=\"aligncenter size-full\"><img decoding=\"async\" width=\"768\" height=\"1024\" src=\"https:\/\/inandoutarchitects.com\/wp-content\/uploads\/2023\/09\/IMG_6124-768x1024-1.jpg\" alt=\"reforma local\" class=\"wp-image-896\" srcset=\"https:\/\/inandoutarchitects.com\/wp-content\/uploads\/2023\/09\/IMG_6124-768x1024-1.jpg 768w, https:\/\/inandoutarchitects.com\/wp-content\/uploads\/2023\/09\/IMG_6124-768x1024-1-600x800.jpg 600w, https:\/\/inandoutarchitects.com\/wp-content\/uploads\/2023\/09\/IMG_6124-768x1024-1-225x300.jpg 225w\" sizes=\"(max-width: 768px) 100vw, 768px\" \/><figcaption class=\"wp-element-caption\">reforma local<\/figcaption><\/figure>\n<\/div>\n\n\n<div style=\"height:40px\" aria-hidden=\"true\" class=\"wp-block-spacer\"><\/div>\n\n\n\n<h2 class=\"wp-block-heading has-text-align-center has-luminous-vivid-amber-background-color has-background\"><strong>Obras y tr\u00e1mites finales del cambio de uso de local a vivienda en Barcelona<\/strong><\/h2>\n\n\n\n<div style=\"height:40px\" aria-hidden=\"true\" class=\"wp-block-spacer\"><\/div>\n\n\n\n<p>Antes de iniciar las obras es imprescindible presentar el proyecto al ayuntamiento. Una vez aprobado, se deben pagar las <strong>tasas para obtener la licencia municipal.&nbsp;<\/strong><\/p>\n\n\n\n<p>Este tipo de obras se consideran <strong>obra de edificaci\u00f3n<\/strong> (<strong>obra mayor<\/strong>). Esto implica la contrataci\u00f3n de una empresa cualificada que asumir\u00e1 las siguientes responsabilidades:<\/p>\n\n\n\n<ul class=\"wp-block-list\">\n<li>Dar de alta la obra.<\/li>\n\n\n\n<li>Gestionar los residuos de forma adecuada.<\/li>\n\n\n\n<li>Realizar un plan de seguridad y salud.<\/li>\n\n\n\n<li>Certificar el final de obra.<\/li>\n<\/ul>\n\n\n\n<p>Una vez finalizada la obra, se deber\u00e1 presentar el certificado de final de obra en el ayuntamiento. A continuaci\u00f3n se tramitar\u00e1 la <a href=\"https:\/\/web.gencat.cat\/es\/tramits\/tramits-temes\/Cedula-dhabitabilitat-de-primera-ocupacio\" target=\"_blank\" rel=\"noreferrer noopener\"><strong>C\u00e9dula de Habitabilidad<\/strong><\/a> para solicitar la <strong>licencia de primera ocupaci\u00f3n.<\/strong>\u00a0<\/p>\n\n\n\n<p>El \u00faltimo tr\u00e1mite es inscribir la nueva vivienda en el <a href=\"https:\/\/www.registradores.org\/directorio\/-\/registros\/propiedad\/barcelona\" target=\"_blank\" rel=\"noreferrer noopener\"><strong>Registro de la Propiedad<\/strong><\/a> e no <strong>Catastro<\/strong>. Y para ello, previamente se deber\u00e1n formalizar las nuevas <strong>Escrituras ante Notario.<\/strong><\/p>\n\n\n\n<div style=\"height:39px\" aria-hidden=\"true\" class=\"wp-block-spacer\"><\/div>\n\n\n\n<h2 class=\"wp-block-heading has-text-align-center has-light-green-cyan-background-color has-background\"><strong>Conclusiones<\/strong><\/h2>\n\n\n\n<div style=\"height:39px\" aria-hidden=\"true\" class=\"wp-block-spacer\"><\/div>\n\n\n\n<p>El <strong>cambio de uso de un local a vivienda en Barcelona suele ser muy rentable.<\/strong> El precio del suelo en la ciudad condal es medio-alto y para muchos barceloneses esta soluci\u00f3n es perfecta.&nbsp;<\/p>\n\n\n\n<p>Por otro lado, la <strong>conversi\u00f3n de un local en vivienda<\/strong> ofrece una serie de potenciales beneficios para el propietario: rentabilidad, adaptaci\u00f3n a cambios en la demanda de mercado, aumento del valor de la propiedad, flexibilidad de uso, etc.<\/p>\n\n\n\n<p>Para <strong>In&amp;Out Architects, realizar un Proyecto de cambio de uso de local a vivienda en Barcelona<\/strong> es, adem\u00e1s, conceder una nueva vida a un inmueble. Es optimizar los recursos materiales para convertir un espacio comercial en un verdadero hogar en una ciudad\/provincia con una densidad residencial elevada.<\/p>\n\n\n\n<p>Si tienes un local vac\u00edo y quieres reconvertirlo, contacta con nosotras a trav\u00e9s de nuestro <a href=\"https:\/\/inandoutarchitects.com\/pt\/consultorias\/\" target=\"_blank\" rel=\"noreferrer noopener\"><strong>Servicio de Consultor\u00eda<\/strong><\/a>. Nos ponemos a tu disposici\u00f3n para realizar valoraciones y consultas sobre los cambios a los que pueda someterse ese local que tienes en mente.\u00a0\u00a0<\/p>\n\n\n\n<p>Conf\u00eda en nosotras, tenemos miles de ideas para <strong>crear tu nueva vivienda<\/strong>.<\/p>\n\n\n\n<div style=\"height:95px\" aria-hidden=\"true\" class=\"wp-block-spacer\"><\/div>\n\n\n<div class=\"wp-block-image\">\n<figure class=\"aligncenter size-large is-resized\"><a href=\"https:\/\/inandoutarchitects.com\/pt\/nosotras\/\" target=\"_blank\" rel=\"noreferrer noopener\"><img loading=\"lazy\" decoding=\"async\" width=\"1024\" height=\"1024\" src=\"https:\/\/inandoutarchitects.com\/wp-content\/uploads\/2023\/09\/OFIJ3758-1024x1024.jpg\" alt=\"In&amp;Out Architects\" class=\"wp-image-981\" style=\"width:416px;height:auto\" srcset=\"https:\/\/inandoutarchitects.com\/wp-content\/uploads\/2023\/09\/OFIJ3758-1024x1024.jpg 1024w, https:\/\/inandoutarchitects.com\/wp-content\/uploads\/2023\/09\/OFIJ3758-300x300.jpg 300w, https:\/\/inandoutarchitects.com\/wp-content\/uploads\/2023\/09\/OFIJ3758-100x100.jpg 100w, https:\/\/inandoutarchitects.com\/wp-content\/uploads\/2023\/09\/OFIJ3758-600x600.jpg 600w, https:\/\/inandoutarchitects.com\/wp-content\/uploads\/2023\/09\/OFIJ3758-150x150.jpg 150w, https:\/\/inandoutarchitects.com\/wp-content\/uploads\/2023\/09\/OFIJ3758-768x768.jpg 768w, https:\/\/inandoutarchitects.com\/wp-content\/uploads\/2023\/09\/OFIJ3758-650x650.jpg 650w, https:\/\/inandoutarchitects.com\/wp-content\/uploads\/2023\/09\/OFIJ3758.jpg 1134w\" sizes=\"(max-width: 1024px) 100vw, 1024px\" \/><\/a><figcaption class=\"wp-element-caption\">In&amp;Out Architects<\/figcaption><\/figure>\n<\/div>\n\n\n<div style=\"height:78px\" aria-hidden=\"true\" class=\"wp-block-spacer\"><\/div>\n\n\n\n<p><\/p>","protected":false},"excerpt":{"rendered":"<p>Descubre c\u00f3mo realizar el cambio de uso de local a vivienda en Barcelona. Evaluaci\u00f3n, permisos y tr\u00e1mites, todo lo que necesitas saber.<\/p>","protected":false},"author":4,"featured_media":706,"comment_status":"closed","ping_status":"closed","sticky":false,"template":"","format":"standard","meta":{"inline_featured_image":false,"_monsterinsights_skip_tracking":false,"_monsterinsights_sitenote_active":false,"_monsterinsights_sitenote_note":"","_monsterinsights_sitenote_category":0,"_uf_show_specific_survey":0,"_uf_disable_surveys":false,"_jetpack_memberships_contains_paid_content":false,"footnotes":""},"categories":[19,11,12,13,14,15],"tags":[224,228,236,246,89,226,229,221,222,223,239,238,225,242,237,233,244,249,219,234,248,243,241,240,230,247,231,232,235,245,227,220],"class_list":["post-2204","post","type-post","status-publish","format-standard","has-post-thumbnail","hentry","category-arquitectura","category-compra-y-venta-de-inmuebles","category-interiorismo","category-reforma-integral","category-rehabilitacion","category-vivienda","tag-accesibilidad-y-condiciones-esenciales-del-local","tag-arquitecto-colegiado","tag-cambio-de-uso-de-local-a-vivienda","tag-catastro","tag-cedula-de-habitabilidad","tag-compatibilidad-urbanistica","tag-comunidad-de-propietarios","tag-convertir-un-local-comercial-en-una-acogedora-vivienda","tag-convertir-un-local-en-vivienda-habitable","tag-convertir-un-local-u-oficina-en-una-vivienda","tag-diseno-funcional-y-estetico","tag-edificio-de-viviendas","tag-eleccion-del-local","tag-escrituras-ante-notario","tag-espacio-habitable","tag-instalaciones-sanitarias","tag-licencia-de-primera-ocupacion","tag-local-vacio","tag-normativa-cambio-de-uso-local-a-vivienda","tag-normativas-de-habitabilidad","tag-nueva-vivienda","tag-obra-de-edificacion","tag-obra-mayor","tag-planificacion-y-gestion-del-proyecto","tag-proyecto-del-arquitecto","tag-reconvertir-un-local-en-vivienda","tag-seguridad-estructural","tag-seleccionar-el-local","tag-tasas-para-obtener-la-licencia-municipal","tag-transformacion-de-un-local-en-vivienda","tag-ubicacion","tag-viabilidad-del-proyecto"],"yoast_head":"<!-- This site is optimized with the Yoast SEO plugin v27.5 - https:\/\/yoast.com\/product\/yoast-seo-wordpress\/ -->\n<title>Gu\u00eda: Cambio de Uso de Local a Vivienda en Barcelona. 4 Claves<\/title>\n<meta name=\"description\" content=\"Descubre c\u00f3mo realizar el cambio de uso de local a vivienda en Barcelona. Evaluaci\u00f3n, permisos y tr\u00e1mites, todo lo que necesitas saber.\" \/>\n<meta name=\"robots\" content=\"index, follow, max-snippet:-1, max-image-preview:large, max-video-preview:-1\" \/>\n<link rel=\"canonical\" href=\"https:\/\/inandoutarchitects.com\/pt\/cambio-uso-local-a-vivienda-barcelona\/\" \/>\n<meta property=\"og:locale\" content=\"pt_BR\" \/>\n<meta property=\"og:type\" content=\"article\" \/>\n<meta property=\"og:title\" content=\"Gu\u00eda: Cambio de Uso de Local a Vivienda en Barcelona. 4 Claves\" \/>\n<meta property=\"og:description\" content=\"Descubre c\u00f3mo realizar el cambio de uso de local a vivienda en Barcelona. Evaluaci\u00f3n, permisos y tr\u00e1mites, todo lo que necesitas saber.\" \/>\n<meta property=\"og:url\" content=\"https:\/\/inandoutarchitects.com\/pt\/cambio-uso-local-a-vivienda-barcelona\/\" \/>\n<meta property=\"og:site_name\" content=\"In&amp;Out Architects\" \/>\n<meta property=\"article:published_time\" content=\"2024-03-06T08:38:04+00:00\" \/>\n<meta property=\"article:modified_time\" content=\"2025-05-02T07:52:53+00:00\" \/>\n<meta property=\"og:image\" content=\"https:\/\/inandoutarchitects.com\/wp-content\/uploads\/2023\/08\/Sin-titulo-1_0001_pexels-max-rahubovskiy-8092190.jpg\" \/>\n\t<meta property=\"og:image:width\" content=\"1400\" \/>\n\t<meta property=\"og:image:height\" content=\"800\" \/>\n\t<meta property=\"og:image:type\" content=\"image\/jpeg\" \/>\n<meta name=\"author\" content=\"SARAH FERRONATO FEDRIZZI\" \/>\n<meta name=\"twitter:card\" content=\"summary_large_image\" \/>\n<meta name=\"twitter:label1\" content=\"Escrito por\" \/>\n\t<meta name=\"twitter:data1\" content=\"SARAH FERRONATO FEDRIZZI\" \/>\n\t<meta name=\"twitter:label2\" content=\"Est. tempo de leitura\" \/>\n\t<meta name=\"twitter:data2\" content=\"9 minutos\" \/>\n<script type=\"application\/ld+json\" class=\"yoast-schema-graph\">{\"@context\":\"https:\\\/\\\/schema.org\",\"@graph\":[{\"@type\":\"Article\",\"@id\":\"https:\\\/\\\/inandoutarchitects.com\\\/cambio-uso-local-a-vivienda-barcelona\\\/#article\",\"isPartOf\":{\"@id\":\"https:\\\/\\\/inandoutarchitects.com\\\/cambio-uso-local-a-vivienda-barcelona\\\/\"},\"author\":{\"name\":\"SARAH FERRONATO FEDRIZZI\",\"@id\":\"https:\\\/\\\/inandoutarchitects.com\\\/#\\\/schema\\\/person\\\/ac0e5468d21023050b0c25d8386e44e3\"},\"headline\":\"CUATRO PASOS PARA CONVERTIR UN LOCAL COMERCIAL EN UNA ACOGEDORA VIVIENDA EN BARCELONA\",\"datePublished\":\"2024-03-06T08:38:04+00:00\",\"dateModified\":\"2025-05-02T07:52:53+00:00\",\"mainEntityOfPage\":{\"@id\":\"https:\\\/\\\/inandoutarchitects.com\\\/cambio-uso-local-a-vivienda-barcelona\\\/\"},\"wordCount\":1784,\"publisher\":{\"@id\":\"https:\\\/\\\/inandoutarchitects.com\\\/#organization\"},\"image\":{\"@id\":\"https:\\\/\\\/inandoutarchitects.com\\\/cambio-uso-local-a-vivienda-barcelona\\\/#primaryimage\"},\"thumbnailUrl\":\"https:\\\/\\\/inandoutarchitects.com\\\/wp-content\\\/uploads\\\/2023\\\/08\\\/Sin-titulo-1_0001_pexels-max-rahubovskiy-8092190.jpg\",\"keywords\":[\"accesibilidad y condiciones esenciales del local\",\"arquitecto colegiado\",\"cambio de uso de local a vivienda\",\"Catastro\",\"c\u00e9dula de habitabilidad\",\"compatibilidad urban\u00edstica\",\"comunidad de propietarios\",\"convertir un local comercial en una acogedora vivienda\",\"convertir un local en vivienda habitable\",\"convertir un local u oficina en una vivienda\",\"dise\u00f1o funcional y est\u00e9tico\",\"edificio de viviendas\",\"elecci\u00f3n del local\",\"Escrituras ante Notario\",\"espacio habitable\",\"instalaciones sanitarias\",\"licencia de primera ocupaci\u00f3n\",\"local vac\u00edo\",\"normativa cambio de uso local a vivienda\",\"normativas de habitabilidad\",\"nueva vivienda\",\"obra de edificaci\u00f3n\",\"obra mayor\",\"planificaci\u00f3n y gesti\u00f3n del proyecto\",\"proyecto del arquitecto\",\"reconvertir un local en vivienda\",\"seguridad estructural\",\"seleccionar el local\",\"tasas para obtener la licencia municipal\",\"transformaci\u00f3n de un local en vivienda\",\"ubicaci\u00f3n\",\"viabilidad del proyecto\"],\"articleSection\":[\"Arquitectura\",\"Compra y Venta De Inmuebles\",\"Interiorismo\",\"Reforma Integral\",\"Rehabilitaci\u00f3n\",\"Vivienda\"],\"inLanguage\":\"pt-BR\"},{\"@type\":\"WebPage\",\"@id\":\"https:\\\/\\\/inandoutarchitects.com\\\/cambio-uso-local-a-vivienda-barcelona\\\/\",\"url\":\"https:\\\/\\\/inandoutarchitects.com\\\/cambio-uso-local-a-vivienda-barcelona\\\/\",\"name\":\"Gu\u00eda: Cambio de Uso de Local a Vivienda en Barcelona. 4 Claves\",\"isPartOf\":{\"@id\":\"https:\\\/\\\/inandoutarchitects.com\\\/#website\"},\"primaryImageOfPage\":{\"@id\":\"https:\\\/\\\/inandoutarchitects.com\\\/cambio-uso-local-a-vivienda-barcelona\\\/#primaryimage\"},\"image\":{\"@id\":\"https:\\\/\\\/inandoutarchitects.com\\\/cambio-uso-local-a-vivienda-barcelona\\\/#primaryimage\"},\"thumbnailUrl\":\"https:\\\/\\\/inandoutarchitects.com\\\/wp-content\\\/uploads\\\/2023\\\/08\\\/Sin-titulo-1_0001_pexels-max-rahubovskiy-8092190.jpg\",\"datePublished\":\"2024-03-06T08:38:04+00:00\",\"dateModified\":\"2025-05-02T07:52:53+00:00\",\"description\":\"Descubre c\u00f3mo realizar el cambio de uso de local a vivienda en Barcelona. Evaluaci\u00f3n, permisos y tr\u00e1mites, todo lo que necesitas saber.\",\"breadcrumb\":{\"@id\":\"https:\\\/\\\/inandoutarchitects.com\\\/cambio-uso-local-a-vivienda-barcelona\\\/#breadcrumb\"},\"inLanguage\":\"pt-BR\",\"potentialAction\":[{\"@type\":\"ReadAction\",\"target\":[\"https:\\\/\\\/inandoutarchitects.com\\\/cambio-uso-local-a-vivienda-barcelona\\\/\"]}]},{\"@type\":\"ImageObject\",\"inLanguage\":\"pt-BR\",\"@id\":\"https:\\\/\\\/inandoutarchitects.com\\\/cambio-uso-local-a-vivienda-barcelona\\\/#primaryimage\",\"url\":\"https:\\\/\\\/inandoutarchitects.com\\\/wp-content\\\/uploads\\\/2023\\\/08\\\/Sin-titulo-1_0001_pexels-max-rahubovskiy-8092190.jpg\",\"contentUrl\":\"https:\\\/\\\/inandoutarchitects.com\\\/wp-content\\\/uploads\\\/2023\\\/08\\\/Sin-titulo-1_0001_pexels-max-rahubovskiy-8092190.jpg\",\"width\":1400,\"height\":800,\"caption\":\"consultorias\"},{\"@type\":\"BreadcrumbList\",\"@id\":\"https:\\\/\\\/inandoutarchitects.com\\\/cambio-uso-local-a-vivienda-barcelona\\\/#breadcrumb\",\"itemListElement\":[{\"@type\":\"ListItem\",\"position\":1,\"name\":\"Portada\",\"item\":\"https:\\\/\\\/inandoutarchitects.com\\\/\"},{\"@type\":\"ListItem\",\"position\":2,\"name\":\"CUATRO PASOS PARA CONVERTIR UN LOCAL COMERCIAL EN UNA ACOGEDORA VIVIENDA EN BARCELONA\"}]},{\"@type\":\"WebSite\",\"@id\":\"https:\\\/\\\/inandoutarchitects.com\\\/#website\",\"url\":\"https:\\\/\\\/inandoutarchitects.com\\\/\",\"name\":\"In&amp;Out Architects\",\"description\":\"\",\"publisher\":{\"@id\":\"https:\\\/\\\/inandoutarchitects.com\\\/#organization\"},\"potentialAction\":[{\"@type\":\"SearchAction\",\"target\":{\"@type\":\"EntryPoint\",\"urlTemplate\":\"https:\\\/\\\/inandoutarchitects.com\\\/?s={search_term_string}\"},\"query-input\":{\"@type\":\"PropertyValueSpecification\",\"valueRequired\":true,\"valueName\":\"search_term_string\"}}],\"inLanguage\":\"pt-BR\"},{\"@type\":\"Organization\",\"@id\":\"https:\\\/\\\/inandoutarchitects.com\\\/#organization\",\"name\":\"In&amp;Out Architects\",\"url\":\"https:\\\/\\\/inandoutarchitects.com\\\/\",\"logo\":{\"@type\":\"ImageObject\",\"inLanguage\":\"pt-BR\",\"@id\":\"https:\\\/\\\/inandoutarchitects.com\\\/#\\\/schema\\\/logo\\\/image\\\/\",\"url\":\"https:\\\/\\\/inandoutarchitects.com\\\/wp-content\\\/uploads\\\/2023\\\/08\\\/cropped-Enmascarar-grupo-8.png\",\"contentUrl\":\"https:\\\/\\\/inandoutarchitects.com\\\/wp-content\\\/uploads\\\/2023\\\/08\\\/cropped-Enmascarar-grupo-8.png\",\"width\":83,\"height\":83,\"caption\":\"In&amp;Out Architects\"},\"image\":{\"@id\":\"https:\\\/\\\/inandoutarchitects.com\\\/#\\\/schema\\\/logo\\\/image\\\/\"}},{\"@type\":\"Person\",\"@id\":\"https:\\\/\\\/inandoutarchitects.com\\\/#\\\/schema\\\/person\\\/ac0e5468d21023050b0c25d8386e44e3\",\"name\":\"SARAH FERRONATO FEDRIZZI\",\"image\":{\"@type\":\"ImageObject\",\"inLanguage\":\"pt-BR\",\"@id\":\"https:\\\/\\\/secure.gravatar.com\\\/avatar\\\/f858b6c2e5379f074de926ae7bf052407f9b76a4c2f5ae3ecd0a2b3a949a2d51?s=96&d=mm&r=g\",\"url\":\"https:\\\/\\\/secure.gravatar.com\\\/avatar\\\/f858b6c2e5379f074de926ae7bf052407f9b76a4c2f5ae3ecd0a2b3a949a2d51?s=96&d=mm&r=g\",\"contentUrl\":\"https:\\\/\\\/secure.gravatar.com\\\/avatar\\\/f858b6c2e5379f074de926ae7bf052407f9b76a4c2f5ae3ecd0a2b3a949a2d51?s=96&d=mm&r=g\",\"caption\":\"SARAH FERRONATO FEDRIZZI\"},\"url\":\"https:\\\/\\\/inandoutarchitects.com\\\/pt\\\/author\\\/sarah\\\/\"}]}<\/script>\n<!-- \/ Yoast SEO plugin. -->","yoast_head_json":{"title":"Gu\u00eda: Cambio de Uso de Local a Vivienda en Barcelona. 4 Claves","description":"Descubre c\u00f3mo realizar el cambio de uso de local a vivienda en Barcelona. Evaluaci\u00f3n, permisos y tr\u00e1mites, todo lo que necesitas saber.","robots":{"index":"index","follow":"follow","max-snippet":"max-snippet:-1","max-image-preview":"max-image-preview:large","max-video-preview":"max-video-preview:-1"},"canonical":"https:\/\/inandoutarchitects.com\/pt\/cambio-uso-local-a-vivienda-barcelona\/","og_locale":"pt_BR","og_type":"article","og_title":"Gu\u00eda: Cambio de Uso de Local a Vivienda en Barcelona. 4 Claves","og_description":"Descubre c\u00f3mo realizar el cambio de uso de local a vivienda en Barcelona. Evaluaci\u00f3n, permisos y tr\u00e1mites, todo lo que necesitas saber.","og_url":"https:\/\/inandoutarchitects.com\/pt\/cambio-uso-local-a-vivienda-barcelona\/","og_site_name":"In&amp;Out Architects","article_published_time":"2024-03-06T08:38:04+00:00","article_modified_time":"2025-05-02T07:52:53+00:00","og_image":[{"width":1400,"height":800,"url":"https:\/\/inandoutarchitects.com\/wp-content\/uploads\/2023\/08\/Sin-titulo-1_0001_pexels-max-rahubovskiy-8092190.jpg","type":"image\/jpeg"}],"author":"SARAH FERRONATO FEDRIZZI","twitter_card":"summary_large_image","twitter_misc":{"Escrito por":"SARAH FERRONATO FEDRIZZI","Est. tempo de leitura":"9 minutos"},"schema":{"@context":"https:\/\/schema.org","@graph":[{"@type":"Article","@id":"https:\/\/inandoutarchitects.com\/cambio-uso-local-a-vivienda-barcelona\/#article","isPartOf":{"@id":"https:\/\/inandoutarchitects.com\/cambio-uso-local-a-vivienda-barcelona\/"},"author":{"name":"SARAH FERRONATO FEDRIZZI","@id":"https:\/\/inandoutarchitects.com\/#\/schema\/person\/ac0e5468d21023050b0c25d8386e44e3"},"headline":"CUATRO PASOS PARA CONVERTIR UN LOCAL COMERCIAL EN UNA ACOGEDORA VIVIENDA EN BARCELONA","datePublished":"2024-03-06T08:38:04+00:00","dateModified":"2025-05-02T07:52:53+00:00","mainEntityOfPage":{"@id":"https:\/\/inandoutarchitects.com\/cambio-uso-local-a-vivienda-barcelona\/"},"wordCount":1784,"publisher":{"@id":"https:\/\/inandoutarchitects.com\/#organization"},"image":{"@id":"https:\/\/inandoutarchitects.com\/cambio-uso-local-a-vivienda-barcelona\/#primaryimage"},"thumbnailUrl":"https:\/\/inandoutarchitects.com\/wp-content\/uploads\/2023\/08\/Sin-titulo-1_0001_pexels-max-rahubovskiy-8092190.jpg","keywords":["accesibilidad y condiciones esenciales del local","arquitecto colegiado","cambio de uso de local a vivienda","Catastro","c\u00e9dula de habitabilidad","compatibilidad urban\u00edstica","comunidad de propietarios","convertir un local comercial en una acogedora vivienda","convertir un local en vivienda habitable","convertir un local u oficina en una vivienda","dise\u00f1o funcional y est\u00e9tico","edificio de viviendas","elecci\u00f3n del local","Escrituras ante Notario","espacio habitable","instalaciones sanitarias","licencia de primera ocupaci\u00f3n","local vac\u00edo","normativa cambio de uso local a vivienda","normativas de habitabilidad","nueva vivienda","obra de edificaci\u00f3n","obra mayor","planificaci\u00f3n y gesti\u00f3n del proyecto","proyecto del arquitecto","reconvertir un local en vivienda","seguridad estructural","seleccionar el local","tasas para obtener la licencia municipal","transformaci\u00f3n de un local en vivienda","ubicaci\u00f3n","viabilidad del proyecto"],"articleSection":["Arquitectura","Compra y Venta De Inmuebles","Interiorismo","Reforma Integral","Rehabilitaci\u00f3n","Vivienda"],"inLanguage":"pt-BR"},{"@type":"WebPage","@id":"https:\/\/inandoutarchitects.com\/cambio-uso-local-a-vivienda-barcelona\/","url":"https:\/\/inandoutarchitects.com\/cambio-uso-local-a-vivienda-barcelona\/","name":"Gu\u00eda: Cambio de Uso de Local a Vivienda en Barcelona. 4 Claves","isPartOf":{"@id":"https:\/\/inandoutarchitects.com\/#website"},"primaryImageOfPage":{"@id":"https:\/\/inandoutarchitects.com\/cambio-uso-local-a-vivienda-barcelona\/#primaryimage"},"image":{"@id":"https:\/\/inandoutarchitects.com\/cambio-uso-local-a-vivienda-barcelona\/#primaryimage"},"thumbnailUrl":"https:\/\/inandoutarchitects.com\/wp-content\/uploads\/2023\/08\/Sin-titulo-1_0001_pexels-max-rahubovskiy-8092190.jpg","datePublished":"2024-03-06T08:38:04+00:00","dateModified":"2025-05-02T07:52:53+00:00","description":"Descubre c\u00f3mo realizar el cambio de uso de local a vivienda en Barcelona. Evaluaci\u00f3n, permisos y tr\u00e1mites, todo lo que necesitas saber.","breadcrumb":{"@id":"https:\/\/inandoutarchitects.com\/cambio-uso-local-a-vivienda-barcelona\/#breadcrumb"},"inLanguage":"pt-BR","potentialAction":[{"@type":"ReadAction","target":["https:\/\/inandoutarchitects.com\/cambio-uso-local-a-vivienda-barcelona\/"]}]},{"@type":"ImageObject","inLanguage":"pt-BR","@id":"https:\/\/inandoutarchitects.com\/cambio-uso-local-a-vivienda-barcelona\/#primaryimage","url":"https:\/\/inandoutarchitects.com\/wp-content\/uploads\/2023\/08\/Sin-titulo-1_0001_pexels-max-rahubovskiy-8092190.jpg","contentUrl":"https:\/\/inandoutarchitects.com\/wp-content\/uploads\/2023\/08\/Sin-titulo-1_0001_pexels-max-rahubovskiy-8092190.jpg","width":1400,"height":800,"caption":"consultorias"},{"@type":"BreadcrumbList","@id":"https:\/\/inandoutarchitects.com\/cambio-uso-local-a-vivienda-barcelona\/#breadcrumb","itemListElement":[{"@type":"ListItem","position":1,"name":"Portada","item":"https:\/\/inandoutarchitects.com\/"},{"@type":"ListItem","position":2,"name":"CUATRO PASOS PARA CONVERTIR UN LOCAL COMERCIAL EN UNA ACOGEDORA VIVIENDA EN BARCELONA"}]},{"@type":"WebSite","@id":"https:\/\/inandoutarchitects.com\/#website","url":"https:\/\/inandoutarchitects.com\/","name":"In&amp;Out Architects","description":"","publisher":{"@id":"https:\/\/inandoutarchitects.com\/#organization"},"potentialAction":[{"@type":"SearchAction","target":{"@type":"EntryPoint","urlTemplate":"https:\/\/inandoutarchitects.com\/?s={search_term_string}"},"query-input":{"@type":"PropertyValueSpecification","valueRequired":true,"valueName":"search_term_string"}}],"inLanguage":"pt-BR"},{"@type":"Organization","@id":"https:\/\/inandoutarchitects.com\/#organization","name":"In&amp;Out Architects","url":"https:\/\/inandoutarchitects.com\/","logo":{"@type":"ImageObject","inLanguage":"pt-BR","@id":"https:\/\/inandoutarchitects.com\/#\/schema\/logo\/image\/","url":"https:\/\/inandoutarchitects.com\/wp-content\/uploads\/2023\/08\/cropped-Enmascarar-grupo-8.png","contentUrl":"https:\/\/inandoutarchitects.com\/wp-content\/uploads\/2023\/08\/cropped-Enmascarar-grupo-8.png","width":83,"height":83,"caption":"In&amp;Out Architects"},"image":{"@id":"https:\/\/inandoutarchitects.com\/#\/schema\/logo\/image\/"}},{"@type":"Person","@id":"https:\/\/inandoutarchitects.com\/#\/schema\/person\/ac0e5468d21023050b0c25d8386e44e3","name":"SARAH FERRONATO FEDRIZZI","image":{"@type":"ImageObject","inLanguage":"pt-BR","@id":"https:\/\/secure.gravatar.com\/avatar\/f858b6c2e5379f074de926ae7bf052407f9b76a4c2f5ae3ecd0a2b3a949a2d51?s=96&d=mm&r=g","url":"https:\/\/secure.gravatar.com\/avatar\/f858b6c2e5379f074de926ae7bf052407f9b76a4c2f5ae3ecd0a2b3a949a2d51?s=96&d=mm&r=g","contentUrl":"https:\/\/secure.gravatar.com\/avatar\/f858b6c2e5379f074de926ae7bf052407f9b76a4c2f5ae3ecd0a2b3a949a2d51?s=96&d=mm&r=g","caption":"SARAH FERRONATO FEDRIZZI"},"url":"https:\/\/inandoutarchitects.com\/pt\/author\/sarah\/"}]}},"jetpack_featured_media_url":"https:\/\/inandoutarchitects.com\/wp-content\/uploads\/2023\/08\/Sin-titulo-1_0001_pexels-max-rahubovskiy-8092190.jpg","jetpack_sharing_enabled":true,"_links":{"self":[{"href":"https:\/\/inandoutarchitects.com\/pt\/wp-json\/wp\/v2\/posts\/2204","targetHints":{"allow":["GET"]}}],"collection":[{"href":"https:\/\/inandoutarchitects.com\/pt\/wp-json\/wp\/v2\/posts"}],"about":[{"href":"https:\/\/inandoutarchitects.com\/pt\/wp-json\/wp\/v2\/types\/post"}],"author":[{"embeddable":true,"href":"https:\/\/inandoutarchitects.com\/pt\/wp-json\/wp\/v2\/users\/4"}],"replies":[{"embeddable":true,"href":"https:\/\/inandoutarchitects.com\/pt\/wp-json\/wp\/v2\/comments?post=2204"}],"version-history":[{"count":14,"href":"https:\/\/inandoutarchitects.com\/pt\/wp-json\/wp\/v2\/posts\/2204\/revisions"}],"predecessor-version":[{"id":2672,"href":"https:\/\/inandoutarchitects.com\/pt\/wp-json\/wp\/v2\/posts\/2204\/revisions\/2672"}],"wp:featuredmedia":[{"embeddable":true,"href":"https:\/\/inandoutarchitects.com\/pt\/wp-json\/wp\/v2\/media\/706"}],"wp:attachment":[{"href":"https:\/\/inandoutarchitects.com\/pt\/wp-json\/wp\/v2\/media?parent=2204"}],"wp:term":[{"taxonomy":"category","embeddable":true,"href":"https:\/\/inandoutarchitects.com\/pt\/wp-json\/wp\/v2\/categories?post=2204"},{"taxonomy":"post_tag","embeddable":true,"href":"https:\/\/inandoutarchitects.com\/pt\/wp-json\/wp\/v2\/tags?post=2204"}],"curies":[{"name":"wp","href":"https:\/\/api.w.org\/{rel}","templated":true}]}}