{"id":4503,"date":"2025-12-20T14:13:32","date_gmt":"2025-12-20T14:13:32","guid":{"rendered":"https:\/\/inandoutarchitects.com\/?p=4503"},"modified":"2025-12-20T14:53:41","modified_gmt":"2025-12-20T14:53:41","slug":"barcelona-neighbourhoods-to-live-2026","status":"publish","type":"post","link":"https:\/\/inandoutarchitects.com\/en\/barcelona-neighbourhoods-to-live-2026\/","title":{"rendered":"NEIGHBOURHOODS OF BARCELONA TO LIVE IN: A GUIDE TO MOVING TO BARCELONA"},"content":{"rendered":"<h4 class=\"wp-block-heading\"><strong>Barcelona neighbourhoods to live in<\/strong> \u2014 this guide helps you choose with confidence. Moving to <a href=\"https:\/\/www.barcelona.cat\/es\/vivir-en-bcn\/vive-el-barrio\" target=\"_blank\" rel=\"noreferrer noopener\">Barcelona <\/a>means choosing how you want to experience the city: strolling under the plane trees of the Eixample, the tranquillity of Sarri\u00e0, and the Mediterranean just a stone\u2019s throw away in Poblenou. We analyse each area using the same parameters (parks, safety when walking, promenades, sea or mountain, airport, noise, hospitals, lifestyle) and begin by telling you what each neighbourhood has to offer.<\/h4>\n\n\n\n<div style=\"height:31px\" aria-hidden=\"true\" class=\"wp-block-spacer\"><\/div>\n\n\n\n<h3 class=\"wp-block-heading has-text-align-center has-luminous-vivid-amber-background-color has-background\"><strong><strong><strong><strong><strong>We are architects and interior designers. If you\u2019re deciding where to live in Barcelona and want to validate a property before buying (structure, regulations, renovation and costs), book our pre-purchase consultancy or tell us about your full renovation project.<\/strong><\/strong><\/strong><\/strong><\/strong><\/h3>\n\n\n\n<div style=\"height:28px\" aria-hidden=\"true\" class=\"wp-block-spacer\"><\/div>\n\n\n<div class=\"wp-block-image\">\n<figure class=\"aligncenter size-large\"><img fetchpriority=\"high\" decoding=\"async\" width=\"1024\" height=\"730\" src=\"https:\/\/inandoutarchitects.com\/wp-content\/uploads\/2025\/12\/0_map_es-1024x730.jpg\" alt=\"\" class=\"wp-image-4528\" srcset=\"https:\/\/inandoutarchitects.com\/wp-content\/uploads\/2025\/12\/0_map_es-1024x730.jpg 1024w, https:\/\/inandoutarchitects.com\/wp-content\/uploads\/2025\/12\/0_map_es-300x214.jpg 300w, https:\/\/inandoutarchitects.com\/wp-content\/uploads\/2025\/12\/0_map_es-768x548.jpg 768w, https:\/\/inandoutarchitects.com\/wp-content\/uploads\/2025\/12\/0_map_es-1536x1095.jpg 1536w, https:\/\/inandoutarchitects.com\/wp-content\/uploads\/2025\/12\/0_map_es-2048x1460.jpg 2048w, https:\/\/inandoutarchitects.com\/wp-content\/uploads\/2025\/12\/0_map_es-18x12.jpg 18w, https:\/\/inandoutarchitects.com\/wp-content\/uploads\/2025\/12\/0_map_es-600x428.jpg 600w\" sizes=\"(max-width: 1024px) 100vw, 1024px\" \/><\/figure>\n<\/div>\n\n\n<div style=\"height:39px\" aria-hidden=\"true\" class=\"wp-block-spacer\"><\/div>\n\n\n\n<h2 class=\"wp-block-heading\"><strong>How to use this guide<\/strong><\/h2>\n\n\n\n<div style=\"height:26px\" aria-hidden=\"true\" class=\"wp-block-spacer\"><\/div>\n\n\n\n<p>Each neighbourhood includes, first, a <strong>brief description<\/strong> (history, character, atmosphere) and then <strong>comparable parameters<\/strong>:<br><strong>Green areas \u00b7 Promenade\/walkway \u00b7 Sea or mountains \u00b7 Airport<\/strong> (car, no traffic) <strong>\u00b7 Noise \u00b7 Safety when walking <\/strong>(general feeling)<strong> \u00b7 Nearby hospitals \u00b7 Who it suits \u00b7 Design rating.<\/strong><\/p>\n\n\n\n<div style=\"height:39px\" aria-hidden=\"true\" class=\"wp-block-spacer\"><\/div>\n\n\n\n<h2 class=\"wp-block-heading\"><strong>Pedralbes (Les Corts)<\/strong><\/h2>\n\n\n\n<p>Discreet villas, international schools and manicured gardens. Pedralbes has the serenity of \u201canother city\u201d within Barcelona: wide doorways, soft light and views of Collserola. The elegance is tranquil; here, the days <strong>pass slowly<\/strong>.<br><\/p>\n\n\n\n<ul class=\"wp-block-list\">\n<li><strong>Green spaces:<\/strong> Palau Reial Gardens, Parc de Cervantes; Collserola minutes away.<\/li>\n\n\n\n<li><strong>Promenade\/boulevard:<\/strong> Wide avenues and gardens; no classic rambla.<\/li>\n\n\n\n<li><strong>Sea or mountain:<\/strong> Mountain very close.<\/li>\n\n\n\n<li><strong>Airport:<\/strong> ~20\u201325 min.<\/li>\n\n\n\n<li><strong>Noise:<\/strong> Low on inner streets.<\/li>\n\n\n\n<li><strong>Perceived safety:<\/strong> High.<\/li>\n\n\n\n<li><strong>Nearby hospitals:<\/strong> Dexeus, Hospital de Barcelona; Sant Joan de D\u00e9u, Teknon (10\u201315 min).<\/li>\n\n\n\n<li><strong>Best for:<\/strong> Families prioritising calm and privacy.<\/li>\n\n\n\n<li><strong>Design note:<\/strong> Indoor\u2013outdoor living, noble woods, solar control.<\/li>\n<\/ul>\n\n\n\n<div style=\"height:44px\" aria-hidden=\"true\" class=\"wp-block-spacer\"><\/div>\n\n\n<div class=\"wp-block-image\">\n<figure class=\"aligncenter size-large\"><img decoding=\"async\" width=\"1024\" height=\"559\" src=\"https:\/\/inandoutarchitects.com\/wp-content\/uploads\/2025\/12\/parque-cervantes-1024x559.jpg\" alt=\"\" class=\"wp-image-4527\" srcset=\"https:\/\/inandoutarchitects.com\/wp-content\/uploads\/2025\/12\/parque-cervantes-1024x559.jpg 1024w, https:\/\/inandoutarchitects.com\/wp-content\/uploads\/2025\/12\/parque-cervantes-300x164.jpg 300w, https:\/\/inandoutarchitects.com\/wp-content\/uploads\/2025\/12\/parque-cervantes-768x419.jpg 768w, https:\/\/inandoutarchitects.com\/wp-content\/uploads\/2025\/12\/parque-cervantes-18x10.jpg 18w, https:\/\/inandoutarchitects.com\/wp-content\/uploads\/2025\/12\/parque-cervantes-600x327.jpg 600w, https:\/\/inandoutarchitects.com\/wp-content\/uploads\/2025\/12\/parque-cervantes.jpg 1299w\" sizes=\"(max-width: 1024px) 100vw, 1024px\" \/><\/figure>\n<\/div>\n\n\n<div style=\"height:29px\" aria-hidden=\"true\" class=\"wp-block-spacer\"><\/div>\n\n\n\n<h2 class=\"wp-block-heading\"><strong>Sarri\u00e0 \u2013 Sant Gervasi&nbsp;<\/strong><\/h2>\n\n\n\n<p>The <strong>classic <\/strong>high-end neighbourhood of Barcelona: local shops, historic doorways and terraces overlooking the city. Among hidden squares and parks, Sarri\u00e0 preserves the residential <strong>Barcelona of yesteryear<\/strong>.<br><\/p>\n\n\n\n<ul class=\"wp-block-list\">\n<li><strong>Green spaces:<\/strong> Tur\u00f3 Park, Putxet, Oreneta, Monterols.<\/li>\n\n\n\n<li><strong>Promenade\/boulevard:<\/strong> Major de Sarri\u00e0, Mandri, neighbourhood high streets.<\/li>\n\n\n\n<li><strong>Sea or mountain:<\/strong> Mountain nearby; fine city views.<\/li>\n\n\n\n<li><strong>Airport:<\/strong> ~20\u201325 min.<\/li>\n\n\n\n<li><strong>Noise:<\/strong> Low\/medium (higher along main arteries).<\/li>\n\n\n\n<li><strong>Perceived safety:<\/strong> High.<\/li>\n\n\n\n<li><strong>Nearby hospitals:<\/strong> Teknon, Corachan, Sant Joan de D\u00e9u.<\/li>\n\n\n\n<li><strong>Best for:<\/strong> Premium residential life with amenities on foot.<\/li>\n\n\n\n<li><strong>Design note:<\/strong> Timeless palette, stone and warm joinery.<\/li>\n<\/ul>\n\n\n\n<div style=\"height:39px\" aria-hidden=\"true\" class=\"wp-block-spacer\"><\/div>\n\n\n<div class=\"wp-block-image\">\n<figure class=\"aligncenter size-large\"><img decoding=\"async\" width=\"1024\" height=\"680\" src=\"https:\/\/inandoutarchitects.com\/wp-content\/uploads\/2025\/12\/TURO-PARK-1024x680.jpg\" alt=\"\" class=\"wp-image-4534\" srcset=\"https:\/\/inandoutarchitects.com\/wp-content\/uploads\/2025\/12\/TURO-PARK-1024x680.jpg 1024w, https:\/\/inandoutarchitects.com\/wp-content\/uploads\/2025\/12\/TURO-PARK-300x199.jpg 300w, https:\/\/inandoutarchitects.com\/wp-content\/uploads\/2025\/12\/TURO-PARK-768x510.jpg 768w, https:\/\/inandoutarchitects.com\/wp-content\/uploads\/2025\/12\/TURO-PARK-1536x1020.jpg 1536w, https:\/\/inandoutarchitects.com\/wp-content\/uploads\/2025\/12\/TURO-PARK-2048x1360.jpg 2048w, https:\/\/inandoutarchitects.com\/wp-content\/uploads\/2025\/12\/TURO-PARK-18x12.jpg 18w, https:\/\/inandoutarchitects.com\/wp-content\/uploads\/2025\/12\/TURO-PARK-600x399.jpg 600w\" sizes=\"(max-width: 1024px) 100vw, 1024px\" \/><\/figure>\n<\/div>\n\n\n<div style=\"height:38px\" aria-hidden=\"true\" class=\"wp-block-spacer\"><\/div>\n\n\n\n<h2 class=\"wp-block-heading\"><strong>Eixample Dreta (Eixample)<\/strong><\/h2>\n\n\n\n<p>Modernism, boulevards and stately portals. Here, the <strong>city dresses up<\/strong>: fa\u00e7ades that tell stories, marble-topped caf\u00e9s and an elegant urban lifestyle that invites you to <strong>stroll around<\/strong>.<\/p>\n\n\n\n<ul class=\"wp-block-list\">\n<li><strong>Green spaces:<\/strong> Parc de la Ciutadella within walking distance; inner-block gardens.<\/li>\n\n\n\n<li><strong>Promenade\/boulevard:<\/strong> Rambla de Catalunya and Passeig de Gr\u00e0cia.<\/li>\n\n\n\n<li><strong>Sea or mountain:<\/strong> Sea 10\u201315 min by car.<\/li>\n\n\n\n<li><strong>Airport:<\/strong> ~20\u201330 min.<\/li>\n\n\n\n<li><strong>Noise:<\/strong> Medium\/high on main roads; low in inner courtyards.<\/li>\n\n\n\n<li><strong>Perceived safety:<\/strong> Good (crowded tourist spots at times).<\/li>\n\n\n\n<li><strong>Nearby hospitals:<\/strong> Sant Pau (NE), Hospital Cl\u00ednic (SW).<\/li>\n\n\n\n<li><strong>Best for:<\/strong> Classic city living near boutiques and top dining.<\/li>\n\n\n\n<li><strong>Design note:<\/strong> Restore hydraulic tiles, mouldings and height.<\/li>\n<\/ul>\n\n\n\n<div style=\"height:45px\" aria-hidden=\"true\" class=\"wp-block-spacer\"><\/div>\n\n\n<div class=\"wp-block-image\">\n<figure class=\"aligncenter size-large\"><img loading=\"lazy\" decoding=\"async\" width=\"1024\" height=\"360\" src=\"https:\/\/inandoutarchitects.com\/wp-content\/uploads\/2025\/12\/illa-de-discordia-scaled-1-1024x360.jpg\" alt=\"\" class=\"wp-image-4533\" srcset=\"https:\/\/inandoutarchitects.com\/wp-content\/uploads\/2025\/12\/illa-de-discordia-scaled-1-1024x360.jpg 1024w, https:\/\/inandoutarchitects.com\/wp-content\/uploads\/2025\/12\/illa-de-discordia-scaled-1-300x106.jpg 300w, https:\/\/inandoutarchitects.com\/wp-content\/uploads\/2025\/12\/illa-de-discordia-scaled-1-768x270.jpg 768w, https:\/\/inandoutarchitects.com\/wp-content\/uploads\/2025\/12\/illa-de-discordia-scaled-1-1536x541.jpg 1536w, https:\/\/inandoutarchitects.com\/wp-content\/uploads\/2025\/12\/illa-de-discordia-scaled-1-2048x721.jpg 2048w, https:\/\/inandoutarchitects.com\/wp-content\/uploads\/2025\/12\/illa-de-discordia-scaled-1-18x6.jpg 18w, https:\/\/inandoutarchitects.com\/wp-content\/uploads\/2025\/12\/illa-de-discordia-scaled-1-600x211.jpg 600w\" sizes=\"(max-width: 1024px) 100vw, 1024px\" \/><\/figure>\n<\/div>\n\n\n<div style=\"height:43px\" aria-hidden=\"true\" class=\"wp-block-spacer\"><\/div>\n\n\n\n<h2 class=\"wp-block-heading\"><strong>Eixample Esquerra (Eixample)<\/strong><\/h2>\n\n\n\n<p>A balance between residential and gastronomy. Esquerra is the Barcelona of <strong>lively neighbourhoods<\/strong>: markets, galleries, indoor squares; here, daily life can be enjoyed without sacrificing the urban experience.<\/p>\n\n\n\n<ul class=\"wp-block-list\">\n<li><strong>Green spaces:<\/strong> Parc Joan Mir\u00f3, inner-block patios; good link to Montju\u00efc.<\/li>\n\n\n\n<li><strong>Promenade\/boulevard:<\/strong> Tree-lined streets; Rambla de Catalunya on the edge.<\/li>\n\n\n\n<li><strong>Sea or mountain:<\/strong> Montju\u00efc close; sea 15\u201320 min.<\/li>\n\n\n\n<li><strong>Airport:<\/strong> ~20\u201325 min.<\/li>\n\n\n\n<li><strong>Noise:<\/strong> Medium (Arag\u00f3\/Gran Via).<\/li>\n\n\n\n<li><strong>Perceived safety:<\/strong> Good.<\/li>\n\n\n\n<li><strong>Nearby hospitals:<\/strong> Hospital Cl\u00ednic.<\/li>\n\n\n\n<li><strong>Best for:<\/strong> Professionals valuing services and walkability.<\/li>\n\n\n\n<li><strong>Design note:<\/strong> Acoustic comfort, climate control, open kitchens.<\/li>\n<\/ul>\n\n\n\n<div style=\"height:43px\" aria-hidden=\"true\" class=\"wp-block-spacer\"><\/div>\n\n\n\n<h2 class=\"wp-block-heading\"><strong>Vila de Gr\u00e0cia (Gr\u00e0cia)<\/strong><\/h2>\n\n\n\n<p>Squares, local festivals and crafts. Gr\u00e0cia retains its <strong>village soul within the city<\/strong>: conversations on street corners, films in their original language and creative workshops. By day, the neighbourhood buzzes with life; by night, its squares come alive.<\/p>\n\n\n\n<ul class=\"wp-block-list\">\n<li><strong>Green spaces:<\/strong> Park G\u00fcell, Creueta del Coll.<\/li>\n\n\n\n<li><strong>Promenade\/boulevard:<\/strong> Verdi and pedestrian axes; Passeig de Sant Joan on the edge.<\/li>\n\n\n\n<li><strong>Sea or mountain:<\/strong> Collserola relatively close.<\/li>\n\n\n\n<li><strong>Airport:<\/strong> ~25\u201330 min.<\/li>\n\n\n\n<li><strong>Noise:<\/strong> Medium (squares); low on quiet interiors.<\/li>\n\n\n\n<li><strong>Perceived safety:<\/strong> Good; some lively spots at night.<\/li>\n\n\n\n<li><strong>Nearby hospitals:<\/strong> Sant Pau, l\u2019Esperan\u00e7a.<\/li>\n\n\n\n<li><strong>Best for:<\/strong> Local life, culture, young families.<\/li>\n\n\n\n<li><strong>Design note:<\/strong> Ceramics, gentle colour, exposed joinery.<\/li>\n<\/ul>\n\n\n\n<div style=\"height:36px\" aria-hidden=\"true\" class=\"wp-block-spacer\"><\/div>\n\n\n<div class=\"wp-block-image\">\n<figure class=\"aligncenter size-large\"><img loading=\"lazy\" decoding=\"async\" width=\"1024\" height=\"686\" src=\"https:\/\/inandoutarchitects.com\/wp-content\/uploads\/2025\/12\/201505PlaA7a-de-la-Vila-de-GrA0cia-web-1024x686.jpg\" alt=\"\" class=\"wp-image-4529\" srcset=\"https:\/\/inandoutarchitects.com\/wp-content\/uploads\/2025\/12\/201505PlaA7a-de-la-Vila-de-GrA0cia-web-1024x686.jpg 1024w, https:\/\/inandoutarchitects.com\/wp-content\/uploads\/2025\/12\/201505PlaA7a-de-la-Vila-de-GrA0cia-web-300x201.jpg 300w, https:\/\/inandoutarchitects.com\/wp-content\/uploads\/2025\/12\/201505PlaA7a-de-la-Vila-de-GrA0cia-web-768x514.jpg 768w, https:\/\/inandoutarchitects.com\/wp-content\/uploads\/2025\/12\/201505PlaA7a-de-la-Vila-de-GrA0cia-web-1536x1029.jpg 1536w, https:\/\/inandoutarchitects.com\/wp-content\/uploads\/2025\/12\/201505PlaA7a-de-la-Vila-de-GrA0cia-web-18x12.jpg 18w, https:\/\/inandoutarchitects.com\/wp-content\/uploads\/2025\/12\/201505PlaA7a-de-la-Vila-de-GrA0cia-web-600x402.jpg 600w, https:\/\/inandoutarchitects.com\/wp-content\/uploads\/2025\/12\/201505PlaA7a-de-la-Vila-de-GrA0cia-web.jpg 1920w\" sizes=\"(max-width: 1024px) 100vw, 1024px\" \/><\/figure>\n<\/div>\n\n\n<div style=\"height:45px\" aria-hidden=\"true\" class=\"wp-block-spacer\"><\/div>\n\n\n\n<h2 class=\"wp-block-heading\"><strong>Diagonal Mar &amp; Poblenou<\/strong> <strong>(Sant Mart\u00ed)<\/strong><\/h2>\n\n\n\n<p>The <strong>Mediterranean <\/strong>as routine: cycling along the promenade, brunch, creative offices and contemporary residences. Poblenou preserves its industrial past amid chimneys and new parks; Diagonal Mar offers expanses of water and skyline.<\/p>\n\n\n\n<ul class=\"wp-block-list\">\n<li><strong>Green spaces:<\/strong> Parc Diagonal Mar, Parc del Centre, seafront.<\/li>\n\n\n\n<li><strong>Promenade\/boulevard: <\/strong>Rambla del Poblenou <strong>(<\/strong>perfect for terraces).<\/li>\n\n\n\n<li><strong>Sea or mountain:<\/strong> Sea on foot.<\/li>\n\n\n\n<li><strong>Airport:<\/strong> ~20\u201325 min.<\/li>\n\n\n\n<li><strong>Noise:<\/strong> Medium (seafront\/events); low in well-oriented interiors.<\/li>\n\n\n\n<li><strong>Perceived safety:<\/strong> Good on main axes.<\/li>\n\n\n\n<li><strong>Nearby hospitals:<\/strong> Hospital del Mar.<\/li>\n\n\n\n<li><strong>Best for:<\/strong> Beach lovers, teleworking, newer builds.<\/li>\n\n\n\n<li><strong>Design note:<\/strong> Fresh palette (blues\/sands), durable materials.<\/li>\n<\/ul>\n\n\n\n<div style=\"height:46px\" aria-hidden=\"true\" class=\"wp-block-spacer\"><\/div>\n\n\n<div class=\"wp-block-image\">\n<figure class=\"aligncenter size-large\"><img loading=\"lazy\" decoding=\"async\" width=\"1024\" height=\"559\" src=\"https:\/\/inandoutarchitects.com\/wp-content\/uploads\/2025\/12\/201601AZ8Q4864-1024x559.jpg\" alt=\"\" class=\"wp-image-4530\" srcset=\"https:\/\/inandoutarchitects.com\/wp-content\/uploads\/2025\/12\/201601AZ8Q4864-1024x559.jpg 1024w, https:\/\/inandoutarchitects.com\/wp-content\/uploads\/2025\/12\/201601AZ8Q4864-300x164.jpg 300w, https:\/\/inandoutarchitects.com\/wp-content\/uploads\/2025\/12\/201601AZ8Q4864-768x419.jpg 768w, https:\/\/inandoutarchitects.com\/wp-content\/uploads\/2025\/12\/201601AZ8Q4864-18x10.jpg 18w, https:\/\/inandoutarchitects.com\/wp-content\/uploads\/2025\/12\/201601AZ8Q4864-600x327.jpg 600w, https:\/\/inandoutarchitects.com\/wp-content\/uploads\/2025\/12\/201601AZ8Q4864.jpg 1299w\" sizes=\"(max-width: 1024px) 100vw, 1024px\" \/><\/figure>\n<\/div>\n\n\n<div style=\"height:40px\" aria-hidden=\"true\" class=\"wp-block-spacer\"><\/div>\n\n\n\n<h2 class=\"wp-block-heading\"><strong>Vila Ol\u00edmpica &amp; Barceloneta<\/strong> <strong>(Ciutat Vella)<\/strong><\/h2>\n\n\n\n<p>City and <strong>sea <\/strong>without transition: rushing sunrises, Sunday paellas and salty windy afternoons. Lively, open and sporty, with marked seasons.<\/p>\n\n\n\n<ul class=\"wp-block-list\">\n<li><strong>Green spaces:<\/strong> Parc de la Ciutadella, maritime promenades.<\/li>\n\n\n\n<li><strong>Promenade\/boulevard:<\/strong> Seafront Promenade, Moll de la Marina.<\/li>\n\n\n\n<li><strong>Sea or mountain: Sea.<\/strong><\/li>\n\n\n\n<li><strong>Airport:<\/strong> ~20\u201325 min.<\/li>\n\n\n\n<li><strong>Noise:<\/strong> Medium\/high in season.<\/li>\n\n\n\n<li><strong>Perceived safety:<\/strong> Fine by day; busy nightlife pockets.<\/li>\n\n\n\n<li><strong>Nearby hospitals:<\/strong> Hospital del Mar.<\/li>\n\n\n\n<li><strong>Best for:<\/strong> Sea life and outdoors.<\/li>\n\n\n\n<li><strong>Design note:<\/strong> Salt-resistant finishes, cross-ventilation.<\/li>\n<\/ul>\n\n\n\n<div style=\"height:45px\" aria-hidden=\"true\" class=\"wp-block-spacer\"><\/div>\n\n\n<div class=\"wp-block-image\">\n<figure class=\"aligncenter size-large\"><img loading=\"lazy\" decoding=\"async\" width=\"1024\" height=\"673\" src=\"https:\/\/inandoutarchitects.com\/wp-content\/uploads\/2025\/12\/barceloneta-1024x673.jpg\" alt=\"\" class=\"wp-image-4531\" srcset=\"https:\/\/inandoutarchitects.com\/wp-content\/uploads\/2025\/12\/barceloneta-1024x673.jpg 1024w, https:\/\/inandoutarchitects.com\/wp-content\/uploads\/2025\/12\/barceloneta-300x197.jpg 300w, https:\/\/inandoutarchitects.com\/wp-content\/uploads\/2025\/12\/barceloneta-768x504.jpg 768w, https:\/\/inandoutarchitects.com\/wp-content\/uploads\/2025\/12\/barceloneta-1536x1009.jpg 1536w, https:\/\/inandoutarchitects.com\/wp-content\/uploads\/2025\/12\/barceloneta-2048x1345.jpg 2048w, https:\/\/inandoutarchitects.com\/wp-content\/uploads\/2025\/12\/barceloneta-18x12.jpg 18w, https:\/\/inandoutarchitects.com\/wp-content\/uploads\/2025\/12\/barceloneta-600x394.jpg 600w\" sizes=\"(max-width: 1024px) 100vw, 1024px\" \/><\/figure>\n<\/div>\n\n\n<div style=\"height:37px\" aria-hidden=\"true\" class=\"wp-block-spacer\"><\/div>\n\n\n\n<h2 class=\"wp-block-heading\"><strong>Poble Sec &amp; Montju\u00efc<\/strong> <strong>(Sants-Montju\u00efc)<\/strong><\/h2>\n\n\n\n<p>Gastronomy in Blai, theatres in Paral\u00b7lel and the <strong>mountain <\/strong>as a garden. Working-class history and neighbourhood pride; from here, the city can be seen from the viewpoints of Montju\u00efc.<\/p>\n\n\n\n<ul class=\"wp-block-list\">\n<li><strong>Green spaces:<\/strong> Laribal, Joan Brossa, Montju\u00efc Botanical Garden.<\/li>\n\n\n\n<li><strong>Promenade\/boulevard:<\/strong> Carrer Blai (pedestrian).<\/li>\n\n\n\n<li><strong>Sea or mountain:<\/strong> Mountain on foot.<\/li>\n\n\n\n<li><strong>Airport:<\/strong> ~15\u201320 min.<\/li>\n\n\n\n<li><strong>Noise:<\/strong> Medium (Paral\u00b7lel\/Blai); low inside.<\/li>\n\n\n\n<li><strong>Perceived safety:<\/strong> Good in residential areas.<\/li>\n\n\n\n<li><strong>Nearby hospitals:<\/strong> Access to Hospital Cl\u00ednic and Hospital del Mar (area-dependent).<\/li>\n\n\n\n<li><strong>Best for:<\/strong> Authentic life, parks and culture.<\/li>\n\n\n\n<li><strong>Design note:<\/strong> Heritage rescue with measured colour.<\/li>\n<\/ul>\n\n\n\n<div style=\"height:38px\" aria-hidden=\"true\" class=\"wp-block-spacer\"><\/div>\n\n\n<div class=\"wp-block-image\">\n<figure class=\"aligncenter size-full\"><img loading=\"lazy\" decoding=\"async\" width=\"900\" height=\"500\" src=\"https:\/\/inandoutarchitects.com\/wp-content\/uploads\/2025\/12\/avenida-del-paralelo.jpg\" alt=\"\" class=\"wp-image-4532\" srcset=\"https:\/\/inandoutarchitects.com\/wp-content\/uploads\/2025\/12\/avenida-del-paralelo.jpg 900w, https:\/\/inandoutarchitects.com\/wp-content\/uploads\/2025\/12\/avenida-del-paralelo-300x167.jpg 300w, https:\/\/inandoutarchitects.com\/wp-content\/uploads\/2025\/12\/avenida-del-paralelo-768x427.jpg 768w, https:\/\/inandoutarchitects.com\/wp-content\/uploads\/2025\/12\/avenida-del-paralelo-18x10.jpg 18w, https:\/\/inandoutarchitects.com\/wp-content\/uploads\/2025\/12\/avenida-del-paralelo-600x333.jpg 600w\" sizes=\"(max-width: 900px) 100vw, 900px\" \/><\/figure>\n<\/div>\n\n\n<div style=\"height:44px\" aria-hidden=\"true\" class=\"wp-block-spacer\"><\/div>\n\n\n\n<h2 class=\"wp-block-heading\"><strong>Horta\u2013Guinard\u00f3<\/strong><\/h2>\n\n\n\n<p>Balconies overlooking the <strong>mountains <\/strong>and streets that breathe. Horta is clear skies, historic gardens and a peaceful pace; the city can be heard in the distance.<\/p>\n\n\n\n<ul class=\"wp-block-list\">\n<li><strong>Green spaces:<\/strong> Laberint d\u2019Horta, Guinard\u00f3, Collserola.<\/li>\n\n\n\n<li><strong>Promenade\/boulevard:<\/strong> Local axes; no tourist rambla.<\/li>\n\n\n\n<li><strong>Sea or mountain:<\/strong> Mountain nearby.<\/li>\n\n\n\n<li><strong>Airport:<\/strong> ~25\u201335 min.<\/li>\n\n\n\n<li><strong>Noise:<\/strong> Low\/medium.<\/li>\n\n\n\n<li><strong>Perceived safety:<\/strong> High.<\/li>\n\n\n\n<li><strong>Nearby hospitals:<\/strong> Vall d\u2019Hebron, Sant Pau (area-dependent).<\/li>\n\n\n\n<li><strong>Best for:<\/strong> Families seeking calm and views.<\/li>\n\n\n\n<li><strong>Design note:<\/strong> Natural light, liveable terraces.<\/li>\n<\/ul>\n\n\n\n<div style=\"height:45px\" aria-hidden=\"true\" class=\"wp-block-spacer\"><\/div>\n\n\n<div class=\"wp-block-image\">\n<figure class=\"aligncenter size-full\"><img loading=\"lazy\" decoding=\"async\" width=\"1000\" height=\"667\" src=\"https:\/\/inandoutarchitects.com\/wp-content\/uploads\/2025\/12\/Catedral-de-Barcelona.jpg\" alt=\"\" class=\"wp-image-4526\" srcset=\"https:\/\/inandoutarchitects.com\/wp-content\/uploads\/2025\/12\/Catedral-de-Barcelona.jpg 1000w, https:\/\/inandoutarchitects.com\/wp-content\/uploads\/2025\/12\/Catedral-de-Barcelona-300x200.jpg 300w, https:\/\/inandoutarchitects.com\/wp-content\/uploads\/2025\/12\/Catedral-de-Barcelona-768x512.jpg 768w, https:\/\/inandoutarchitects.com\/wp-content\/uploads\/2025\/12\/Catedral-de-Barcelona-18x12.jpg 18w, https:\/\/inandoutarchitects.com\/wp-content\/uploads\/2025\/12\/Catedral-de-Barcelona-600x400.jpg 600w\" sizes=\"(max-width: 1000px) 100vw, 1000px\" \/><\/figure>\n<\/div>\n\n\n<div style=\"height:35px\" aria-hidden=\"true\" class=\"wp-block-spacer\"><\/div>\n\n\n\n<h2 class=\"wp-block-heading\"><strong>G\u00f3tic (Ciutat Vella)<\/strong><\/h2>\n\n\n\n<p>Stone, artisans and legends. Time is layered in courtyards and <strong>narrow streets<\/strong>; if you are excited by living history, this is the place for you \u2014 with all the intensity that entails.<\/p>\n\n\n\n<ul class=\"wp-block-list\">\n<li><strong>Green spaces:<\/strong> Parc de la Ciutadella; historic squares.<\/li>\n\n\n\n<li><strong>Promenade\/boulevard:<\/strong> La Rambla, Passeig del Born.<\/li>\n\n\n\n<li><strong>Sea or mountain:<\/strong> Sea very close (Barceloneta on foot).<\/li>\n\n\n\n<li><strong>Airport:<\/strong> ~20\u201325 min.<\/li>\n\n\n\n<li><strong>Noise:<\/strong> High in tourist hotspots; low on carefully chosen streets.<\/li>\n\n\n\n<li><strong>Perceived safety:<\/strong> Mixed due to crowds; street choice matters.<\/li>\n\n\n\n<li><strong>Nearby hospitals:<\/strong> Hospital del Mar.<\/li>\n\n\n\n<li><strong>Best for:<\/strong> Heritage lovers and full urban intensity.<\/li>\n\n\n\n<li><strong>Design note:<\/strong> Acoustic comfort without losing soul.<\/li>\n<\/ul>\n\n\n\n<div style=\"height:54px\" aria-hidden=\"true\" class=\"wp-block-spacer\"><\/div>\n\n\n\n<h2 class=\"wp-block-heading has-text-align-center has-luminous-vivid-amber-background-color has-background\"><strong><strong><strong><strong><strong><strong>Looking beyond Barcelona?<\/strong><\/strong><\/strong><\/strong><\/strong><\/strong><\/h2>\n\n\n\n<p>If you are interested in <strong>nearby towns <\/strong>(Sant Just Desvern, Esplugues, Pallej\u00e0 etc.), <strong>follow this blog<\/strong>: we will be publishing new guides for each municipality using the same comparative format.<\/p>\n\n\n\n<div style=\"height:51px\" aria-hidden=\"true\" class=\"wp-block-spacer\"><\/div>\n\n\n\n<h2 class=\"wp-block-heading has-text-align-center has-luminous-vivid-amber-background-color has-background\"><strong><strong><strong><strong><strong><strong><strong>FAQs<\/strong><\/strong><\/strong><\/strong><\/strong><\/strong><\/strong><\/h2>\n\n\n\n<p><strong>Can I open the kitchen to the living room in an older flat?<\/strong><strong><br><\/strong>It depends on the structure and regulations. We assess this in a preliminary consultation: we review load-bearing walls, installation routes, acoustics and licences to advise you on what is and is not possible, and at what cost.<\/p>\n\n\n\n<p><strong>How long do building permits take in Barcelona?<\/strong><strong><br><\/strong>It varies depending on the type (enterado, comunicado inmediato, comunicado diferido, licencia). During the consultation, we will advise you on the administrative process, documentation, fees and a realistic timeline.<\/p>\n\n\n\n<p><strong>How much does it cost to refurbish a bathroom or a kitchen?<\/strong><strong><br><\/strong>There is a wide range depending on quality and existing condition. Bathroom renovations start at around \u20ac15,000 including VAT, while kitchen renovations start at \u20ac25,000 including VAT.<\/p>\n\n\n\n<p><strong>Can you help me before I start looking for a flat?<\/strong><strong><br><\/strong>Yes. We offer online consultations to help you narrow down the neighbourhood, type of property and budget before visiting properties. If you need it, we can recommend a property agent or personal shopper we usually work with.<\/p>\n\n\n\n<p><strong>Do you validate habitability (c\u00e9dula) and the Energy Performance Certificate (CEE)?<br><\/strong>Yes. We advise on compliance and improvements so your purchase comes without surprises. Visit our <a href=\"https:\/\/inandoutarchitects.com\/en\/cedula-habitabilidad-certificado-energetico-barcelona-baix-llobregat\/\">blog<\/a> on Energy Performance Certificates.<\/p>\n\n\n\n<p><strong>Do you accompany technical viewings?<\/strong><strong><br><\/strong>Yes, both online (document\/ad review) and on-site (90 minutes). We provide you with a clear summary of risks, feasibility, and priorities.<\/p>\n\n\n\n<div style=\"height:48px\" aria-hidden=\"true\" class=\"wp-block-spacer\"><\/div>\n\n\n\n<h2 class=\"wp-block-heading has-text-align-center has-light-green-cyan-background-color has-background\"><strong><strong><strong><strong><strong><strong><strong><strong>Your next step<\/strong><\/strong><\/strong><\/strong><\/strong><\/strong><\/strong><\/strong><\/h2>\n\n\n\n<p>Before deciding on a neighbourhood or property, schedule a <strong><a href=\"https:\/\/inandoutarchitects.com\/en\/consultorias\/\" target=\"_blank\" rel=\"noreferrer noopener\">pre-purchase consultation<\/a><\/strong>: structure, regulations, costs and renovation plan. If you already have a flat, we will design your comprehensive <strong><a href=\"https:\/\/inandoutarchitects.com\/en\/diseno\/\" target=\"_blank\" rel=\"noreferrer noopener\">renovation<\/a> <\/strong>so you can experience Barcelona your way.<\/p>\n\n\n\n<div style=\"height:46px\" aria-hidden=\"true\" class=\"wp-block-spacer\"><\/div>\n\n\n<div class=\"wp-block-image\">\n<figure class=\"aligncenter size-large is-resized\"><a href=\"https:\/\/inandoutarchitects.com\/en\/nosotras\/\" target=\"_blank\" rel=\"noreferrer noopener\"><img loading=\"lazy\" decoding=\"async\" width=\"1024\" height=\"1024\" src=\"https:\/\/inandoutarchitects.com\/wp-content\/uploads\/2023\/09\/OFIJ3758-1024x1024.jpg\" alt=\"In&amp;Out Architects\" class=\"wp-image-981\" style=\"width:408px;height:auto\" srcset=\"https:\/\/inandoutarchitects.com\/wp-content\/uploads\/2023\/09\/OFIJ3758-1024x1024.jpg 1024w, https:\/\/inandoutarchitects.com\/wp-content\/uploads\/2023\/09\/OFIJ3758-300x300.jpg 300w, https:\/\/inandoutarchitects.com\/wp-content\/uploads\/2023\/09\/OFIJ3758-100x100.jpg 100w, https:\/\/inandoutarchitects.com\/wp-content\/uploads\/2023\/09\/OFIJ3758-600x600.jpg 600w, https:\/\/inandoutarchitects.com\/wp-content\/uploads\/2023\/09\/OFIJ3758-150x150.jpg 150w, https:\/\/inandoutarchitects.com\/wp-content\/uploads\/2023\/09\/OFIJ3758-768x768.jpg 768w, https:\/\/inandoutarchitects.com\/wp-content\/uploads\/2023\/09\/OFIJ3758-650x650.jpg 650w, https:\/\/inandoutarchitects.com\/wp-content\/uploads\/2023\/09\/OFIJ3758.jpg 1134w\" sizes=\"(max-width: 1024px) 100vw, 1024px\" \/><\/a><figcaption class=\"wp-element-caption\">In&amp;Out Architects<\/figcaption><\/figure>\n<\/div>\n\n\n<div style=\"height:74px\" aria-hidden=\"true\" class=\"wp-block-spacer\"><\/div>\n\n\n\n<p><\/p>","protected":false},"excerpt":{"rendered":"<p>Descubre las principales tendencias en cocina para 2025 de la Feria H\u00e1bitat Valencia. Las nuevas cocinas destacan por funcionalidad, est\u00e9tica y tecnolog\u00eda.<\/p>","protected":false},"author":3,"featured_media":4504,"comment_status":"closed","ping_status":"closed","sticky":false,"template":"","format":"standard","meta":{"inline_featured_image":false,"_monsterinsights_skip_tracking":false,"_monsterinsights_sitenote_active":false,"_monsterinsights_sitenote_note":"","_monsterinsights_sitenote_category":0,"_uf_show_specific_survey":0,"_uf_disable_surveys":false,"_jetpack_memberships_contains_paid_content":false,"footnotes":""},"categories":[591,640,619,594,618,592],"tags":[704,705,711,720,695,719,689,713,706,690,694,691,703,716,708,693,707,699,688,712,696,685,718,697,714,698,701,686,692,717,709,700,702,687,715,710],"class_list":["post-4503","post","type-post","status-publish","format-standard","has-post-thumbnail","hentry","category-architecture","category-buyer-guides","category-countryside-living","category-full-renovation","category-home-renovation","category-real-estate","tag-acknowledged-prior-notification","tag-airport-distance","tag-architects-and-interior-designers","tag-barcelona-neighbourhoods","tag-barcelona-property-advice","tag-barcelona-relocation-guide","tag-barceloneta","tag-building-permits-barcelona","tag-deferred-works-notification","tag-diagonal-mar","tag-eixample-left","tag-eixample-right","tag-energy-performance-certificate-cee","tag-expat-buyers-barcelona","tag-full-home-renovation","tag-gracia","tag-habitability-certificate-cedula","tag-heritage-apartments-barcelona","tag-horta-guinardo","tag-immediate-works-notification","tag-modernisme-architecture","tag-montjuic","tag-moving-to-barcelona","tag-nearby-hospitals","tag-open-plan-kitchen","tag-parks-and-green-spaces","tag-pedralbes","tag-poble-sec","tag-poblenou","tag-pre-purchase-consultancy","tag-property-renovation-barcelona","tag-safety-and-noise-by-area","tag-sarria-sant-gervasi","tag-vila-olimpica","tag-where-to-live-in-barcelona","tag-works-licence-barcelona"],"yoast_head":"<!-- This site is optimized with the Yoast SEO plugin v27.5 - https:\/\/yoast.com\/product\/yoast-seo-wordpress\/ -->\n<title>Barcelona neighbourhoods to live in | 2026 moving guide<\/title>\n<meta name=\"description\" content=\"Barcelona neighbourhoods to live in: 2026 guide\u2014parks, safety, noise, airport, hospitals. Book a pre-purchase consultancy.\" \/>\n<meta name=\"robots\" content=\"index, follow, max-snippet:-1, max-image-preview:large, max-video-preview:-1\" \/>\n<link rel=\"canonical\" href=\"https:\/\/inandoutarchitects.com\/en\/barcelona-neighbourhoods-to-live-2026\/\" \/>\n<meta property=\"og:locale\" content=\"en_US\" \/>\n<meta property=\"og:type\" content=\"article\" \/>\n<meta property=\"og:title\" content=\"Barcelona neighbourhoods to live in | 2026 moving guide\" \/>\n<meta property=\"og:description\" content=\"Barcelona neighbourhoods to live in: 2026 guide\u2014parks, safety, noise, airport, hospitals. Book a pre-purchase consultancy.\" \/>\n<meta property=\"og:url\" content=\"https:\/\/inandoutarchitects.com\/en\/barcelona-neighbourhoods-to-live-2026\/\" \/>\n<meta property=\"og:site_name\" content=\"In&amp;Out Architects\" \/>\n<meta property=\"article:published_time\" content=\"2025-12-20T14:13:32+00:00\" \/>\n<meta property=\"article:modified_time\" content=\"2025-12-20T14:53:41+00:00\" \/>\n<meta property=\"og:image\" content=\"https:\/\/inandoutarchitects.com\/wp-content\/uploads\/2025\/12\/BARCELONA.-VUNAV-1024x682-1.jpg\" \/>\n\t<meta property=\"og:image:width\" content=\"1024\" \/>\n\t<meta property=\"og:image:height\" content=\"682\" \/>\n\t<meta property=\"og:image:type\" content=\"image\/jpeg\" \/>\n<meta name=\"author\" content=\"IRENE ALMENDROS DIAZ\" \/>\n<meta name=\"twitter:card\" content=\"summary_large_image\" \/>\n<meta name=\"twitter:label1\" content=\"Written by\" \/>\n\t<meta name=\"twitter:data1\" content=\"IRENE ALMENDROS DIAZ\" \/>\n\t<meta name=\"twitter:label2\" content=\"Est. reading time\" \/>\n\t<meta name=\"twitter:data2\" content=\"9 minutes\" \/>\n<script type=\"application\/ld+json\" class=\"yoast-schema-graph\">{\"@context\":\"https:\\\/\\\/schema.org\",\"@graph\":[{\"@type\":\"Article\",\"@id\":\"https:\\\/\\\/inandoutarchitects.com\\\/barcelona-neighbourhoods-to-live-2026\\\/#article\",\"isPartOf\":{\"@id\":\"https:\\\/\\\/inandoutarchitects.com\\\/barcelona-neighbourhoods-to-live-2026\\\/\"},\"author\":{\"name\":\"IRENE ALMENDROS DIAZ\",\"@id\":\"https:\\\/\\\/inandoutarchitects.com\\\/#\\\/schema\\\/person\\\/5a74e725599dd3012d72ab27f8d924f1\"},\"headline\":\"NEIGHBOURHOODS OF BARCELONA TO LIVE IN: A GUIDE TO MOVING TO BARCELONA\",\"datePublished\":\"2025-12-20T14:13:32+00:00\",\"dateModified\":\"2025-12-20T14:53:41+00:00\",\"mainEntityOfPage\":{\"@id\":\"https:\\\/\\\/inandoutarchitects.com\\\/barcelona-neighbourhoods-to-live-2026\\\/\"},\"wordCount\":1432,\"publisher\":{\"@id\":\"https:\\\/\\\/inandoutarchitects.com\\\/#organization\"},\"image\":{\"@id\":\"https:\\\/\\\/inandoutarchitects.com\\\/barcelona-neighbourhoods-to-live-2026\\\/#primaryimage\"},\"thumbnailUrl\":\"https:\\\/\\\/inandoutarchitects.com\\\/wp-content\\\/uploads\\\/2025\\\/12\\\/BARCELONA.-VUNAV-1024x682-1.jpg\",\"keywords\":[\"Acknowledged prior notification\",\"Airport distance\",\"Architects and interior designers\",\"Barcelona neighbourhoods\",\"Barcelona property advice\",\"Barcelona relocation guide\",\"Barceloneta\",\"Building permits Barcelona\",\"Deferred works notification\",\"Diagonal Mar\",\"Eixample Left\",\"Eixample Right\",\"Energy performance certificate (CEE)\",\"Expat buyers Barcelona\",\"Full home renovation\",\"Gracia\",\"Habitability certificate (cedula)\",\"Heritage apartments Barcelona\",\"Horta\u2013Guinardo\",\"Immediate works notification\",\"Modernisme architecture\",\"Montjuic\",\"Moving to Barcelona\",\"Nearby hospitals\",\"Open-plan kitchen\",\"Parks and green spaces\",\"Pedralbes\",\"Poble Sec\",\"Poblenou\",\"Pre-purchase consultancy\",\"Property renovation Barcelona\",\"Safety and noise by area\",\"Sarri\u00e0\u2013Sant Gervasi\",\"Vila Olimpica\",\"Where to live in Barcelona\",\"Works licence Barcelona\"],\"articleSection\":[\"Architecture\",\"Buyer Guides\",\"Countryside Living\",\"Full Renovation\",\"Home Renovation\",\"Real Estate\"],\"inLanguage\":\"en-US\"},{\"@type\":\"WebPage\",\"@id\":\"https:\\\/\\\/inandoutarchitects.com\\\/barcelona-neighbourhoods-to-live-2026\\\/\",\"url\":\"https:\\\/\\\/inandoutarchitects.com\\\/barcelona-neighbourhoods-to-live-2026\\\/\",\"name\":\"Barcelona neighbourhoods to live in | 2026 moving guide\",\"isPartOf\":{\"@id\":\"https:\\\/\\\/inandoutarchitects.com\\\/#website\"},\"primaryImageOfPage\":{\"@id\":\"https:\\\/\\\/inandoutarchitects.com\\\/barcelona-neighbourhoods-to-live-2026\\\/#primaryimage\"},\"image\":{\"@id\":\"https:\\\/\\\/inandoutarchitects.com\\\/barcelona-neighbourhoods-to-live-2026\\\/#primaryimage\"},\"thumbnailUrl\":\"https:\\\/\\\/inandoutarchitects.com\\\/wp-content\\\/uploads\\\/2025\\\/12\\\/BARCELONA.-VUNAV-1024x682-1.jpg\",\"datePublished\":\"2025-12-20T14:13:32+00:00\",\"dateModified\":\"2025-12-20T14:53:41+00:00\",\"description\":\"Barcelona neighbourhoods to live in: 2026 guide\u2014parks, safety, noise, airport, hospitals. Book a pre-purchase consultancy.\",\"breadcrumb\":{\"@id\":\"https:\\\/\\\/inandoutarchitects.com\\\/barcelona-neighbourhoods-to-live-2026\\\/#breadcrumb\"},\"inLanguage\":\"en-US\",\"potentialAction\":[{\"@type\":\"ReadAction\",\"target\":[\"https:\\\/\\\/inandoutarchitects.com\\\/barcelona-neighbourhoods-to-live-2026\\\/\"]}]},{\"@type\":\"ImageObject\",\"inLanguage\":\"en-US\",\"@id\":\"https:\\\/\\\/inandoutarchitects.com\\\/barcelona-neighbourhoods-to-live-2026\\\/#primaryimage\",\"url\":\"https:\\\/\\\/inandoutarchitects.com\\\/wp-content\\\/uploads\\\/2025\\\/12\\\/BARCELONA.-VUNAV-1024x682-1.jpg\",\"contentUrl\":\"https:\\\/\\\/inandoutarchitects.com\\\/wp-content\\\/uploads\\\/2025\\\/12\\\/BARCELONA.-VUNAV-1024x682-1.jpg\",\"width\":1024,\"height\":682,\"caption\":\"live in Barcelona\"},{\"@type\":\"BreadcrumbList\",\"@id\":\"https:\\\/\\\/inandoutarchitects.com\\\/barcelona-neighbourhoods-to-live-2026\\\/#breadcrumb\",\"itemListElement\":[{\"@type\":\"ListItem\",\"position\":1,\"name\":\"Portada\",\"item\":\"https:\\\/\\\/inandoutarchitects.com\\\/\"},{\"@type\":\"ListItem\",\"position\":2,\"name\":\"NEIGHBOURHOODS OF BARCELONA TO LIVE IN: A GUIDE TO MOVING TO BARCELONA\"}]},{\"@type\":\"WebSite\",\"@id\":\"https:\\\/\\\/inandoutarchitects.com\\\/#website\",\"url\":\"https:\\\/\\\/inandoutarchitects.com\\\/\",\"name\":\"In&amp;Out Architects\",\"description\":\"\",\"publisher\":{\"@id\":\"https:\\\/\\\/inandoutarchitects.com\\\/#organization\"},\"potentialAction\":[{\"@type\":\"SearchAction\",\"target\":{\"@type\":\"EntryPoint\",\"urlTemplate\":\"https:\\\/\\\/inandoutarchitects.com\\\/?s={search_term_string}\"},\"query-input\":{\"@type\":\"PropertyValueSpecification\",\"valueRequired\":true,\"valueName\":\"search_term_string\"}}],\"inLanguage\":\"en-US\"},{\"@type\":\"Organization\",\"@id\":\"https:\\\/\\\/inandoutarchitects.com\\\/#organization\",\"name\":\"In&amp;Out Architects\",\"url\":\"https:\\\/\\\/inandoutarchitects.com\\\/\",\"logo\":{\"@type\":\"ImageObject\",\"inLanguage\":\"en-US\",\"@id\":\"https:\\\/\\\/inandoutarchitects.com\\\/#\\\/schema\\\/logo\\\/image\\\/\",\"url\":\"https:\\\/\\\/inandoutarchitects.com\\\/wp-content\\\/uploads\\\/2023\\\/08\\\/cropped-Enmascarar-grupo-8.png\",\"contentUrl\":\"https:\\\/\\\/inandoutarchitects.com\\\/wp-content\\\/uploads\\\/2023\\\/08\\\/cropped-Enmascarar-grupo-8.png\",\"width\":83,\"height\":83,\"caption\":\"In&amp;Out Architects\"},\"image\":{\"@id\":\"https:\\\/\\\/inandoutarchitects.com\\\/#\\\/schema\\\/logo\\\/image\\\/\"}},{\"@type\":\"Person\",\"@id\":\"https:\\\/\\\/inandoutarchitects.com\\\/#\\\/schema\\\/person\\\/5a74e725599dd3012d72ab27f8d924f1\",\"name\":\"IRENE ALMENDROS DIAZ\",\"image\":{\"@type\":\"ImageObject\",\"inLanguage\":\"en-US\",\"@id\":\"https:\\\/\\\/secure.gravatar.com\\\/avatar\\\/b5fb5b72d1fd3caa0e5c64aef8e74353cefa79b3c70e06facee1c14b59a91d57?s=96&d=mm&r=g\",\"url\":\"https:\\\/\\\/secure.gravatar.com\\\/avatar\\\/b5fb5b72d1fd3caa0e5c64aef8e74353cefa79b3c70e06facee1c14b59a91d57?s=96&d=mm&r=g\",\"contentUrl\":\"https:\\\/\\\/secure.gravatar.com\\\/avatar\\\/b5fb5b72d1fd3caa0e5c64aef8e74353cefa79b3c70e06facee1c14b59a91d57?s=96&d=mm&r=g\",\"caption\":\"IRENE ALMENDROS DIAZ\"},\"url\":\"https:\\\/\\\/inandoutarchitects.com\\\/en\\\/author\\\/irene\\\/\"}]}<\/script>\n<!-- \/ Yoast SEO plugin. -->","yoast_head_json":{"title":"Barcelona neighbourhoods to live in | 2026 moving guide","description":"Barcelona neighbourhoods to live in: 2026 guide\u2014parks, safety, noise, airport, hospitals. Book a pre-purchase consultancy.","robots":{"index":"index","follow":"follow","max-snippet":"max-snippet:-1","max-image-preview":"max-image-preview:large","max-video-preview":"max-video-preview:-1"},"canonical":"https:\/\/inandoutarchitects.com\/en\/barcelona-neighbourhoods-to-live-2026\/","og_locale":"en_US","og_type":"article","og_title":"Barcelona neighbourhoods to live in | 2026 moving guide","og_description":"Barcelona neighbourhoods to live in: 2026 guide\u2014parks, safety, noise, airport, hospitals. Book a pre-purchase consultancy.","og_url":"https:\/\/inandoutarchitects.com\/en\/barcelona-neighbourhoods-to-live-2026\/","og_site_name":"In&amp;Out Architects","article_published_time":"2025-12-20T14:13:32+00:00","article_modified_time":"2025-12-20T14:53:41+00:00","og_image":[{"width":1024,"height":682,"url":"https:\/\/inandoutarchitects.com\/wp-content\/uploads\/2025\/12\/BARCELONA.-VUNAV-1024x682-1.jpg","type":"image\/jpeg"}],"author":"IRENE ALMENDROS DIAZ","twitter_card":"summary_large_image","twitter_misc":{"Written by":"IRENE ALMENDROS DIAZ","Est. reading time":"9 minutes"},"schema":{"@context":"https:\/\/schema.org","@graph":[{"@type":"Article","@id":"https:\/\/inandoutarchitects.com\/barcelona-neighbourhoods-to-live-2026\/#article","isPartOf":{"@id":"https:\/\/inandoutarchitects.com\/barcelona-neighbourhoods-to-live-2026\/"},"author":{"name":"IRENE ALMENDROS DIAZ","@id":"https:\/\/inandoutarchitects.com\/#\/schema\/person\/5a74e725599dd3012d72ab27f8d924f1"},"headline":"NEIGHBOURHOODS OF BARCELONA TO LIVE IN: A GUIDE TO MOVING TO BARCELONA","datePublished":"2025-12-20T14:13:32+00:00","dateModified":"2025-12-20T14:53:41+00:00","mainEntityOfPage":{"@id":"https:\/\/inandoutarchitects.com\/barcelona-neighbourhoods-to-live-2026\/"},"wordCount":1432,"publisher":{"@id":"https:\/\/inandoutarchitects.com\/#organization"},"image":{"@id":"https:\/\/inandoutarchitects.com\/barcelona-neighbourhoods-to-live-2026\/#primaryimage"},"thumbnailUrl":"https:\/\/inandoutarchitects.com\/wp-content\/uploads\/2025\/12\/BARCELONA.-VUNAV-1024x682-1.jpg","keywords":["Acknowledged prior notification","Airport distance","Architects and interior designers","Barcelona neighbourhoods","Barcelona property advice","Barcelona relocation guide","Barceloneta","Building permits Barcelona","Deferred works notification","Diagonal Mar","Eixample Left","Eixample Right","Energy performance certificate (CEE)","Expat buyers Barcelona","Full home renovation","Gracia","Habitability certificate (cedula)","Heritage apartments Barcelona","Horta\u2013Guinardo","Immediate works notification","Modernisme architecture","Montjuic","Moving to Barcelona","Nearby hospitals","Open-plan kitchen","Parks and green spaces","Pedralbes","Poble Sec","Poblenou","Pre-purchase consultancy","Property renovation Barcelona","Safety and noise by area","Sarri\u00e0\u2013Sant Gervasi","Vila Olimpica","Where to live in Barcelona","Works licence Barcelona"],"articleSection":["Architecture","Buyer Guides","Countryside Living","Full Renovation","Home Renovation","Real Estate"],"inLanguage":"en-US"},{"@type":"WebPage","@id":"https:\/\/inandoutarchitects.com\/barcelona-neighbourhoods-to-live-2026\/","url":"https:\/\/inandoutarchitects.com\/barcelona-neighbourhoods-to-live-2026\/","name":"Barcelona neighbourhoods to live in | 2026 moving guide","isPartOf":{"@id":"https:\/\/inandoutarchitects.com\/#website"},"primaryImageOfPage":{"@id":"https:\/\/inandoutarchitects.com\/barcelona-neighbourhoods-to-live-2026\/#primaryimage"},"image":{"@id":"https:\/\/inandoutarchitects.com\/barcelona-neighbourhoods-to-live-2026\/#primaryimage"},"thumbnailUrl":"https:\/\/inandoutarchitects.com\/wp-content\/uploads\/2025\/12\/BARCELONA.-VUNAV-1024x682-1.jpg","datePublished":"2025-12-20T14:13:32+00:00","dateModified":"2025-12-20T14:53:41+00:00","description":"Barcelona neighbourhoods to live in: 2026 guide\u2014parks, safety, noise, airport, hospitals. Book a pre-purchase consultancy.","breadcrumb":{"@id":"https:\/\/inandoutarchitects.com\/barcelona-neighbourhoods-to-live-2026\/#breadcrumb"},"inLanguage":"en-US","potentialAction":[{"@type":"ReadAction","target":["https:\/\/inandoutarchitects.com\/barcelona-neighbourhoods-to-live-2026\/"]}]},{"@type":"ImageObject","inLanguage":"en-US","@id":"https:\/\/inandoutarchitects.com\/barcelona-neighbourhoods-to-live-2026\/#primaryimage","url":"https:\/\/inandoutarchitects.com\/wp-content\/uploads\/2025\/12\/BARCELONA.-VUNAV-1024x682-1.jpg","contentUrl":"https:\/\/inandoutarchitects.com\/wp-content\/uploads\/2025\/12\/BARCELONA.-VUNAV-1024x682-1.jpg","width":1024,"height":682,"caption":"live in Barcelona"},{"@type":"BreadcrumbList","@id":"https:\/\/inandoutarchitects.com\/barcelona-neighbourhoods-to-live-2026\/#breadcrumb","itemListElement":[{"@type":"ListItem","position":1,"name":"Portada","item":"https:\/\/inandoutarchitects.com\/"},{"@type":"ListItem","position":2,"name":"NEIGHBOURHOODS OF BARCELONA TO LIVE IN: A GUIDE TO MOVING TO BARCELONA"}]},{"@type":"WebSite","@id":"https:\/\/inandoutarchitects.com\/#website","url":"https:\/\/inandoutarchitects.com\/","name":"In&amp;Out Architects","description":"","publisher":{"@id":"https:\/\/inandoutarchitects.com\/#organization"},"potentialAction":[{"@type":"SearchAction","target":{"@type":"EntryPoint","urlTemplate":"https:\/\/inandoutarchitects.com\/?s={search_term_string}"},"query-input":{"@type":"PropertyValueSpecification","valueRequired":true,"valueName":"search_term_string"}}],"inLanguage":"en-US"},{"@type":"Organization","@id":"https:\/\/inandoutarchitects.com\/#organization","name":"In&amp;Out Architects","url":"https:\/\/inandoutarchitects.com\/","logo":{"@type":"ImageObject","inLanguage":"en-US","@id":"https:\/\/inandoutarchitects.com\/#\/schema\/logo\/image\/","url":"https:\/\/inandoutarchitects.com\/wp-content\/uploads\/2023\/08\/cropped-Enmascarar-grupo-8.png","contentUrl":"https:\/\/inandoutarchitects.com\/wp-content\/uploads\/2023\/08\/cropped-Enmascarar-grupo-8.png","width":83,"height":83,"caption":"In&amp;Out Architects"},"image":{"@id":"https:\/\/inandoutarchitects.com\/#\/schema\/logo\/image\/"}},{"@type":"Person","@id":"https:\/\/inandoutarchitects.com\/#\/schema\/person\/5a74e725599dd3012d72ab27f8d924f1","name":"IRENE ALMENDROS DIAZ","image":{"@type":"ImageObject","inLanguage":"en-US","@id":"https:\/\/secure.gravatar.com\/avatar\/b5fb5b72d1fd3caa0e5c64aef8e74353cefa79b3c70e06facee1c14b59a91d57?s=96&d=mm&r=g","url":"https:\/\/secure.gravatar.com\/avatar\/b5fb5b72d1fd3caa0e5c64aef8e74353cefa79b3c70e06facee1c14b59a91d57?s=96&d=mm&r=g","contentUrl":"https:\/\/secure.gravatar.com\/avatar\/b5fb5b72d1fd3caa0e5c64aef8e74353cefa79b3c70e06facee1c14b59a91d57?s=96&d=mm&r=g","caption":"IRENE ALMENDROS DIAZ"},"url":"https:\/\/inandoutarchitects.com\/en\/author\/irene\/"}]}},"jetpack_featured_media_url":"https:\/\/inandoutarchitects.com\/wp-content\/uploads\/2025\/12\/BARCELONA.-VUNAV-1024x682-1.jpg","jetpack_sharing_enabled":true,"_links":{"self":[{"href":"https:\/\/inandoutarchitects.com\/en\/wp-json\/wp\/v2\/posts\/4503","targetHints":{"allow":["GET"]}}],"collection":[{"href":"https:\/\/inandoutarchitects.com\/en\/wp-json\/wp\/v2\/posts"}],"about":[{"href":"https:\/\/inandoutarchitects.com\/en\/wp-json\/wp\/v2\/types\/post"}],"author":[{"embeddable":true,"href":"https:\/\/inandoutarchitects.com\/en\/wp-json\/wp\/v2\/users\/3"}],"replies":[{"embeddable":true,"href":"https:\/\/inandoutarchitects.com\/en\/wp-json\/wp\/v2\/comments?post=4503"}],"version-history":[{"count":18,"href":"https:\/\/inandoutarchitects.com\/en\/wp-json\/wp\/v2\/posts\/4503\/revisions"}],"predecessor-version":[{"id":4541,"href":"https:\/\/inandoutarchitects.com\/en\/wp-json\/wp\/v2\/posts\/4503\/revisions\/4541"}],"wp:featuredmedia":[{"embeddable":true,"href":"https:\/\/inandoutarchitects.com\/en\/wp-json\/wp\/v2\/media\/4504"}],"wp:attachment":[{"href":"https:\/\/inandoutarchitects.com\/en\/wp-json\/wp\/v2\/media?parent=4503"}],"wp:term":[{"taxonomy":"category","embeddable":true,"href":"https:\/\/inandoutarchitects.com\/en\/wp-json\/wp\/v2\/categories?post=4503"},{"taxonomy":"post_tag","embeddable":true,"href":"https:\/\/inandoutarchitects.com\/en\/wp-json\/wp\/v2\/tags?post=4503"}],"curies":[{"name":"wp","href":"https:\/\/api.w.org\/{rel}","templated":true}]}}