{"id":4166,"date":"2025-11-07T21:06:56","date_gmt":"2025-11-07T21:06:56","guid":{"rendered":"https:\/\/inandoutarchitects.com\/?p=4166"},"modified":"2025-11-07T22:14:02","modified_gmt":"2025-11-07T22:14:02","slug":"cedula-habitabilidad-certificado-energetico-barcelona-baix-llobregat","status":"publish","type":"post","link":"https:\/\/inandoutarchitects.com\/en\/cedula-habitabilidad-certificado-energetico-barcelona-baix-llobregat\/","title":{"rendered":"C\u00c9DULA Y CERTIFICADO ENERG\u00c9TICO EN BARCELONA Y BAIX LLOBREGAT"},"content":{"rendered":"<h1 class=\"wp-block-heading\">Si necesitas <strong>vender, alquilar o dar de alta suministros<\/strong> en tu vivienda de <strong>Barcelona<\/strong> o <strong>Baix Llobregat<\/strong>, vas a o\u00edr dos conceptos clave: <strong>c\u00e9dula de habitabilidad<\/strong> and <strong>certificado de eficiencia energ\u00e9tica (CEE)<\/strong>. <\/h1>\n\n\n\n<div style=\"height:41px\" aria-hidden=\"true\" class=\"wp-block-spacer\"><\/div>\n\n\n\n<p>Aqu\u00ed te lo explicamos <strong>sin tecnicismos<\/strong>, paso a paso, y con un objetivo pr\u00e1ctico: <strong><a href=\"https:\/\/inandoutarchitects.com\/en\/nosotras\/\" target=\"_blank\" rel=\"noreferrer noopener\">nosotras <\/a>los tramitamos por ti<\/strong> de principio a fin.<\/p>\n\n\n\n<div style=\"height:49px\" aria-hidden=\"true\" class=\"wp-block-spacer\"><\/div>\n\n\n\n<h2 class=\"wp-block-heading has-text-align-center has-luminous-vivid-amber-background-color has-background\"><strong><strong><strong><strong><strong>1) Qu\u00e9 es la c\u00e9dula de habitabilidad (CHB) y para qu\u00e9 sirve<\/strong><\/strong><\/strong><\/strong><\/strong><\/h2>\n\n\n\n<p>Es el documento que <strong>acredita que tu vivienda cumple las condiciones m\u00ednimas para vivir<\/strong>: superficies, ventilaci\u00f3n, iluminaci\u00f3n, seguridad, etc.<br>Te la pedir\u00e1n para:<\/p>\n\n\n\n<ul class=\"wp-block-list\">\n<li><strong>Vender o alquilar<\/strong> la vivienda.<\/li>\n\n\n\n<li><strong>Dar de alta<\/strong> agua, luz, gas o telecomunicaciones.<\/li>\n\n\n\n<li>Acreditar la habitabilidad ante ciertos tr\u00e1mites municipales o de vivienda.<\/li>\n<\/ul>\n\n\n\n<p><strong>Qui\u00e9n la emite:<\/strong> la administraci\u00f3n auton\u00f3mica, a partir de un <strong>certificado t\u00e9cnico<\/strong> que realiza un <strong>arquitecto\/a o arquitecto\/a t\u00e9cnico\/a<\/strong> tras visitar tu piso.<br><strong>Vigencia orientativa:<\/strong> suele ser <strong>15 a\u00f1os<\/strong> (y hasta <strong>25 a\u00f1os<\/strong> en obra nueva).<br><strong>Qu\u00e9 revisamos en la visita:<\/strong> distribuci\u00f3n, medidas \u00fatiles, piezas obligatorias (cocina, ba\u00f1o), ventilaciones, alturas, salidas, etc.<\/p>\n\n\n\n<div style=\"height:41px\" aria-hidden=\"true\" class=\"wp-block-spacer\"><\/div>\n\n\n\n<h2 class=\"wp-block-heading has-text-align-center has-luminous-vivid-amber-background-color has-background\"><strong><strong><strong><strong><strong>2) Qu\u00e9 es el certificado de eficiencia energ\u00e9tica (CEE)<\/strong><\/strong><\/strong><\/strong><\/strong><\/h2>\n\n\n\n<div style=\"height:46px\" aria-hidden=\"true\" class=\"wp-block-spacer\"><\/div>\n\n\n\n<p>Es un informe con una <strong>letra de la A a la G<\/strong> que refleja el <strong>consumo<\/strong> y las <strong>emisiones<\/strong> estimadas de tu vivienda.<br>Te lo exigir\u00e1n para:<\/p>\n\n\n\n<ul class=\"wp-block-list\">\n<li><strong>Publicar, vender o alquilar<\/strong> un inmueble (el anuncio debe incluir la etiqueta).<\/li>\n\n\n\n<li>Registrar la <strong>etiqueta oficial<\/strong> en el organismo auton\u00f3mico.<\/li>\n<\/ul>\n\n\n\n<p><strong>Qui\u00e9n lo hace:<\/strong> un t\u00e9cnico competente tras <strong>visitar<\/strong> la vivienda y modelizar sus caracter\u00edsticas (envolvente, carpinter\u00edas, orientaci\u00f3n\u2026).<br><strong>Vigencia general:<\/strong> <strong>10 a\u00f1os<\/strong> (en casos con peor calificaci\u00f3n puede ser menor).<br><strong>Adem\u00e1s:<\/strong> incorpora <strong>recomendaciones de mejora<\/strong> (cambio de ventanas, aislamiento, caldera\u2026).<\/p>\n\n\n\n<div style=\"height:24px\" aria-hidden=\"true\" class=\"wp-block-spacer\"><\/div>\n\n\n\n<h2 class=\"wp-block-heading has-text-align-center has-luminous-vivid-amber-background-color has-background\">3) \u00bfQui\u00e9n debe gestionarlo?<\/h2>\n\n\n\n<ul class=\"wp-block-list\">\n<li><strong>Propietarios particulares<\/strong> que venden o alquilan.<\/li>\n\n\n\n<li><strong>Administradores de fincas<\/strong> e <strong>inmobiliarias<\/strong> que necesitan regularizar documentaci\u00f3n.<\/li>\n\n\n\n<li><strong>Inquilinos<\/strong> solo cuando el contrato les obliga (lo habitual es que lo gestione el propietario).<\/li>\n<\/ul>\n\n\n\n<p>Desde<strong> <a href=\"https:\/\/inandoutarchitects.com\/en\/\" target=\"_blank\" rel=\"noreferrer noopener\">In&amp;Out Architects<\/a> <\/strong>lo tramitamos: visitamos, redactamos, <strong>pagamos tasas<\/strong> and <strong>registramos<\/strong> por ti. T\u00fa solo recibes los PDF y la etiqueta listos para usar.<\/p>\n\n\n\n<div style=\"height:44px\" aria-hidden=\"true\" class=\"wp-block-spacer\"><\/div>\n\n\n\n<h2 class=\"wp-block-heading has-text-align-center has-luminous-vivid-amber-background-color has-background\">4) Nuestro proceso (r\u00e1pido y sin complicaciones)<\/h2>\n\n\n\n<div style=\"height:35px\" aria-hidden=\"true\" class=\"wp-block-spacer\"><\/div>\n\n\n\n<ol class=\"wp-block-list\">\n<li><strong>Contact<\/strong>: Dinos direcci\u00f3n (Barcelona ciudad o cualquier municipio del <strong>Baix Llobregat<\/strong>) y qu\u00e9 necesitas (venta, alquiler, alta de suministros\u2026). \n<ul class=\"wp-block-list\">\n<li><strong>Ll\u00e1manos <\/strong>o escribe un <strong>whatsapp <\/strong>al 679861500, Irene os atender\u00e1 amablemente.<\/li>\n\n\n\n<li>O bien envia un <strong>email <\/strong>a info@inandoutarchitects.com dandonos toda la informaci\u00f3n del punto anterior.<\/li>\n<\/ul>\n<\/li>\n\n\n\n<li><strong>Presupuesto<\/strong>: Te diremos el precio total, tasas e impuestos incluidos.<\/li>\n\n\n\n<li><strong>Pago<\/strong>: Os hacemos la factura que enviamos por email para que pod\u00e1is realizar el pago.<\/li>\n\n\n\n<li><strong>Visita t\u00e9cnica<\/strong>: \n<ul class=\"wp-block-list\">\n<li>Coordinamos d\u00eda y hora para la visita.<\/li>\n\n\n\n<li>Medimos, fotografiamos y recopilamos los datos que exige la normativa.<\/li>\n<\/ul>\n<\/li>\n\n\n\n<li><strong>Redacci\u00f3n y tramitaci\u00f3n<\/strong>\n<ul class=\"wp-block-list\">\n<li><strong>C\u00e9dula de habitabilidad (CHB):<\/strong> elaboramos el certificado t\u00e9cnico y <strong>presentamos<\/strong> la solicitud oficial.<\/li>\n\n\n\n<li><strong>Certificado energ\u00e9tico (CEE):<\/strong> modelizamos la vivienda, emitimos el informe y lo <strong>registramos<\/strong> para que obtengas la <strong>etiqueta<\/strong>.<\/li>\n<\/ul>\n<\/li>\n\n\n\n<li><strong>Entrega<\/strong>: Te enviamos la <strong>CHB<\/strong>, el <strong>CEE<\/strong> and <strong>etiqueta energ\u00e9tica<\/strong> in <strong>PDF<\/strong>, listos para contratos, anuncios o comercializaci\u00f3n.<\/li>\n<\/ol>\n\n\n\n<div style=\"height:41px\" aria-hidden=\"true\" class=\"wp-block-spacer\"><\/div>\n\n\n\n<h2 class=\"wp-block-heading has-text-align-center has-luminous-vivid-amber-background-color has-background\"><strong>5) Documentaci\u00f3n que te pediremos (checklist)<\/strong><\/h2>\n\n\n\n<div style=\"height:41px\" aria-hidden=\"true\" class=\"wp-block-spacer\"><\/div>\n\n\n\n<ul class=\"wp-block-list\">\n<li><strong>DNI\/NIE<\/strong> del titular.<\/li>\n\n\n\n<li><strong>T\u00edtulo de propiedad<\/strong> (escritura\/nota simple) o contrato que acredite el uso.<\/li>\n\n\n\n<li><strong>Referencia catastral<\/strong> and <strong>direcci\u00f3n completa<\/strong> (piso, puerta, escalera).<\/li>\n\n\n\n<li>Si los tienes: <strong>blueprints<\/strong> o datos de reformas.<\/li>\n<\/ul>\n\n\n\n<p>Si falta algo, te indicamos alternativas. Nos ocupamos del papeleo.<\/p>\n\n\n\n<div style=\"height:41px\" aria-hidden=\"true\" class=\"wp-block-spacer\"><\/div>\n\n\n\n<h2 class=\"wp-block-heading has-text-align-center has-luminous-vivid-amber-background-color has-background\"><strong>6) \u00c1mbito de trabajo<\/strong><\/h2>\n\n\n\n<div style=\"height:30px\" aria-hidden=\"true\" class=\"wp-block-spacer\"><\/div>\n\n\n\n<p><strong>Barcelona ciudad<\/strong> and <strong>Baix Llobregat<\/strong>: Sant Just Desvern, Sant Joan Desp\u00ed, Esplugues de Llobregat, Sant Feliu de Llobregat, Cornell\u00e0 de Llobregat, Sant Boi de Llobregat, El Prat de Llobregat, Gav\u00e0, Viladecans, Castelldefels, Begues, Molins de Rei, Pallej\u00e0, Sant Vicen\u00e7 dels Horts, Santa Coloma de Cervell\u00f3, Cervell\u00f3, Vallirana, Corbera de Llobregat, Martorell, Abrera, Olesa de Montserrat, Esparreguera, Sant Andreu de la Barca, La Palma de Cervell\u00f3\u2026 <em>(y alrededores)<\/em>.<\/p>\n\n\n\n<div style=\"height:52px\" aria-hidden=\"true\" class=\"wp-block-spacer\"><\/div>\n\n\n\n<h2 class=\"wp-block-heading has-text-align-center has-luminous-vivid-amber-background-color has-background\"><strong>7) Preguntas frecuentes<\/strong><\/h2>\n\n\n\n<p><strong>\u00bfPuedo vender o alquilar sin c\u00e9dula o sin CEE?<\/strong><br>No. Son documentos <strong>obligatorios<\/strong> para formalizar operaciones en Catalu\u00f1a y en Espa\u00f1a.<\/p>\n\n\n\n<p><strong>\u00bfLa c\u00e9dula caduca? \u00bfY el CEE?<\/strong><br>S\u00ed. La c\u00e9dula suele tener <strong>15 a\u00f1os<\/strong> de vigencia (hasta <strong>25<\/strong> en obra nueva). El <strong>CEE<\/strong> dura <strong>10 a\u00f1os<\/strong>.<\/p>\n\n\n\n<p><strong>He perdido la c\u00e9dula o no s\u00e9 si est\u00e1 vigente.<\/strong><br>La podemos <strong>comprobar<\/strong> y, si hace falta, <strong>renovar<\/strong> con una nueva visita t\u00e9cnica.<\/p>\n\n\n\n<p><strong>Mi vivienda es antigua o tiene reformas parciales.<\/strong><br>No pasa nada: valoramos la situaci\u00f3n <strong>real<\/strong> y te indicamos si hay que <strong>subsanar<\/strong> algo menor para cumplir.<\/p>\n\n\n\n<p><strong>\u00bfY si mi etiqueta energ\u00e9tica sale baja?<\/strong><br>Es normal en edificios antiguos. El informe incluye <strong>mejoras<\/strong> para ahorrar energ\u00eda (y dinero) a medio plazo.<\/p>\n\n\n\n<div style=\"height:39px\" aria-hidden=\"true\" class=\"wp-block-spacer\"><\/div>\n\n\n\n<h2 class=\"wp-block-heading has-text-align-center has-luminous-vivid-amber-background-color has-background\">8) Qu\u00e9 incluye nuestro servicio<\/h2>\n\n\n\n<div style=\"height:44px\" aria-hidden=\"true\" class=\"wp-block-spacer\"><\/div>\n\n\n\n<ul class=\"wp-block-list\">\n<li><strong>Visita t\u00e9cnica<\/strong> y toma de datos.<\/li>\n\n\n\n<li><strong>Certificado t\u00e9cnico<\/strong> para c\u00e9dula + <strong>presentaci\u00f3n oficial<\/strong>.<\/li>\n\n\n\n<li><strong>Certificado energ\u00e9tico<\/strong> + <strong>registro<\/strong> and <strong>etiqueta<\/strong>.<\/li>\n\n\n\n<li><strong>Tasas<\/strong> and <strong>gesti\u00f3n administrativa<\/strong>.<\/li>\n\n\n\n<li>Entrega en <strong>PDF<\/strong> and <strong>asesor\u00eda<\/strong> para usar los documentos en compraventas, alquileres o altas de suministros.<\/li>\n<\/ul>\n\n\n\n<div style=\"height:42px\" aria-hidden=\"true\" class=\"wp-block-spacer\"><\/div>\n\n\n\n<h2 class=\"wp-block-heading has-text-align-center has-luminous-vivid-amber-background-color has-background\">9) Asesor\u00eda previa a la compra e interiorismo<\/h2>\n\n\n\n<div style=\"height:39px\" aria-hidden=\"true\" class=\"wp-block-spacer\"><\/div>\n\n\n\n<p>Antes de decidirte por una vivienda en <strong>Barcelona o Baix Llobregat<\/strong>, es clave <strong>validar su estado real<\/strong>, entender <strong>costes de mejora<\/strong> y prever c\u00f3mo impactar\u00e1 en la <strong>c\u00e9dula<\/strong> and <strong>certificado energ\u00e9tico<\/strong>.<\/p>\n\n\n\n<p><br><strong>En In&amp;Out Architects te acompa\u00f1amos con:<\/strong><\/p>\n\n\n\n<h3 class=\"wp-block-heading\">a) <a href=\"https:\/\/inandoutarchitects.com\/en\/consultorias\/\" target=\"_blank\" rel=\"noreferrer noopener\">Consultancy <\/a>t\u00e9cnica antes de comprar<\/h3>\n\n\n\n<ul class=\"wp-block-list\">\n<li><strong>Online (90 min): 150 \u20ac<\/strong>. Revisi\u00f3n de planos, dudas t\u00e9cnicas, estimaci\u00f3n de <strong>costes de reforma<\/strong> and <strong>prioridades de mejora<\/strong> (humedades, carpinter\u00edas, instalaciones, aislamiento, distribuci\u00f3n).<\/li>\n\n\n\n<li><strong>Presencial (90 min):<\/strong> visita t\u00e9cnica a la vivienda (tarifa seg\u00fan ubicaci\u00f3n). Valoraci\u00f3n <strong>in situ<\/strong> de posibles patolog\u00edas, <strong>viabilidad de cambios<\/strong> (derribos, aperturas, legalidad), impacto en <strong>CEE<\/strong> y recomendaciones para <strong>negociar el precio<\/strong>.<\/li>\n\n\n\n<li>Incluye <strong><a href=\"https:\/\/inandoutarchitects.com\/en\/guia-tecnica\/\" target=\"_blank\" rel=\"noreferrer noopener\">gu\u00eda gratuita<\/a><\/strong> y acceso a un <strong><a href=\"https:\/\/inandoutarchitects.com\/en\/webinar\/\" target=\"_blank\" rel=\"noreferrer noopener\">webinar <\/a>de 20 min<\/strong> with <strong>casos reales<\/strong>.<\/li>\n<\/ul>\n\n\n\n<h3 class=\"wp-block-heading\">b) <a href=\"https:\/\/inandoutarchitects.com\/en\/diseno\/\" target=\"_blank\" rel=\"noreferrer noopener\">Interior design <\/a>y reforma<\/h3>\n\n\n\n<ul class=\"wp-block-list\">\n<li>Propuestas de <strong>distribuci\u00f3n<\/strong> and <strong>acabados<\/strong> alineadas con tu presupuesto.<\/li>\n\n\n\n<li>Mejora de <strong>eficiencia energ\u00e9tica<\/strong> (ventanas, aislamiento, ACS\/climatizaci\u00f3n) para <strong>elevar la letra<\/strong> del CEE.<\/li>\n\n\n\n<li>Gesti\u00f3n integral: mediciones, obra, coordinaci\u00f3n y <strong>tr\u00e1mites<\/strong> (c\u00e9dula, CEE y licencias).<\/li>\n<\/ul>\n\n\n\n<h3 class=\"wp-block-heading\"><strong>\u00bfPor qu\u00e9 hablar con arquitectos antes?<\/strong><\/h3>\n\n\n\n<ul class=\"wp-block-list\">\n<li>Evitas <strong>sorpresas<\/strong> y compras con una <strong>hoja de ruta<\/strong>.<\/li>\n\n\n\n<li>Tienes <strong>n\u00fameros realistas<\/strong> de reforma y retorno en confort\/ahorro.<\/li>\n\n\n\n<li>Decides con criterio: <strong>qu\u00e9 mejorar ahora<\/strong>, qu\u00e9 puede esperar y qu\u00e9 <strong>s\u00ed\/no<\/strong> es viable.<\/li>\n<\/ul>\n\n\n\n<p><strong>Contacto directo<\/strong><br>WhatsApp <strong>679 861 500<\/strong> (Irene) \u00b7 Email <strong><a>info@inandoutarchitects.com<\/a><\/strong><br>Te damos <strong>presupuesto cerrado<\/strong> y calendario.<\/p>\n\n\n\n<div style=\"height:39px\" aria-hidden=\"true\" class=\"wp-block-spacer\"><\/div>\n\n\n\n<h2 class=\"wp-block-heading has-text-align-center has-light-green-cyan-background-color has-background\"><strong><strong><strong><strong><strong><strong><strong><strong><strong><strong><strong>10) \u00bfEmpezamos?<\/strong><\/strong><\/strong><\/strong><\/strong><\/strong><\/strong><\/strong><\/strong><\/strong><\/strong><\/h2>\n\n\n\n<div style=\"height:39px\" aria-hidden=\"true\" class=\"wp-block-spacer\"><\/div>\n\n\n\n<p>Cu\u00e9ntanos la <strong>direcci\u00f3n<\/strong> and <strong>motivo<\/strong> (venta, alquiler, alta de suministros).<br><strong>Nosotras tramitamos la c\u00e9dula de habitabilidad y el certificado energ\u00e9tico en Barcelona y Baix Llobregat<\/strong>, con una gesti\u00f3n clara y sin p\u00e9rdidas de tiempo.<\/p>\n\n\n\n<p><strong>\u2192 Escr\u00edbenos y te damos presupuesto cerrado.<\/strong><\/p>\n\n\n\n<div style=\"height:74px\" aria-hidden=\"true\" class=\"wp-block-spacer\"><\/div>\n\n\n<div class=\"wp-block-image\">\n<figure class=\"aligncenter size-large is-resized\"><a href=\"https:\/\/inandoutarchitects.com\/en\/nosotras\/\" target=\"_blank\" rel=\"noreferrer noopener\"><img fetchpriority=\"high\" decoding=\"async\" width=\"1024\" height=\"1024\" src=\"https:\/\/inandoutarchitects.com\/wp-content\/uploads\/2023\/09\/OFIJ3758-1024x1024.jpg\" alt=\"In&amp;Out Architects\" class=\"wp-image-981\" style=\"width:408px;height:auto\" srcset=\"https:\/\/inandoutarchitects.com\/wp-content\/uploads\/2023\/09\/OFIJ3758-1024x1024.jpg 1024w, https:\/\/inandoutarchitects.com\/wp-content\/uploads\/2023\/09\/OFIJ3758-300x300.jpg 300w, https:\/\/inandoutarchitects.com\/wp-content\/uploads\/2023\/09\/OFIJ3758-100x100.jpg 100w, https:\/\/inandoutarchitects.com\/wp-content\/uploads\/2023\/09\/OFIJ3758-600x600.jpg 600w, https:\/\/inandoutarchitects.com\/wp-content\/uploads\/2023\/09\/OFIJ3758-150x150.jpg 150w, https:\/\/inandoutarchitects.com\/wp-content\/uploads\/2023\/09\/OFIJ3758-768x768.jpg 768w, https:\/\/inandoutarchitects.com\/wp-content\/uploads\/2023\/09\/OFIJ3758-650x650.jpg 650w, https:\/\/inandoutarchitects.com\/wp-content\/uploads\/2023\/09\/OFIJ3758.jpg 1134w\" sizes=\"(max-width: 1024px) 100vw, 1024px\" \/><\/a><figcaption class=\"wp-element-caption\">In&amp;Out Architects<\/figcaption><\/figure>\n<\/div>\n\n\n<div style=\"height:74px\" aria-hidden=\"true\" class=\"wp-block-spacer\"><\/div>\n\n\n\n<p><\/p>","protected":false},"excerpt":{"rendered":"<p>Descubre las principales tendencias en cocina para 2025 de la Feria H\u00e1bitat Valencia. Las nuevas cocinas destacan por funcionalidad, est\u00e9tica y tecnolog\u00eda.<\/p>","protected":false},"author":3,"featured_media":4167,"comment_status":"closed","ping_status":"closed","sticky":false,"template":"","format":"standard","meta":{"inline_featured_image":false,"_monsterinsights_skip_tracking":false,"_monsterinsights_sitenote_active":false,"_monsterinsights_sitenote_note":"","_monsterinsights_sitenote_category":0,"_uf_show_specific_survey":0,"_uf_disable_surveys":false,"_jetpack_memberships_contains_paid_content":false,"footnotes":""},"categories":[19,655,656,11,629,14,654,15],"tags":[648,652,570,24,89,642,643,649,646,653,651,650,647,644,645],"class_list":["post-4166","post","type-post","status-publish","format-standard","has-post-thumbnail","hentry","category-arquitectura","category-cedula-habitabilidad","category-certificado-energetico","category-compra-y-venta-de-inmuebles","category-consejos-para-compradores","category-rehabilitacion","category-tramite-vivienda","category-vivienda","tag-agencia-de-lhabitatge-de-catalunya","tag-alta-de-suministros","tag-baix-llobregat","tag-barcelona","tag-cedula-de-habitabilidad","tag-cee","tag-certificado-energetico","tag-etiqueta-energetica","tag-icaen","tag-obra-nueva","tag-renovacion-cedula","tag-segunda-ocupacion","tag-tramitacion-cedula","tag-tramitar-certificado-energetico","tag-venta-y-alquiler-vivienda"],"yoast_head":"<!-- This site is optimized with the Yoast SEO plugin v27.5 - https:\/\/yoast.com\/product\/yoast-seo-wordpress\/ -->\n<title>C\u00e9dula y Certificado Energ\u00e9tico: Barcelona y Baix Llobregat<\/title>\n<meta name=\"description\" content=\"C\u00e9dula y certificado energ\u00e9tico en Barcelona y Baix Llobregat: lo tramitamos por ti. Entrega en PDF y presupuesto r\u00e1pido.\" \/>\n<meta name=\"robots\" content=\"index, follow, max-snippet:-1, max-image-preview:large, max-video-preview:-1\" \/>\n<link rel=\"canonical\" href=\"https:\/\/inandoutarchitects.com\/en\/cedula-habitabilidad-certificado-energetico-barcelona-baix-llobregat\/\" \/>\n<meta property=\"og:locale\" content=\"en_US\" \/>\n<meta property=\"og:type\" content=\"article\" \/>\n<meta property=\"og:title\" content=\"C\u00e9dula y Certificado Energ\u00e9tico: Barcelona y Baix Llobregat\" \/>\n<meta property=\"og:description\" content=\"C\u00e9dula y certificado energ\u00e9tico en Barcelona y Baix Llobregat: lo tramitamos por ti. Entrega en PDF y presupuesto r\u00e1pido.\" \/>\n<meta property=\"og:url\" content=\"https:\/\/inandoutarchitects.com\/en\/cedula-habitabilidad-certificado-energetico-barcelona-baix-llobregat\/\" \/>\n<meta property=\"og:site_name\" content=\"In&amp;Out Architects\" \/>\n<meta property=\"article:published_time\" content=\"2025-11-07T21:06:56+00:00\" \/>\n<meta property=\"article:modified_time\" content=\"2025-11-07T22:14:02+00:00\" \/>\n<meta property=\"og:image\" content=\"https:\/\/inandoutarchitects.com\/wp-content\/uploads\/2025\/11\/pexels-pixabay-271667-scaled.jpg\" \/>\n\t<meta property=\"og:image:width\" content=\"2560\" \/>\n\t<meta property=\"og:image:height\" content=\"1696\" \/>\n\t<meta property=\"og:image:type\" content=\"image\/jpeg\" \/>\n<meta name=\"author\" content=\"IRENE ALMENDROS DIAZ\" \/>\n<meta name=\"twitter:card\" content=\"summary_large_image\" \/>\n<meta name=\"twitter:label1\" content=\"Written by\" \/>\n\t<meta name=\"twitter:data1\" content=\"IRENE ALMENDROS DIAZ\" \/>\n\t<meta name=\"twitter:label2\" content=\"Est. reading time\" \/>\n\t<meta name=\"twitter:data2\" content=\"6 minutes\" \/>\n<script type=\"application\/ld+json\" class=\"yoast-schema-graph\">{\"@context\":\"https:\\\/\\\/schema.org\",\"@graph\":[{\"@type\":\"Article\",\"@id\":\"https:\\\/\\\/inandoutarchitects.com\\\/cedula-habitabilidad-certificado-energetico-barcelona-baix-llobregat\\\/#article\",\"isPartOf\":{\"@id\":\"https:\\\/\\\/inandoutarchitects.com\\\/cedula-habitabilidad-certificado-energetico-barcelona-baix-llobregat\\\/\"},\"author\":{\"name\":\"IRENE ALMENDROS DIAZ\",\"@id\":\"https:\\\/\\\/inandoutarchitects.com\\\/#\\\/schema\\\/person\\\/5a74e725599dd3012d72ab27f8d924f1\"},\"headline\":\"C\u00c9DULA Y CERTIFICADO ENERG\u00c9TICO EN BARCELONA Y BAIX LLOBREGAT\",\"datePublished\":\"2025-11-07T21:06:56+00:00\",\"dateModified\":\"2025-11-07T22:14:02+00:00\",\"mainEntityOfPage\":{\"@id\":\"https:\\\/\\\/inandoutarchitects.com\\\/cedula-habitabilidad-certificado-energetico-barcelona-baix-llobregat\\\/\"},\"wordCount\":1108,\"publisher\":{\"@id\":\"https:\\\/\\\/inandoutarchitects.com\\\/#organization\"},\"image\":{\"@id\":\"https:\\\/\\\/inandoutarchitects.com\\\/cedula-habitabilidad-certificado-energetico-barcelona-baix-llobregat\\\/#primaryimage\"},\"thumbnailUrl\":\"https:\\\/\\\/inandoutarchitects.com\\\/wp-content\\\/uploads\\\/2025\\\/11\\\/pexels-pixabay-271667-scaled.jpg\",\"keywords\":[\"Ag\u00e8ncia de l\u2019Habitatge de Catalunya\",\"alta de suministros\",\"baix llobregat\",\"Barcelona\",\"c\u00e9dula de habitabilidad\",\"CEE\",\"certificado energ\u00e9tico\",\"etiqueta energ\u00e9tica\",\"ICAEN\",\"obra nueva\",\"renovaci\u00f3n c\u00e9dula\",\"segunda ocupaci\u00f3n\",\"tramitaci\u00f3n c\u00e9dula\",\"tramitar certificado energ\u00e9tico\",\"venta y alquiler vivienda\"],\"articleSection\":[\"Arquitectura\",\"cedula habitabilidad\",\"certificado energ\u00e9tico\",\"Compra y Venta De Inmuebles\",\"Consejos para compradores\",\"Rehabilitaci\u00f3n\",\"Tramite vivienda\",\"Vivienda\"],\"inLanguage\":\"en-US\"},{\"@type\":\"WebPage\",\"@id\":\"https:\\\/\\\/inandoutarchitects.com\\\/cedula-habitabilidad-certificado-energetico-barcelona-baix-llobregat\\\/\",\"url\":\"https:\\\/\\\/inandoutarchitects.com\\\/cedula-habitabilidad-certificado-energetico-barcelona-baix-llobregat\\\/\",\"name\":\"C\u00e9dula y Certificado Energ\u00e9tico: Barcelona y Baix Llobregat\",\"isPartOf\":{\"@id\":\"https:\\\/\\\/inandoutarchitects.com\\\/#website\"},\"primaryImageOfPage\":{\"@id\":\"https:\\\/\\\/inandoutarchitects.com\\\/cedula-habitabilidad-certificado-energetico-barcelona-baix-llobregat\\\/#primaryimage\"},\"image\":{\"@id\":\"https:\\\/\\\/inandoutarchitects.com\\\/cedula-habitabilidad-certificado-energetico-barcelona-baix-llobregat\\\/#primaryimage\"},\"thumbnailUrl\":\"https:\\\/\\\/inandoutarchitects.com\\\/wp-content\\\/uploads\\\/2025\\\/11\\\/pexels-pixabay-271667-scaled.jpg\",\"datePublished\":\"2025-11-07T21:06:56+00:00\",\"dateModified\":\"2025-11-07T22:14:02+00:00\",\"description\":\"C\u00e9dula y certificado energ\u00e9tico en Barcelona y Baix Llobregat: lo tramitamos por ti. Entrega en PDF y presupuesto r\u00e1pido.\",\"breadcrumb\":{\"@id\":\"https:\\\/\\\/inandoutarchitects.com\\\/cedula-habitabilidad-certificado-energetico-barcelona-baix-llobregat\\\/#breadcrumb\"},\"inLanguage\":\"en-US\",\"potentialAction\":[{\"@type\":\"ReadAction\",\"target\":[\"https:\\\/\\\/inandoutarchitects.com\\\/cedula-habitabilidad-certificado-energetico-barcelona-baix-llobregat\\\/\"]}]},{\"@type\":\"ImageObject\",\"inLanguage\":\"en-US\",\"@id\":\"https:\\\/\\\/inandoutarchitects.com\\\/cedula-habitabilidad-certificado-energetico-barcelona-baix-llobregat\\\/#primaryimage\",\"url\":\"https:\\\/\\\/inandoutarchitects.com\\\/wp-content\\\/uploads\\\/2025\\\/11\\\/pexels-pixabay-271667-scaled.jpg\",\"contentUrl\":\"https:\\\/\\\/inandoutarchitects.com\\\/wp-content\\\/uploads\\\/2025\\\/11\\\/pexels-pixabay-271667-scaled.jpg\",\"width\":2560,\"height\":1696,\"caption\":\"cedula habitabilidad\"},{\"@type\":\"BreadcrumbList\",\"@id\":\"https:\\\/\\\/inandoutarchitects.com\\\/cedula-habitabilidad-certificado-energetico-barcelona-baix-llobregat\\\/#breadcrumb\",\"itemListElement\":[{\"@type\":\"ListItem\",\"position\":1,\"name\":\"Portada\",\"item\":\"https:\\\/\\\/inandoutarchitects.com\\\/\"},{\"@type\":\"ListItem\",\"position\":2,\"name\":\"C\u00c9DULA Y CERTIFICADO ENERG\u00c9TICO EN BARCELONA Y BAIX LLOBREGAT\"}]},{\"@type\":\"WebSite\",\"@id\":\"https:\\\/\\\/inandoutarchitects.com\\\/#website\",\"url\":\"https:\\\/\\\/inandoutarchitects.com\\\/\",\"name\":\"In&amp;Out Architects\",\"description\":\"\",\"publisher\":{\"@id\":\"https:\\\/\\\/inandoutarchitects.com\\\/#organization\"},\"potentialAction\":[{\"@type\":\"SearchAction\",\"target\":{\"@type\":\"EntryPoint\",\"urlTemplate\":\"https:\\\/\\\/inandoutarchitects.com\\\/?s={search_term_string}\"},\"query-input\":{\"@type\":\"PropertyValueSpecification\",\"valueRequired\":true,\"valueName\":\"search_term_string\"}}],\"inLanguage\":\"en-US\"},{\"@type\":\"Organization\",\"@id\":\"https:\\\/\\\/inandoutarchitects.com\\\/#organization\",\"name\":\"In&amp;Out Architects\",\"url\":\"https:\\\/\\\/inandoutarchitects.com\\\/\",\"logo\":{\"@type\":\"ImageObject\",\"inLanguage\":\"en-US\",\"@id\":\"https:\\\/\\\/inandoutarchitects.com\\\/#\\\/schema\\\/logo\\\/image\\\/\",\"url\":\"https:\\\/\\\/inandoutarchitects.com\\\/wp-content\\\/uploads\\\/2023\\\/08\\\/cropped-Enmascarar-grupo-8.png\",\"contentUrl\":\"https:\\\/\\\/inandoutarchitects.com\\\/wp-content\\\/uploads\\\/2023\\\/08\\\/cropped-Enmascarar-grupo-8.png\",\"width\":83,\"height\":83,\"caption\":\"In&amp;Out Architects\"},\"image\":{\"@id\":\"https:\\\/\\\/inandoutarchitects.com\\\/#\\\/schema\\\/logo\\\/image\\\/\"}},{\"@type\":\"Person\",\"@id\":\"https:\\\/\\\/inandoutarchitects.com\\\/#\\\/schema\\\/person\\\/5a74e725599dd3012d72ab27f8d924f1\",\"name\":\"IRENE ALMENDROS DIAZ\",\"image\":{\"@type\":\"ImageObject\",\"inLanguage\":\"en-US\",\"@id\":\"https:\\\/\\\/secure.gravatar.com\\\/avatar\\\/b5fb5b72d1fd3caa0e5c64aef8e74353cefa79b3c70e06facee1c14b59a91d57?s=96&d=mm&r=g\",\"url\":\"https:\\\/\\\/secure.gravatar.com\\\/avatar\\\/b5fb5b72d1fd3caa0e5c64aef8e74353cefa79b3c70e06facee1c14b59a91d57?s=96&d=mm&r=g\",\"contentUrl\":\"https:\\\/\\\/secure.gravatar.com\\\/avatar\\\/b5fb5b72d1fd3caa0e5c64aef8e74353cefa79b3c70e06facee1c14b59a91d57?s=96&d=mm&r=g\",\"caption\":\"IRENE ALMENDROS DIAZ\"},\"url\":\"https:\\\/\\\/inandoutarchitects.com\\\/en\\\/author\\\/irene\\\/\"}]}<\/script>\n<!-- \/ Yoast SEO plugin. -->","yoast_head_json":{"title":"C\u00e9dula y Certificado Energ\u00e9tico: Barcelona y Baix Llobregat","description":"C\u00e9dula y certificado energ\u00e9tico en Barcelona y Baix Llobregat: lo tramitamos por ti. Entrega en PDF y presupuesto r\u00e1pido.","robots":{"index":"index","follow":"follow","max-snippet":"max-snippet:-1","max-image-preview":"max-image-preview:large","max-video-preview":"max-video-preview:-1"},"canonical":"https:\/\/inandoutarchitects.com\/en\/cedula-habitabilidad-certificado-energetico-barcelona-baix-llobregat\/","og_locale":"en_US","og_type":"article","og_title":"C\u00e9dula y Certificado Energ\u00e9tico: Barcelona y Baix Llobregat","og_description":"C\u00e9dula y certificado energ\u00e9tico en Barcelona y Baix Llobregat: lo tramitamos por ti. Entrega en PDF y presupuesto r\u00e1pido.","og_url":"https:\/\/inandoutarchitects.com\/en\/cedula-habitabilidad-certificado-energetico-barcelona-baix-llobregat\/","og_site_name":"In&amp;Out Architects","article_published_time":"2025-11-07T21:06:56+00:00","article_modified_time":"2025-11-07T22:14:02+00:00","og_image":[{"width":2560,"height":1696,"url":"https:\/\/inandoutarchitects.com\/wp-content\/uploads\/2025\/11\/pexels-pixabay-271667-scaled.jpg","type":"image\/jpeg"}],"author":"IRENE ALMENDROS DIAZ","twitter_card":"summary_large_image","twitter_misc":{"Written by":"IRENE ALMENDROS DIAZ","Est. reading time":"6 minutes"},"schema":{"@context":"https:\/\/schema.org","@graph":[{"@type":"Article","@id":"https:\/\/inandoutarchitects.com\/cedula-habitabilidad-certificado-energetico-barcelona-baix-llobregat\/#article","isPartOf":{"@id":"https:\/\/inandoutarchitects.com\/cedula-habitabilidad-certificado-energetico-barcelona-baix-llobregat\/"},"author":{"name":"IRENE ALMENDROS DIAZ","@id":"https:\/\/inandoutarchitects.com\/#\/schema\/person\/5a74e725599dd3012d72ab27f8d924f1"},"headline":"C\u00c9DULA Y CERTIFICADO ENERG\u00c9TICO EN BARCELONA Y BAIX LLOBREGAT","datePublished":"2025-11-07T21:06:56+00:00","dateModified":"2025-11-07T22:14:02+00:00","mainEntityOfPage":{"@id":"https:\/\/inandoutarchitects.com\/cedula-habitabilidad-certificado-energetico-barcelona-baix-llobregat\/"},"wordCount":1108,"publisher":{"@id":"https:\/\/inandoutarchitects.com\/#organization"},"image":{"@id":"https:\/\/inandoutarchitects.com\/cedula-habitabilidad-certificado-energetico-barcelona-baix-llobregat\/#primaryimage"},"thumbnailUrl":"https:\/\/inandoutarchitects.com\/wp-content\/uploads\/2025\/11\/pexels-pixabay-271667-scaled.jpg","keywords":["Ag\u00e8ncia de l\u2019Habitatge de Catalunya","alta de suministros","baix llobregat","Barcelona","c\u00e9dula de habitabilidad","CEE","certificado energ\u00e9tico","etiqueta energ\u00e9tica","ICAEN","obra nueva","renovaci\u00f3n c\u00e9dula","segunda ocupaci\u00f3n","tramitaci\u00f3n c\u00e9dula","tramitar certificado energ\u00e9tico","venta y alquiler vivienda"],"articleSection":["Arquitectura","cedula habitabilidad","certificado energ\u00e9tico","Compra y Venta De Inmuebles","Consejos para compradores","Rehabilitaci\u00f3n","Tramite vivienda","Vivienda"],"inLanguage":"en-US"},{"@type":"WebPage","@id":"https:\/\/inandoutarchitects.com\/cedula-habitabilidad-certificado-energetico-barcelona-baix-llobregat\/","url":"https:\/\/inandoutarchitects.com\/cedula-habitabilidad-certificado-energetico-barcelona-baix-llobregat\/","name":"C\u00e9dula y Certificado Energ\u00e9tico: Barcelona y Baix Llobregat","isPartOf":{"@id":"https:\/\/inandoutarchitects.com\/#website"},"primaryImageOfPage":{"@id":"https:\/\/inandoutarchitects.com\/cedula-habitabilidad-certificado-energetico-barcelona-baix-llobregat\/#primaryimage"},"image":{"@id":"https:\/\/inandoutarchitects.com\/cedula-habitabilidad-certificado-energetico-barcelona-baix-llobregat\/#primaryimage"},"thumbnailUrl":"https:\/\/inandoutarchitects.com\/wp-content\/uploads\/2025\/11\/pexels-pixabay-271667-scaled.jpg","datePublished":"2025-11-07T21:06:56+00:00","dateModified":"2025-11-07T22:14:02+00:00","description":"C\u00e9dula y certificado energ\u00e9tico en Barcelona y Baix Llobregat: lo tramitamos por ti. Entrega en PDF y presupuesto r\u00e1pido.","breadcrumb":{"@id":"https:\/\/inandoutarchitects.com\/cedula-habitabilidad-certificado-energetico-barcelona-baix-llobregat\/#breadcrumb"},"inLanguage":"en-US","potentialAction":[{"@type":"ReadAction","target":["https:\/\/inandoutarchitects.com\/cedula-habitabilidad-certificado-energetico-barcelona-baix-llobregat\/"]}]},{"@type":"ImageObject","inLanguage":"en-US","@id":"https:\/\/inandoutarchitects.com\/cedula-habitabilidad-certificado-energetico-barcelona-baix-llobregat\/#primaryimage","url":"https:\/\/inandoutarchitects.com\/wp-content\/uploads\/2025\/11\/pexels-pixabay-271667-scaled.jpg","contentUrl":"https:\/\/inandoutarchitects.com\/wp-content\/uploads\/2025\/11\/pexels-pixabay-271667-scaled.jpg","width":2560,"height":1696,"caption":"cedula habitabilidad"},{"@type":"BreadcrumbList","@id":"https:\/\/inandoutarchitects.com\/cedula-habitabilidad-certificado-energetico-barcelona-baix-llobregat\/#breadcrumb","itemListElement":[{"@type":"ListItem","position":1,"name":"Portada","item":"https:\/\/inandoutarchitects.com\/"},{"@type":"ListItem","position":2,"name":"C\u00c9DULA Y CERTIFICADO ENERG\u00c9TICO EN BARCELONA Y BAIX LLOBREGAT"}]},{"@type":"WebSite","@id":"https:\/\/inandoutarchitects.com\/#website","url":"https:\/\/inandoutarchitects.com\/","name":"In&amp;Out Architects","description":"","publisher":{"@id":"https:\/\/inandoutarchitects.com\/#organization"},"potentialAction":[{"@type":"SearchAction","target":{"@type":"EntryPoint","urlTemplate":"https:\/\/inandoutarchitects.com\/?s={search_term_string}"},"query-input":{"@type":"PropertyValueSpecification","valueRequired":true,"valueName":"search_term_string"}}],"inLanguage":"en-US"},{"@type":"Organization","@id":"https:\/\/inandoutarchitects.com\/#organization","name":"In&amp;Out Architects","url":"https:\/\/inandoutarchitects.com\/","logo":{"@type":"ImageObject","inLanguage":"en-US","@id":"https:\/\/inandoutarchitects.com\/#\/schema\/logo\/image\/","url":"https:\/\/inandoutarchitects.com\/wp-content\/uploads\/2023\/08\/cropped-Enmascarar-grupo-8.png","contentUrl":"https:\/\/inandoutarchitects.com\/wp-content\/uploads\/2023\/08\/cropped-Enmascarar-grupo-8.png","width":83,"height":83,"caption":"In&amp;Out Architects"},"image":{"@id":"https:\/\/inandoutarchitects.com\/#\/schema\/logo\/image\/"}},{"@type":"Person","@id":"https:\/\/inandoutarchitects.com\/#\/schema\/person\/5a74e725599dd3012d72ab27f8d924f1","name":"IRENE ALMENDROS DIAZ","image":{"@type":"ImageObject","inLanguage":"en-US","@id":"https:\/\/secure.gravatar.com\/avatar\/b5fb5b72d1fd3caa0e5c64aef8e74353cefa79b3c70e06facee1c14b59a91d57?s=96&d=mm&r=g","url":"https:\/\/secure.gravatar.com\/avatar\/b5fb5b72d1fd3caa0e5c64aef8e74353cefa79b3c70e06facee1c14b59a91d57?s=96&d=mm&r=g","contentUrl":"https:\/\/secure.gravatar.com\/avatar\/b5fb5b72d1fd3caa0e5c64aef8e74353cefa79b3c70e06facee1c14b59a91d57?s=96&d=mm&r=g","caption":"IRENE ALMENDROS DIAZ"},"url":"https:\/\/inandoutarchitects.com\/en\/author\/irene\/"}]}},"jetpack_featured_media_url":"https:\/\/inandoutarchitects.com\/wp-content\/uploads\/2025\/11\/pexels-pixabay-271667-scaled.jpg","jetpack_sharing_enabled":true,"_links":{"self":[{"href":"https:\/\/inandoutarchitects.com\/en\/wp-json\/wp\/v2\/posts\/4166","targetHints":{"allow":["GET"]}}],"collection":[{"href":"https:\/\/inandoutarchitects.com\/en\/wp-json\/wp\/v2\/posts"}],"about":[{"href":"https:\/\/inandoutarchitects.com\/en\/wp-json\/wp\/v2\/types\/post"}],"author":[{"embeddable":true,"href":"https:\/\/inandoutarchitects.com\/en\/wp-json\/wp\/v2\/users\/3"}],"replies":[{"embeddable":true,"href":"https:\/\/inandoutarchitects.com\/en\/wp-json\/wp\/v2\/comments?post=4166"}],"version-history":[{"count":7,"href":"https:\/\/inandoutarchitects.com\/en\/wp-json\/wp\/v2\/posts\/4166\/revisions"}],"predecessor-version":[{"id":4175,"href":"https:\/\/inandoutarchitects.com\/en\/wp-json\/wp\/v2\/posts\/4166\/revisions\/4175"}],"wp:featuredmedia":[{"embeddable":true,"href":"https:\/\/inandoutarchitects.com\/en\/wp-json\/wp\/v2\/media\/4167"}],"wp:attachment":[{"href":"https:\/\/inandoutarchitects.com\/en\/wp-json\/wp\/v2\/media?parent=4166"}],"wp:term":[{"taxonomy":"category","embeddable":true,"href":"https:\/\/inandoutarchitects.com\/en\/wp-json\/wp\/v2\/categories?post=4166"},{"taxonomy":"post_tag","embeddable":true,"href":"https:\/\/inandoutarchitects.com\/en\/wp-json\/wp\/v2\/tags?post=4166"}],"curies":[{"name":"wp","href":"https:\/\/api.w.org\/{rel}","templated":true}]}}