{"id":4002,"date":"2025-05-01T10:29:17","date_gmt":"2025-05-01T10:29:17","guid":{"rendered":"https:\/\/inandoutarchitects.com\/?p=4002"},"modified":"2025-05-02T07:50:38","modified_gmt":"2025-05-02T07:50:38","slug":"rehabilitar-casa-autosuficiente-barcelona","status":"publish","type":"post","link":"https:\/\/inandoutarchitects.com\/en\/rehabilitar-casa-autosuficiente-barcelona\/","title":{"rendered":"\u00bfPENSANDO EN MUDARTE AL CAMPO TRAS EL APAG\u00d3N? REHABILITA TU CASA PARA SER AUTOSUFICIENTE CERCA DE BARCELONA"},"content":{"rendered":"<h1 class=\"wp-block-heading\">\u00bfUn apag\u00f3n m\u00e1s? Quiz\u00e1s es hora de mudarse al campo, a una <strong>casa autosuficiente cerca de Barcelona<\/strong>, con huerto, sol y tranquilidad (y un buen arquitecto).<\/h1>\n\n\n\n<div style=\"height:41px\" aria-hidden=\"true\" class=\"wp-block-spacer\"><\/div>\n\n\n\n<p>El reciente apag\u00f3n que afect\u00f3 a buena parte de Espa\u00f1a ha hecho reflexionar a muchas personas. \u00bfY si vivir en el campo no fuera solo una fantas\u00eda rom\u00e1ntica, sino una decisi\u00f3n pr\u00e1ctica, sostenible y urgente?<\/p>\n\n\n\n<p>Cada vez m\u00e1s personas buscan una vivienda fuera de la ciudad, en un entorno m\u00e1s tranquilo, verde, donde poder cultivar un huerto, recolectar agua de lluvia, producir su propia energ\u00eda y vivir sin depender tanto de lo externo. Pero para hacerlo bien, necesitas acompa\u00f1amiento t\u00e9cnico y una visi\u00f3n clara.<\/p>\n\n\n\n<p>En In&amp;out Architects te ayudamos a encontrar y reformar tu <strong>casa autosuficiente cerca de Barcelona<\/strong>, con un enfoque sostenible, est\u00e9tico y adaptado a tu estilo de vida.<\/p>\n\n\n\n<div style=\"height:41px\" aria-hidden=\"true\" class=\"wp-block-spacer\"><\/div>\n\n\n<div class=\"wp-block-image\">\n<figure class=\"aligncenter size-large\"><img fetchpriority=\"high\" decoding=\"async\" width=\"1024\" height=\"726\" src=\"https:\/\/inandoutarchitects.com\/wp-content\/uploads\/2025\/05\/pexels-muhammed-eratilgan-2532955-11021171-1024x726.jpg\" alt=\"Vivir en el campo\" class=\"wp-image-4008\" title=\"Par G\u00fcell\" srcset=\"https:\/\/inandoutarchitects.com\/wp-content\/uploads\/2025\/05\/pexels-muhammed-eratilgan-2532955-11021171-1024x726.jpg 1024w, https:\/\/inandoutarchitects.com\/wp-content\/uploads\/2025\/05\/pexels-muhammed-eratilgan-2532955-11021171-300x213.jpg 300w, https:\/\/inandoutarchitects.com\/wp-content\/uploads\/2025\/05\/pexels-muhammed-eratilgan-2532955-11021171-768x545.jpg 768w, https:\/\/inandoutarchitects.com\/wp-content\/uploads\/2025\/05\/pexels-muhammed-eratilgan-2532955-11021171-1536x1089.jpg 1536w, https:\/\/inandoutarchitects.com\/wp-content\/uploads\/2025\/05\/pexels-muhammed-eratilgan-2532955-11021171-2048x1452.jpg 2048w, https:\/\/inandoutarchitects.com\/wp-content\/uploads\/2025\/05\/pexels-muhammed-eratilgan-2532955-11021171-18x12.jpg 18w, https:\/\/inandoutarchitects.com\/wp-content\/uploads\/2025\/05\/pexels-muhammed-eratilgan-2532955-11021171-600x425.jpg 600w\" sizes=\"(max-width: 1024px) 100vw, 1024px\" \/><figcaption class=\"wp-element-caption\">Vivir en el campo<\/figcaption><\/figure>\n<\/div>\n\n\n<div style=\"height:40px\" aria-hidden=\"true\" class=\"wp-block-spacer\"><\/div>\n\n\n\n<h2 class=\"wp-block-heading has-text-align-center has-luminous-vivid-amber-background-color has-background\"><strong><strong><strong><strong><strong>En In&amp;out Architects hacemos posible esa vida autosuficiente que imaginas<\/strong><\/strong><\/strong><\/strong><\/strong><\/h2>\n\n\n\n<div style=\"height:46px\" aria-hidden=\"true\" class=\"wp-block-spacer\"><\/div>\n\n\n\n<p>Somos un despacho de arquitectura con base en Barcelona y el <a href=\"https:\/\/es.wikipedia.org\/wiki\/Bajo_Llobregat\" target=\"_blank\" rel=\"noreferrer noopener\">Baix Llobregat<\/a>, especializado en <strong>rehabilitaci\u00f3n de casas antiguas<\/strong>, muchas de ellas protegidas por patrimonio. Sabemos c\u00f3mo transformar estas construcciones en <strong>hogares eficientes, c\u00f3modos y sostenibles<\/strong>, sin perder su car\u00e1cter.<\/p>\n\n\n\n<p>At <a href=\"https:\/\/inandoutarchitects.com\/en\/nosotras\/\" target=\"_blank\" rel=\"noreferrer noopener\">In&amp;Out Architects<\/a> contamos con:<\/p>\n\n\n\n<ul class=\"wp-block-list\">\n<li><strong>Una amplia experiencia como arquitectas<\/strong> en obras complejas de reforma y direcci\u00f3n de obra.<\/li>\n\n\n\n<li><strong>Una experta en estructuras<\/strong>, clave en viviendas antiguas que necesitan refuerzos o modificaciones.<\/li>\n\n\n\n<li><strong>Un especialista en eficiencia energ\u00e9tica<\/strong>, que nos permite dise\u00f1ar viviendas con bajo consumo y alta autosuficiencia.<\/li>\n<\/ul>\n\n\n\n<div style=\"height:36px\" aria-hidden=\"true\" class=\"wp-block-spacer\"><\/div>\n\n\n<div class=\"wp-block-image\">\n<figure class=\"aligncenter size-full\"><img decoding=\"async\" width=\"400\" height=\"541\" src=\"https:\/\/inandoutarchitects.com\/wp-content\/uploads\/2023\/08\/IMG-20220704-WA0001.png\" alt=\"\" class=\"wp-image-352\" srcset=\"https:\/\/inandoutarchitects.com\/wp-content\/uploads\/2023\/08\/IMG-20220704-WA0001.png 400w, https:\/\/inandoutarchitects.com\/wp-content\/uploads\/2023\/08\/IMG-20220704-WA0001-222x300.png 222w\" sizes=\"(max-width: 400px) 100vw, 400px\" \/><figcaption class=\"wp-element-caption\">In&amp;Out Architects<\/figcaption><\/figure>\n<\/div>\n\n\n<p>Y, sobre todo, conocemos muy bien el entorno rural cerca de Barcelona: desde los pueblos del <strong>Baix Llobregat<\/strong> (Sant Climent, Torrelles, Corbera\u2026) hasta zonas del <strong>Alt Pened\u00e8s<\/strong>, <strong>Garraf <\/strong>o <strong>Vall\u00e8s<\/strong>, donde a\u00fan se pueden encontrar casas con jard\u00edn y buenas vistas, sin estar lejos de la ciudad.<\/p>\n\n\n\n<div style=\"height:24px\" aria-hidden=\"true\" class=\"wp-block-spacer\"><\/div>\n\n\n\n<h2 class=\"wp-block-heading has-text-align-center has-luminous-vivid-amber-background-color has-background\"><strong><strong><strong><strong><strong>Placas solares: tu energ\u00eda, tu libertad<\/strong><\/strong><\/strong><\/strong><\/strong><\/h2>\n\n\n\n<div style=\"height:35px\" aria-hidden=\"true\" class=\"wp-block-spacer\"><\/div>\n\n\n<div class=\"wp-block-image\">\n<figure class=\"aligncenter size-large is-resized\"><img decoding=\"async\" width=\"1024\" height=\"768\" src=\"https:\/\/inandoutarchitects.com\/wp-content\/uploads\/2025\/05\/pexels-calvinseng-31793873-1024x768.jpg\" alt=\"placas solares\" class=\"wp-image-4026\" style=\"width:604px;height:auto\" srcset=\"https:\/\/inandoutarchitects.com\/wp-content\/uploads\/2025\/05\/pexels-calvinseng-31793873-1024x768.jpg 1024w, https:\/\/inandoutarchitects.com\/wp-content\/uploads\/2025\/05\/pexels-calvinseng-31793873-300x225.jpg 300w, https:\/\/inandoutarchitects.com\/wp-content\/uploads\/2025\/05\/pexels-calvinseng-31793873-768x576.jpg 768w, https:\/\/inandoutarchitects.com\/wp-content\/uploads\/2025\/05\/pexels-calvinseng-31793873-1536x1152.jpg 1536w, https:\/\/inandoutarchitects.com\/wp-content\/uploads\/2025\/05\/pexels-calvinseng-31793873-2048x1536.jpg 2048w, https:\/\/inandoutarchitects.com\/wp-content\/uploads\/2025\/05\/pexels-calvinseng-31793873-16x12.jpg 16w, https:\/\/inandoutarchitects.com\/wp-content\/uploads\/2025\/05\/pexels-calvinseng-31793873-600x450.jpg 600w\" sizes=\"(max-width: 1024px) 100vw, 1024px\" \/><figcaption class=\"wp-element-caption\">placas solares<\/figcaption><\/figure>\n<\/div>\n\n\n<div style=\"height:44px\" aria-hidden=\"true\" class=\"wp-block-spacer\"><\/div>\n\n\n\n<h3 class=\"wp-block-heading\"><strong>Instalaci\u00f3n inteligente adaptada a cada vivienda<\/strong><\/h3>\n\n\n\n<div style=\"height:35px\" aria-hidden=\"true\" class=\"wp-block-spacer\"><\/div>\n\n\n\n<p>Las <a href=\"https:\/\/qksol.com\/\" target=\"_blank\" rel=\"noreferrer noopener\">placas fotovoltaicas<\/a> permiten que tu casa genere su propia electricidad. <strong>Instaladas en el tejado, conectadas a bater\u00edas o a la red, reducen tu factura y tu dependencia energ\u00e9tica.<\/strong><\/p>\n\n\n\n<p>Estudiamos la orientaci\u00f3n del tejado, las sombras, las necesidades reales de consumo y el tipo de instalaci\u00f3n que m\u00e1s te conviene. Podemos incluso <strong>integrar est\u00e9ticamente las placas<\/strong> en casas con valor patrimonial.<\/p>\n\n\n\n<div style=\"height:41px\" aria-hidden=\"true\" class=\"wp-block-spacer\"><\/div>\n\n\n\n<h2 class=\"wp-block-heading has-text-align-center has-luminous-vivid-amber-background-color has-background\"><strong>Aerotermia: calefacci\u00f3n y agua caliente con energ\u00eda del aire<\/strong><\/h2>\n\n\n\n<div style=\"height:30px\" aria-hidden=\"true\" class=\"wp-block-spacer\"><\/div>\n\n\n\n<p>La aerotermia es uno de los sistemas m\u00e1s eficientes y sostenibles del momento. <strong>Aprovecha la energ\u00eda del aire exterior para calentar tu casa y el agua sanitaria, con un consumo el\u00e9ctrico m\u00ednimo<\/strong> (y a\u00fan menor si se combina con placas solares).<\/p>\n\n\n\n<p>Es ideal para viviendas rehabilitadas, donde no hay acceso a gas o se quiere prescindir completamente de combustibles f\u00f3siles.<\/p>\n\n\n\n<div style=\"height:39px\" aria-hidden=\"true\" class=\"wp-block-spacer\"><\/div>\n\n\n\n<h2 class=\"wp-block-heading has-text-align-center has-luminous-vivid-amber-background-color has-background\"><strong><strong><strong><strong><strong>Recolecci\u00f3n de aguas pluviales: aprovechar lo que cae del cielo<\/strong><\/strong><\/strong><\/strong><\/strong><\/h2>\n\n\n\n<div style=\"height:44px\" aria-hidden=\"true\" class=\"wp-block-spacer\"><\/div>\n\n\n\n<figure class=\"wp-block-image size-full\"><img loading=\"lazy\" decoding=\"async\" width=\"890\" height=\"436\" src=\"https:\/\/inandoutarchitects.com\/wp-content\/uploads\/2025\/05\/Captura.jpg\" alt=\"\" class=\"wp-image-4023\" srcset=\"https:\/\/inandoutarchitects.com\/wp-content\/uploads\/2025\/05\/Captura.jpg 890w, https:\/\/inandoutarchitects.com\/wp-content\/uploads\/2025\/05\/Captura-300x147.jpg 300w, https:\/\/inandoutarchitects.com\/wp-content\/uploads\/2025\/05\/Captura-768x376.jpg 768w, https:\/\/inandoutarchitects.com\/wp-content\/uploads\/2025\/05\/Captura-18x9.jpg 18w, https:\/\/inandoutarchitects.com\/wp-content\/uploads\/2025\/05\/Captura-600x294.jpg 600w\" sizes=\"(max-width: 890px) 100vw, 890px\" \/><\/figure>\n\n\n\n<div style=\"height:41px\" aria-hidden=\"true\" class=\"wp-block-spacer\"><\/div>\n\n\n\n<p>Instalar un sistema de recogida de agua de lluvia te permite <strong>regar tu huerto, limpiar o incluso alimentar inodoros sin consumir agua potable<\/strong>. Es una soluci\u00f3n sencilla, econ\u00f3mica y con un impacto real en tu sostenibilidad.<\/p>\n\n\n\n<p>Dise\u00f1amos soluciones que integran dep\u00f3sitos enterrados o visibles, sistemas de filtrado y distribuci\u00f3n, todo pensado desde el inicio del proyecto.<\/p>\n\n\n\n<div style=\"height:42px\" aria-hidden=\"true\" class=\"wp-block-spacer\"><\/div>\n\n\n\n<h2 class=\"wp-block-heading has-text-align-center has-luminous-vivid-amber-background-color has-background\"><strong><strong><strong><strong><strong>Aislamiento eficiente: ahorrar sin renunciar al confort<\/strong><\/strong><\/strong><\/strong><\/strong><\/h2>\n\n\n\n<div style=\"height:42px\" aria-hidden=\"true\" class=\"wp-block-spacer\"><\/div>\n\n\n\n<p>Muchos clientes se sorprenden al descubrir <strong>cu\u00e1nta energ\u00eda se escapa por las paredes, techos y ventanas<\/strong> de una casa antigua. En In&amp;out Architects aplicamos soluciones de aislamiento adaptadas a cada caso:<\/p>\n\n\n\n<ul class=\"wp-block-list\">\n<li><strong>Insuflado <\/strong>ecol\u00f3gico en c\u00e1maras de aire.<\/li>\n\n\n\n<li><strong>Carpinter\u00eda de madera<\/strong> con rotura de puente t\u00e9rmico (ideal en casas tradicionales).<\/li>\n\n\n\n<li><strong>Aislamiento <\/strong>exterior (SATE) o interior si la fachada est\u00e1 protegida.<\/li>\n<\/ul>\n\n\n\n<div style=\"height:42px\" aria-hidden=\"true\" class=\"wp-block-spacer\"><\/div>\n\n\n\n<p><strong>Mejorar el aislamiento significa ahorrar cada mes, y ganar confort todo el a\u00f1o.<\/strong><\/p>\n\n\n\n<div style=\"height:42px\" aria-hidden=\"true\" class=\"wp-block-spacer\"><\/div>\n\n\n\n<h2 class=\"wp-block-heading has-text-align-center has-luminous-vivid-amber-background-color has-background\"><strong><strong><strong><strong><strong>Una nueva vida en el campo\u2026 con cabeza y sin sustos<\/strong><\/strong><\/strong><\/strong><\/strong><\/h2>\n\n\n\n<div style=\"height:42px\" aria-hidden=\"true\" class=\"wp-block-spacer\"><\/div>\n\n\n<div class=\"wp-block-image\">\n<figure class=\"aligncenter size-large\"><img loading=\"lazy\" decoding=\"async\" width=\"1024\" height=\"683\" src=\"https:\/\/inandoutarchitects.com\/wp-content\/uploads\/2025\/05\/pexels-anntarazevich-7299975-1024x683.jpg\" alt=\"Vida en el campo\" class=\"wp-image-4024\" srcset=\"https:\/\/inandoutarchitects.com\/wp-content\/uploads\/2025\/05\/pexels-anntarazevich-7299975-1024x683.jpg 1024w, https:\/\/inandoutarchitects.com\/wp-content\/uploads\/2025\/05\/pexels-anntarazevich-7299975-300x200.jpg 300w, https:\/\/inandoutarchitects.com\/wp-content\/uploads\/2025\/05\/pexels-anntarazevich-7299975-768x512.jpg 768w, https:\/\/inandoutarchitects.com\/wp-content\/uploads\/2025\/05\/pexels-anntarazevich-7299975-1536x1024.jpg 1536w, https:\/\/inandoutarchitects.com\/wp-content\/uploads\/2025\/05\/pexels-anntarazevich-7299975-2048x1365.jpg 2048w, https:\/\/inandoutarchitects.com\/wp-content\/uploads\/2025\/05\/pexels-anntarazevich-7299975-18x12.jpg 18w, https:\/\/inandoutarchitects.com\/wp-content\/uploads\/2025\/05\/pexels-anntarazevich-7299975-600x400.jpg 600w\" sizes=\"(max-width: 1024px) 100vw, 1024px\" \/><figcaption class=\"wp-element-caption\">Vida en el campo<\/figcaption><\/figure>\n<\/div>\n\n\n<div style=\"height:43px\" aria-hidden=\"true\" class=\"wp-block-spacer\"><\/div>\n\n\n\n<p>Mudarse fuera de la ciudad no significa improvisar. <strong>En In&amp;out Architects te acompa\u00f1amos en todo el proceso<\/strong>:<\/p>\n\n\n\n<ul class=\"wp-block-list\">\n<li>Te ayudamos a identificar <strong>viviendas con potencial<\/strong>.<\/li>\n\n\n\n<li><strong>Evaluamos <\/strong>su estado, normativa y posibilidades reales de rehabilitaci\u00f3n.<\/li>\n\n\n\n<li>Dise\u00f1amos contigo una casa que respete su car\u00e1cter pero funcione como un <strong>hogar moderno y sostenible<\/strong>.<\/li>\n\n\n\n<li>Gestionamos <strong>licencias<\/strong>, <strong>obra <\/strong>y acabados.<\/li>\n\n\n\n<li>Y lo hacemos con un<strong> equipo t\u00e9cnico experto<\/strong>, cercano y con visi\u00f3n de futuro.<\/li>\n<\/ul>\n\n\n\n<div style=\"height:42px\" aria-hidden=\"true\" class=\"wp-block-spacer\"><\/div>\n\n\n\n<h2 class=\"wp-block-heading has-text-align-center has-light-green-cyan-background-color has-background\"><strong><strong><strong><strong><strong><strong><strong><strong><strong><strong><strong>\u00bfPreparado para vivir de otra manera?<\/strong><\/strong><\/strong><\/strong><\/strong><\/strong><\/strong><\/strong><\/strong><\/strong><\/strong><\/h2>\n\n\n\n<div style=\"height:26px\" aria-hidden=\"true\" class=\"wp-block-spacer\"><\/div>\n\n\n\n<p>No hace falta irse muy lejos. Basta con mirar hacia las afueras de Barcelona y descubrir que <strong>otra vida es posible<\/strong>. M\u00e1s verde, m\u00e1s libre, m\u00e1s tuya.<\/p>\n\n\n\n<p><a href=\"https:\/\/inandoutarchitects.com\/en\/#contacto\" target=\"_blank\" rel=\"noreferrer noopener\">Contact us<\/a> hoy para empezar a dise\u00f1ar esa casa autosuficiente que llevas tiempo imaginando. Si hablas <strong>ingl\u00e9s o portugu\u00e9s<\/strong>, por favor contacta directamente con <strong>Sarah<\/strong>. Si hablas <strong>espa\u00f1ol o catal\u00e1n<\/strong>, contacta con <strong>Irene<\/strong>.<\/p>\n\n\n\n<div style=\"height:74px\" aria-hidden=\"true\" class=\"wp-block-spacer\"><\/div>\n\n\n<div class=\"wp-block-image\">\n<figure class=\"aligncenter size-large is-resized\"><a href=\"https:\/\/inandoutarchitects.com\/en\/nosotras\/\" target=\"_blank\" rel=\"noreferrer noopener\"><img loading=\"lazy\" decoding=\"async\" width=\"1024\" height=\"1024\" src=\"https:\/\/inandoutarchitects.com\/wp-content\/uploads\/2023\/09\/OFIJ3758-1024x1024.jpg\" alt=\"In&amp;Out Architects\" class=\"wp-image-981\" style=\"width:408px;height:auto\" srcset=\"https:\/\/inandoutarchitects.com\/wp-content\/uploads\/2023\/09\/OFIJ3758-1024x1024.jpg 1024w, https:\/\/inandoutarchitects.com\/wp-content\/uploads\/2023\/09\/OFIJ3758-300x300.jpg 300w, https:\/\/inandoutarchitects.com\/wp-content\/uploads\/2023\/09\/OFIJ3758-100x100.jpg 100w, https:\/\/inandoutarchitects.com\/wp-content\/uploads\/2023\/09\/OFIJ3758-600x600.jpg 600w, https:\/\/inandoutarchitects.com\/wp-content\/uploads\/2023\/09\/OFIJ3758-150x150.jpg 150w, https:\/\/inandoutarchitects.com\/wp-content\/uploads\/2023\/09\/OFIJ3758-768x768.jpg 768w, https:\/\/inandoutarchitects.com\/wp-content\/uploads\/2023\/09\/OFIJ3758-650x650.jpg 650w, https:\/\/inandoutarchitects.com\/wp-content\/uploads\/2023\/09\/OFIJ3758.jpg 1134w\" sizes=\"(max-width: 1024px) 100vw, 1024px\" \/><\/a><figcaption class=\"wp-element-caption\">In&amp;Out Architects<\/figcaption><\/figure>\n<\/div>\n\n\n<div style=\"height:74px\" aria-hidden=\"true\" class=\"wp-block-spacer\"><\/div>\n\n\n\n<p><\/p>","protected":false},"excerpt":{"rendered":"<p>Descubre las principales tendencias en cocina para 2025 de la Feria H\u00e1bitat Valencia. Las nuevas cocinas destacan por funcionalidad, est\u00e9tica y tecnolog\u00eda.<\/p>","protected":false},"author":3,"featured_media":4003,"comment_status":"closed","ping_status":"closed","sticky":false,"template":"","format":"standard","meta":{"inline_featured_image":false,"_monsterinsights_skip_tracking":false,"_monsterinsights_sitenote_active":false,"_monsterinsights_sitenote_note":"","_monsterinsights_sitenote_category":0,"_uf_show_specific_survey":0,"_uf_disable_surveys":false,"_jetpack_memberships_contains_paid_content":false,"footnotes":""},"categories":[19,596,11,13,14,597,15,161],"tags":[328,603,402,604,599,606,602,605,598,600],"class_list":["post-4002","post","type-post","status-publish","format-standard","has-post-thumbnail","hentry","category-arquitectura","category-arquitectura-y-sostenibilidad","category-compra-y-venta-de-inmuebles","category-reforma-integral","category-rehabilitacion","category-vida-fuera-de-la-ciudad","category-vivienda","category-vivienda-saludable","tag-aerotermia","tag-agua-de-lluvia","tag-aislamiento-termico","tag-arquitectura-baix-llobregat","tag-casas-autosuficientes","tag-mudarse-fuera-de-barcelona","tag-placas-solares","tag-reforma-de-casas-antiguas","tag-rehabilitacion-sostenible","tag-vida-en-el-campo"],"yoast_head":"<!-- This site is optimized with the Yoast SEO plugin v27.5 - https:\/\/yoast.com\/product\/yoast-seo-wordpress\/ -->\n<title>Casa autosuficiente cerca de Barcelona: reforma y energ\u00eda<\/title>\n<meta name=\"description\" content=\"\u00bfY si te mudas a una casa autosuficiente cerca de Barcelona? En In&amp;Out Architects te ayudamos a rehabilitarla.\" \/>\n<meta name=\"robots\" content=\"index, follow, max-snippet:-1, max-image-preview:large, max-video-preview:-1\" \/>\n<link rel=\"canonical\" href=\"https:\/\/inandoutarchitects.com\/en\/rehabilitar-casa-autosuficiente-barcelona\/\" \/>\n<meta property=\"og:locale\" content=\"en_US\" \/>\n<meta property=\"og:type\" content=\"article\" \/>\n<meta property=\"og:title\" content=\"Casa autosuficiente cerca de Barcelona: reforma y energ\u00eda\" \/>\n<meta property=\"og:description\" content=\"\u00bfY si te mudas a una casa autosuficiente cerca de Barcelona? En In&amp;Out Architects te ayudamos a rehabilitarla.\" \/>\n<meta property=\"og:url\" content=\"https:\/\/inandoutarchitects.com\/en\/rehabilitar-casa-autosuficiente-barcelona\/\" \/>\n<meta property=\"og:site_name\" content=\"In&amp;Out Architects\" \/>\n<meta property=\"article:published_time\" content=\"2025-05-01T10:29:17+00:00\" \/>\n<meta property=\"article:modified_time\" content=\"2025-05-02T07:50:38+00:00\" \/>\n<meta property=\"og:image\" content=\"https:\/\/inandoutarchitects.com\/wp-content\/uploads\/2025\/05\/pexels-kindelmedia-9875408-scaled.jpg\" \/>\n\t<meta property=\"og:image:width\" content=\"2560\" \/>\n\t<meta property=\"og:image:height\" content=\"1920\" \/>\n\t<meta property=\"og:image:type\" content=\"image\/jpeg\" \/>\n<meta name=\"author\" content=\"IRENE ALMENDROS DIAZ\" \/>\n<meta name=\"twitter:card\" content=\"summary_large_image\" \/>\n<meta name=\"twitter:label1\" content=\"Written by\" \/>\n\t<meta name=\"twitter:data1\" content=\"IRENE ALMENDROS DIAZ\" \/>\n\t<meta name=\"twitter:label2\" content=\"Est. reading time\" \/>\n\t<meta name=\"twitter:data2\" content=\"5 minutes\" \/>\n<script type=\"application\/ld+json\" class=\"yoast-schema-graph\">{\"@context\":\"https:\\\/\\\/schema.org\",\"@graph\":[{\"@type\":\"Article\",\"@id\":\"https:\\\/\\\/inandoutarchitects.com\\\/rehabilitar-casa-autosuficiente-barcelona\\\/#article\",\"isPartOf\":{\"@id\":\"https:\\\/\\\/inandoutarchitects.com\\\/rehabilitar-casa-autosuficiente-barcelona\\\/\"},\"author\":{\"name\":\"IRENE ALMENDROS DIAZ\",\"@id\":\"https:\\\/\\\/inandoutarchitects.com\\\/#\\\/schema\\\/person\\\/5a74e725599dd3012d72ab27f8d924f1\"},\"headline\":\"\u00bfPENSANDO EN MUDARTE AL CAMPO TRAS EL APAG\u00d3N? REHABILITA TU CASA PARA SER AUTOSUFICIENTE CERCA DE BARCELONA\",\"datePublished\":\"2025-05-01T10:29:17+00:00\",\"dateModified\":\"2025-05-02T07:50:38+00:00\",\"mainEntityOfPage\":{\"@id\":\"https:\\\/\\\/inandoutarchitects.com\\\/rehabilitar-casa-autosuficiente-barcelona\\\/\"},\"wordCount\":830,\"publisher\":{\"@id\":\"https:\\\/\\\/inandoutarchitects.com\\\/#organization\"},\"image\":{\"@id\":\"https:\\\/\\\/inandoutarchitects.com\\\/rehabilitar-casa-autosuficiente-barcelona\\\/#primaryimage\"},\"thumbnailUrl\":\"https:\\\/\\\/inandoutarchitects.com\\\/wp-content\\\/uploads\\\/2025\\\/05\\\/pexels-kindelmedia-9875408-scaled.jpg\",\"keywords\":[\"aerotermia\",\"agua de lluvia\",\"aislamiento t\u00e9rmico\",\"arquitectura Baix Llobregat\",\"casas autosuficientes\",\"mudarse fuera de Barcelona\",\"placas solares\",\"reforma de casas antiguas\",\"rehabilitaci\u00f3n sostenible\",\"vida en el campo\"],\"articleSection\":[\"Arquitectura\",\"Arquitectura y Sostenibilidad\",\"Compra y Venta De Inmuebles\",\"Reforma Integral\",\"Rehabilitaci\u00f3n\",\"Vida fuera de la ciudad\",\"Vivienda\",\"Vivienda saludable\"],\"inLanguage\":\"en-US\"},{\"@type\":\"WebPage\",\"@id\":\"https:\\\/\\\/inandoutarchitects.com\\\/rehabilitar-casa-autosuficiente-barcelona\\\/\",\"url\":\"https:\\\/\\\/inandoutarchitects.com\\\/rehabilitar-casa-autosuficiente-barcelona\\\/\",\"name\":\"Casa autosuficiente cerca de Barcelona: reforma y energ\u00eda\",\"isPartOf\":{\"@id\":\"https:\\\/\\\/inandoutarchitects.com\\\/#website\"},\"primaryImageOfPage\":{\"@id\":\"https:\\\/\\\/inandoutarchitects.com\\\/rehabilitar-casa-autosuficiente-barcelona\\\/#primaryimage\"},\"image\":{\"@id\":\"https:\\\/\\\/inandoutarchitects.com\\\/rehabilitar-casa-autosuficiente-barcelona\\\/#primaryimage\"},\"thumbnailUrl\":\"https:\\\/\\\/inandoutarchitects.com\\\/wp-content\\\/uploads\\\/2025\\\/05\\\/pexels-kindelmedia-9875408-scaled.jpg\",\"datePublished\":\"2025-05-01T10:29:17+00:00\",\"dateModified\":\"2025-05-02T07:50:38+00:00\",\"description\":\"\u00bfY si te mudas a una casa autosuficiente cerca de Barcelona? En In&Out Architects te ayudamos a rehabilitarla.\",\"breadcrumb\":{\"@id\":\"https:\\\/\\\/inandoutarchitects.com\\\/rehabilitar-casa-autosuficiente-barcelona\\\/#breadcrumb\"},\"inLanguage\":\"en-US\",\"potentialAction\":[{\"@type\":\"ReadAction\",\"target\":[\"https:\\\/\\\/inandoutarchitects.com\\\/rehabilitar-casa-autosuficiente-barcelona\\\/\"]}]},{\"@type\":\"ImageObject\",\"inLanguage\":\"en-US\",\"@id\":\"https:\\\/\\\/inandoutarchitects.com\\\/rehabilitar-casa-autosuficiente-barcelona\\\/#primaryimage\",\"url\":\"https:\\\/\\\/inandoutarchitects.com\\\/wp-content\\\/uploads\\\/2025\\\/05\\\/pexels-kindelmedia-9875408-scaled.jpg\",\"contentUrl\":\"https:\\\/\\\/inandoutarchitects.com\\\/wp-content\\\/uploads\\\/2025\\\/05\\\/pexels-kindelmedia-9875408-scaled.jpg\",\"width\":2560,\"height\":1920,\"caption\":\"PLACAS SOLARES\"},{\"@type\":\"BreadcrumbList\",\"@id\":\"https:\\\/\\\/inandoutarchitects.com\\\/rehabilitar-casa-autosuficiente-barcelona\\\/#breadcrumb\",\"itemListElement\":[{\"@type\":\"ListItem\",\"position\":1,\"name\":\"Portada\",\"item\":\"https:\\\/\\\/inandoutarchitects.com\\\/\"},{\"@type\":\"ListItem\",\"position\":2,\"name\":\"\u00bfPENSANDO EN MUDARTE AL CAMPO TRAS EL APAG\u00d3N? REHABILITA TU CASA PARA SER AUTOSUFICIENTE CERCA DE BARCELONA\"}]},{\"@type\":\"WebSite\",\"@id\":\"https:\\\/\\\/inandoutarchitects.com\\\/#website\",\"url\":\"https:\\\/\\\/inandoutarchitects.com\\\/\",\"name\":\"In&amp;Out Architects\",\"description\":\"\",\"publisher\":{\"@id\":\"https:\\\/\\\/inandoutarchitects.com\\\/#organization\"},\"potentialAction\":[{\"@type\":\"SearchAction\",\"target\":{\"@type\":\"EntryPoint\",\"urlTemplate\":\"https:\\\/\\\/inandoutarchitects.com\\\/?s={search_term_string}\"},\"query-input\":{\"@type\":\"PropertyValueSpecification\",\"valueRequired\":true,\"valueName\":\"search_term_string\"}}],\"inLanguage\":\"en-US\"},{\"@type\":\"Organization\",\"@id\":\"https:\\\/\\\/inandoutarchitects.com\\\/#organization\",\"name\":\"In&amp;Out Architects\",\"url\":\"https:\\\/\\\/inandoutarchitects.com\\\/\",\"logo\":{\"@type\":\"ImageObject\",\"inLanguage\":\"en-US\",\"@id\":\"https:\\\/\\\/inandoutarchitects.com\\\/#\\\/schema\\\/logo\\\/image\\\/\",\"url\":\"https:\\\/\\\/inandoutarchitects.com\\\/wp-content\\\/uploads\\\/2023\\\/08\\\/cropped-Enmascarar-grupo-8.png\",\"contentUrl\":\"https:\\\/\\\/inandoutarchitects.com\\\/wp-content\\\/uploads\\\/2023\\\/08\\\/cropped-Enmascarar-grupo-8.png\",\"width\":83,\"height\":83,\"caption\":\"In&amp;Out Architects\"},\"image\":{\"@id\":\"https:\\\/\\\/inandoutarchitects.com\\\/#\\\/schema\\\/logo\\\/image\\\/\"}},{\"@type\":\"Person\",\"@id\":\"https:\\\/\\\/inandoutarchitects.com\\\/#\\\/schema\\\/person\\\/5a74e725599dd3012d72ab27f8d924f1\",\"name\":\"IRENE ALMENDROS DIAZ\",\"image\":{\"@type\":\"ImageObject\",\"inLanguage\":\"en-US\",\"@id\":\"https:\\\/\\\/secure.gravatar.com\\\/avatar\\\/b5fb5b72d1fd3caa0e5c64aef8e74353cefa79b3c70e06facee1c14b59a91d57?s=96&d=mm&r=g\",\"url\":\"https:\\\/\\\/secure.gravatar.com\\\/avatar\\\/b5fb5b72d1fd3caa0e5c64aef8e74353cefa79b3c70e06facee1c14b59a91d57?s=96&d=mm&r=g\",\"contentUrl\":\"https:\\\/\\\/secure.gravatar.com\\\/avatar\\\/b5fb5b72d1fd3caa0e5c64aef8e74353cefa79b3c70e06facee1c14b59a91d57?s=96&d=mm&r=g\",\"caption\":\"IRENE ALMENDROS DIAZ\"},\"url\":\"https:\\\/\\\/inandoutarchitects.com\\\/en\\\/author\\\/irene\\\/\"}]}<\/script>\n<!-- \/ Yoast SEO plugin. -->","yoast_head_json":{"title":"Casa autosuficiente cerca de Barcelona: reforma y energ\u00eda","description":"\u00bfY si te mudas a una casa autosuficiente cerca de Barcelona? En In&Out Architects te ayudamos a rehabilitarla.","robots":{"index":"index","follow":"follow","max-snippet":"max-snippet:-1","max-image-preview":"max-image-preview:large","max-video-preview":"max-video-preview:-1"},"canonical":"https:\/\/inandoutarchitects.com\/en\/rehabilitar-casa-autosuficiente-barcelona\/","og_locale":"en_US","og_type":"article","og_title":"Casa autosuficiente cerca de Barcelona: reforma y energ\u00eda","og_description":"\u00bfY si te mudas a una casa autosuficiente cerca de Barcelona? En In&Out Architects te ayudamos a rehabilitarla.","og_url":"https:\/\/inandoutarchitects.com\/en\/rehabilitar-casa-autosuficiente-barcelona\/","og_site_name":"In&amp;Out Architects","article_published_time":"2025-05-01T10:29:17+00:00","article_modified_time":"2025-05-02T07:50:38+00:00","og_image":[{"width":2560,"height":1920,"url":"https:\/\/inandoutarchitects.com\/wp-content\/uploads\/2025\/05\/pexels-kindelmedia-9875408-scaled.jpg","type":"image\/jpeg"}],"author":"IRENE ALMENDROS DIAZ","twitter_card":"summary_large_image","twitter_misc":{"Written by":"IRENE ALMENDROS DIAZ","Est. reading time":"5 minutes"},"schema":{"@context":"https:\/\/schema.org","@graph":[{"@type":"Article","@id":"https:\/\/inandoutarchitects.com\/rehabilitar-casa-autosuficiente-barcelona\/#article","isPartOf":{"@id":"https:\/\/inandoutarchitects.com\/rehabilitar-casa-autosuficiente-barcelona\/"},"author":{"name":"IRENE ALMENDROS DIAZ","@id":"https:\/\/inandoutarchitects.com\/#\/schema\/person\/5a74e725599dd3012d72ab27f8d924f1"},"headline":"\u00bfPENSANDO EN MUDARTE AL CAMPO TRAS EL APAG\u00d3N? REHABILITA TU CASA PARA SER AUTOSUFICIENTE CERCA DE BARCELONA","datePublished":"2025-05-01T10:29:17+00:00","dateModified":"2025-05-02T07:50:38+00:00","mainEntityOfPage":{"@id":"https:\/\/inandoutarchitects.com\/rehabilitar-casa-autosuficiente-barcelona\/"},"wordCount":830,"publisher":{"@id":"https:\/\/inandoutarchitects.com\/#organization"},"image":{"@id":"https:\/\/inandoutarchitects.com\/rehabilitar-casa-autosuficiente-barcelona\/#primaryimage"},"thumbnailUrl":"https:\/\/inandoutarchitects.com\/wp-content\/uploads\/2025\/05\/pexels-kindelmedia-9875408-scaled.jpg","keywords":["aerotermia","agua de lluvia","aislamiento t\u00e9rmico","arquitectura Baix Llobregat","casas autosuficientes","mudarse fuera de Barcelona","placas solares","reforma de casas antiguas","rehabilitaci\u00f3n sostenible","vida en el campo"],"articleSection":["Arquitectura","Arquitectura y Sostenibilidad","Compra y Venta De Inmuebles","Reforma Integral","Rehabilitaci\u00f3n","Vida fuera de la ciudad","Vivienda","Vivienda saludable"],"inLanguage":"en-US"},{"@type":"WebPage","@id":"https:\/\/inandoutarchitects.com\/rehabilitar-casa-autosuficiente-barcelona\/","url":"https:\/\/inandoutarchitects.com\/rehabilitar-casa-autosuficiente-barcelona\/","name":"Casa autosuficiente cerca de Barcelona: reforma y energ\u00eda","isPartOf":{"@id":"https:\/\/inandoutarchitects.com\/#website"},"primaryImageOfPage":{"@id":"https:\/\/inandoutarchitects.com\/rehabilitar-casa-autosuficiente-barcelona\/#primaryimage"},"image":{"@id":"https:\/\/inandoutarchitects.com\/rehabilitar-casa-autosuficiente-barcelona\/#primaryimage"},"thumbnailUrl":"https:\/\/inandoutarchitects.com\/wp-content\/uploads\/2025\/05\/pexels-kindelmedia-9875408-scaled.jpg","datePublished":"2025-05-01T10:29:17+00:00","dateModified":"2025-05-02T07:50:38+00:00","description":"\u00bfY si te mudas a una casa autosuficiente cerca de Barcelona? En In&Out Architects te ayudamos a rehabilitarla.","breadcrumb":{"@id":"https:\/\/inandoutarchitects.com\/rehabilitar-casa-autosuficiente-barcelona\/#breadcrumb"},"inLanguage":"en-US","potentialAction":[{"@type":"ReadAction","target":["https:\/\/inandoutarchitects.com\/rehabilitar-casa-autosuficiente-barcelona\/"]}]},{"@type":"ImageObject","inLanguage":"en-US","@id":"https:\/\/inandoutarchitects.com\/rehabilitar-casa-autosuficiente-barcelona\/#primaryimage","url":"https:\/\/inandoutarchitects.com\/wp-content\/uploads\/2025\/05\/pexels-kindelmedia-9875408-scaled.jpg","contentUrl":"https:\/\/inandoutarchitects.com\/wp-content\/uploads\/2025\/05\/pexels-kindelmedia-9875408-scaled.jpg","width":2560,"height":1920,"caption":"PLACAS SOLARES"},{"@type":"BreadcrumbList","@id":"https:\/\/inandoutarchitects.com\/rehabilitar-casa-autosuficiente-barcelona\/#breadcrumb","itemListElement":[{"@type":"ListItem","position":1,"name":"Portada","item":"https:\/\/inandoutarchitects.com\/"},{"@type":"ListItem","position":2,"name":"\u00bfPENSANDO EN MUDARTE AL CAMPO TRAS EL APAG\u00d3N? REHABILITA TU CASA PARA SER AUTOSUFICIENTE CERCA DE BARCELONA"}]},{"@type":"WebSite","@id":"https:\/\/inandoutarchitects.com\/#website","url":"https:\/\/inandoutarchitects.com\/","name":"In&amp;Out Architects","description":"","publisher":{"@id":"https:\/\/inandoutarchitects.com\/#organization"},"potentialAction":[{"@type":"SearchAction","target":{"@type":"EntryPoint","urlTemplate":"https:\/\/inandoutarchitects.com\/?s={search_term_string}"},"query-input":{"@type":"PropertyValueSpecification","valueRequired":true,"valueName":"search_term_string"}}],"inLanguage":"en-US"},{"@type":"Organization","@id":"https:\/\/inandoutarchitects.com\/#organization","name":"In&amp;Out Architects","url":"https:\/\/inandoutarchitects.com\/","logo":{"@type":"ImageObject","inLanguage":"en-US","@id":"https:\/\/inandoutarchitects.com\/#\/schema\/logo\/image\/","url":"https:\/\/inandoutarchitects.com\/wp-content\/uploads\/2023\/08\/cropped-Enmascarar-grupo-8.png","contentUrl":"https:\/\/inandoutarchitects.com\/wp-content\/uploads\/2023\/08\/cropped-Enmascarar-grupo-8.png","width":83,"height":83,"caption":"In&amp;Out Architects"},"image":{"@id":"https:\/\/inandoutarchitects.com\/#\/schema\/logo\/image\/"}},{"@type":"Person","@id":"https:\/\/inandoutarchitects.com\/#\/schema\/person\/5a74e725599dd3012d72ab27f8d924f1","name":"IRENE ALMENDROS DIAZ","image":{"@type":"ImageObject","inLanguage":"en-US","@id":"https:\/\/secure.gravatar.com\/avatar\/b5fb5b72d1fd3caa0e5c64aef8e74353cefa79b3c70e06facee1c14b59a91d57?s=96&d=mm&r=g","url":"https:\/\/secure.gravatar.com\/avatar\/b5fb5b72d1fd3caa0e5c64aef8e74353cefa79b3c70e06facee1c14b59a91d57?s=96&d=mm&r=g","contentUrl":"https:\/\/secure.gravatar.com\/avatar\/b5fb5b72d1fd3caa0e5c64aef8e74353cefa79b3c70e06facee1c14b59a91d57?s=96&d=mm&r=g","caption":"IRENE ALMENDROS DIAZ"},"url":"https:\/\/inandoutarchitects.com\/en\/author\/irene\/"}]}},"jetpack_featured_media_url":"https:\/\/inandoutarchitects.com\/wp-content\/uploads\/2025\/05\/pexels-kindelmedia-9875408-scaled.jpg","jetpack_sharing_enabled":true,"_links":{"self":[{"href":"https:\/\/inandoutarchitects.com\/en\/wp-json\/wp\/v2\/posts\/4002","targetHints":{"allow":["GET"]}}],"collection":[{"href":"https:\/\/inandoutarchitects.com\/en\/wp-json\/wp\/v2\/posts"}],"about":[{"href":"https:\/\/inandoutarchitects.com\/en\/wp-json\/wp\/v2\/types\/post"}],"author":[{"embeddable":true,"href":"https:\/\/inandoutarchitects.com\/en\/wp-json\/wp\/v2\/users\/3"}],"replies":[{"embeddable":true,"href":"https:\/\/inandoutarchitects.com\/en\/wp-json\/wp\/v2\/comments?post=4002"}],"version-history":[{"count":18,"href":"https:\/\/inandoutarchitects.com\/en\/wp-json\/wp\/v2\/posts\/4002\/revisions"}],"predecessor-version":[{"id":4051,"href":"https:\/\/inandoutarchitects.com\/en\/wp-json\/wp\/v2\/posts\/4002\/revisions\/4051"}],"wp:featuredmedia":[{"embeddable":true,"href":"https:\/\/inandoutarchitects.com\/en\/wp-json\/wp\/v2\/media\/4003"}],"wp:attachment":[{"href":"https:\/\/inandoutarchitects.com\/en\/wp-json\/wp\/v2\/media?parent=4002"}],"wp:term":[{"taxonomy":"category","embeddable":true,"href":"https:\/\/inandoutarchitects.com\/en\/wp-json\/wp\/v2\/categories?post=4002"},{"taxonomy":"post_tag","embeddable":true,"href":"https:\/\/inandoutarchitects.com\/en\/wp-json\/wp\/v2\/tags?post=4002"}],"curies":[{"name":"wp","href":"https:\/\/api.w.org\/{rel}","templated":true}]}}