{"id":2288,"date":"2024-05-22T08:00:00","date_gmt":"2024-05-22T08:00:00","guid":{"rendered":"https:\/\/inandoutarchitects.com\/?p=2288"},"modified":"2025-05-02T07:51:44","modified_gmt":"2025-05-02T07:51:44","slug":"que-reformar-primero-piso","status":"publish","type":"post","link":"https:\/\/inandoutarchitects.com\/en\/que-reformar-primero-piso\/","title":{"rendered":"QU\u00c9 REFORMAR PRIMERO EN UN PISO"},"content":{"rendered":"<div style=\"height:15px\" aria-hidden=\"true\" class=\"wp-block-spacer\"><\/div>\n\n\n\n<h2 class=\"wp-block-heading has-text-align-center has-luminous-vivid-amber-background-color has-background\"><strong><strong><strong>D\u00f3nde gastar primero el presupuesto de una reforma<\/strong><\/strong><\/strong><\/h2>\n\n\n\n<div style=\"height:18px\" aria-hidden=\"true\" class=\"wp-block-spacer\"><\/div>\n\n\n\n<p>En t\u00e9rminos econ\u00f3micos, es importante saber <strong>qu\u00e9 reformar primero en un piso<\/strong>, sobre todo si el presupuesto es ajustado.&nbsp;<\/p>\n\n\n\n<p>Ya sea que te plantees <strong>reformar un piso para alquilar<\/strong>, vivir o vender, debes tener conocimientos clave para tomar decisiones acertadas.&nbsp;<\/p>\n\n\n\n<p>La asignaci\u00f3n inteligente de los recursos financieros de los que dispones es importante para lograr los resultados que quieres obtener.&nbsp;<\/p>\n\n\n\n<p>Por experiencia sabemos en <strong><em>In&amp;Out Architects<\/em><\/strong> que, enfrentarse a una lista de posibles opciones, a veces desmotiva el inicio de la obra.<\/p>\n\n\n\n<p>En el art\u00edculo de hoy abordamos <strong>los principales aspectos a considerar en la mejora de las estancias de una vivienda<\/strong>. Asimismo, hemos a\u00f1adido ciertos consejos clave para adaptar los espacios al <strong>estilo de vida actual<\/strong>.<\/p>\n\n\n\n<p>El orden de los conceptos de los que hablamos en esta entrada de blog es el que recomendamos seguir. En la reforma integral de una vivienda se debe seguir una l\u00f3gica para evitar deshacer lo hecho y\/o incurrir en sobrecostes.&nbsp;<\/p>\n\n\n\n<p>Y este concepto es aplicable tanto si la <strong>reforma de la vivienda<\/strong> se realiza de una vez o en fases.<\/p>\n\n\n\n<div style=\"height:38px\" aria-hidden=\"true\" class=\"wp-block-spacer\"><\/div>\n\n\n<div class=\"wp-block-image\">\n<figure class=\"aligncenter size-full\"><img fetchpriority=\"high\" decoding=\"async\" width=\"1024\" height=\"768\" src=\"https:\/\/inandoutarchitects.com\/wp-content\/uploads\/2023\/09\/IMG_6947-1024x768-1.jpg\" alt=\"REFORMA COCINA\" class=\"wp-image-908\" title=\"REFORMA COCINA\" srcset=\"https:\/\/inandoutarchitects.com\/wp-content\/uploads\/2023\/09\/IMG_6947-1024x768-1.jpg 1024w, https:\/\/inandoutarchitects.com\/wp-content\/uploads\/2023\/09\/IMG_6947-1024x768-1-600x450.jpg 600w, https:\/\/inandoutarchitects.com\/wp-content\/uploads\/2023\/09\/IMG_6947-1024x768-1-300x225.jpg 300w, https:\/\/inandoutarchitects.com\/wp-content\/uploads\/2023\/09\/IMG_6947-1024x768-1-768x576.jpg 768w\" sizes=\"(max-width: 1024px) 100vw, 1024px\" \/><figcaption class=\"wp-element-caption\">REFORMA COCINA<\/figcaption><\/figure>\n<\/div>\n\n\n<div style=\"height:27px\" aria-hidden=\"true\" class=\"wp-block-spacer\"><\/div>\n\n\n\n<h2 class=\"wp-block-heading has-text-align-center has-luminous-vivid-amber-background-color has-background\"><strong><strong><strong>La importancia de las instalaciones en una vivienda<\/strong><\/strong><\/strong><\/h2>\n\n\n\n<div style=\"height:27px\" aria-hidden=\"true\" class=\"wp-block-spacer\"><\/div>\n\n\n\n<p><a href=\"https:\/\/universidadeuropea.com\/blog\/tipos-instalaciones-edificaciones\/\" target=\"_blank\" rel=\"noreferrer noopener\">Las instalaciones<\/a> son de vital importancia en una vivienda. La <strong>luz, agua, gas y el acondicionamiento t\u00e9rmico en general<\/strong> son elementos que permiten que la vivienda sea un lugar confortable, adem\u00e1s de seguro.<\/p>\n\n\n\n<p>Es un trabajo costoso y poco agradecido en cuanto a est\u00e9tica se refiere, pero nuestro consejo es que <strong>vale la pena acondicionar el estado de las instalaciones.<\/strong> De modo que, si nos preguntas <strong>qu\u00e9 reformar primero en un piso,<\/strong> la actualizaci\u00f3n de las instalaciones deber\u00eda estar la primera de la lista. Por su funcionalidad, seguridad y comodidad es la opci\u00f3n m\u00e1s importante.&nbsp;<\/p>\n\n\n\n<p>Y, en caso de que el presupuesto sea ajustado y sea inviable cambiar completamente las instalaciones, aconsejamos que se haga una <strong>preinstalaci\u00f3n<\/strong>. Es decir, realizar las canalizaciones, pasamuros y arquetas para preparar y facilitar la instalaci\u00f3n posterior.<\/p>\n\n\n\n<div style=\"height:11px\" aria-hidden=\"true\" class=\"wp-block-spacer\"><\/div>\n\n\n\n<h3 class=\"wp-block-heading\"><strong><strong><strong>Las 4 instalaciones principales de una vivienda<\/strong><\/strong><\/strong><\/h3>\n\n\n\n<div style=\"height:15px\" aria-hidden=\"true\" class=\"wp-block-spacer\"><\/div>\n\n\n\n<h4 class=\"wp-block-heading\"><strong><strong><strong><strong>Instalaci\u00f3n de agua<\/strong><\/strong><\/strong><\/strong><\/h4>\n\n\n\n<div style=\"height:15px\" aria-hidden=\"true\" class=\"wp-block-spacer\"><\/div>\n\n\n\n<p><strong>Revisar los desag\u00fces y el sistema de saneamiento. <\/strong>Estos deben permitir la eficiente eliminaci\u00f3n de aguas residuales y la prevenci\u00f3n de <strong>posibles inundaciones<\/strong> o <a href=\"https:\/\/www.santalucia.es\/seguros-hogar\/articulos\/quien-responde-por-filtraciones-en-edificio\" target=\"_blank\" rel=\"noreferrer noopener\">da\u00f1os estructurales en la vivienda por problemas de drenaje.<\/a><\/p>\n\n\n\n<p>Si cuenta con un <strong>sistema de calefacci\u00f3n de agua<\/strong>, este debe tener la capacidad adecuada para su uso en ba\u00f1os, duchas, lavar platos, ropa, etc.<\/p>\n\n\n\n<div style=\"height:14px\" aria-hidden=\"true\" class=\"wp-block-spacer\"><\/div>\n\n\n\n<h4 class=\"wp-block-heading\"><strong><strong><strong><strong><strong>Instalaci\u00f3n de gas<\/strong><\/strong><\/strong><\/strong><\/strong><\/h4>\n\n\n\n<div style=\"height:10px\" aria-hidden=\"true\" class=\"wp-block-spacer\"><\/div>\n\n\n\n<p>En caso de tener cocina y calefacci\u00f3n de gas, es imprescindible garantizar el sellado de la instalaci\u00f3n y la ventilaci\u00f3n para <strong>prevenir fugas de gas<\/strong>.&nbsp;<\/p>\n\n\n\n<p>Revisar tambi\u00e9n la operatividad de la calefacci\u00f3n central, estufas y calentadores de agua.<\/p>\n\n\n\n<div style=\"height:12px\" aria-hidden=\"true\" class=\"wp-block-spacer\"><\/div>\n\n\n\n<h4 class=\"wp-block-heading\"><strong><strong><strong><strong><strong><strong>Instalaci\u00f3n el\u00e9ctrica<\/strong><\/strong><\/strong><\/strong><\/strong><\/strong><\/h4>\n\n\n\n<div style=\"height:11px\" aria-hidden=\"true\" class=\"wp-block-spacer\"><\/div>\n\n\n\n<p>Un <strong>sistema el\u00e9ctrico<\/strong> bien dise\u00f1ado y mantenido reduce el riesgo de:<\/p>\n\n\n\n<ul class=\"wp-block-list\">\n<li>cortocircuitos<\/li>\n\n\n\n<li>sobrecargas<\/li>\n\n\n\n<li>otros problemas el\u00e9ctricos<\/li>\n<\/ul>\n\n\n\n<p>Algo a tener en cuenta para evitar incendios o da\u00f1os en los equipos.&nbsp;<\/p>\n\n\n\n<div style=\"height:13px\" aria-hidden=\"true\" class=\"wp-block-spacer\"><\/div>\n\n\n\n<h5 class=\"wp-block-heading\"><strong><strong><strong><strong><strong><strong><strong>Eficiencia energ\u00e9tica<\/strong><\/strong><\/strong><\/strong><\/strong><\/strong><\/strong><\/h5>\n\n\n\n<div style=\"height:12px\" aria-hidden=\"true\" class=\"wp-block-spacer\"><\/div>\n\n\n\n<p>La <a href=\"https:\/\/www.miteco.gob.es\/es\/energia\/eficiencia.html\" target=\"_blank\" rel=\"noreferrer noopener\">eficiencia energ\u00e9tica<\/a> es esencial hoy en d\u00eda. Puede que en el momento de la reforma de la vivienda sea un desembolso importante, pero con el tiempo es un gran ahorro.<\/p>\n\n\n\n<p>Los <strong>electrodom\u00e9sticos con mejor etiqueta de eficiencia energ\u00e9tica<\/strong> generan menor consumo energ\u00e9tico, l\u00f3gicamente. Esto influye positivamente en tu vida diaria, por el ahorro de tiempo, y en tu cuenta bancaria, por un menor gasto de electricidad.<\/p>\n\n\n\n<p>Tambi\u00e9n es eficiencia energ\u00e9tica cuando hablamos de <strong>aislamiento t\u00e9rmico<\/strong>. Una casa que cuente con un <strong>buen aislamiento<\/strong> genera menor consumo de energ\u00eda para calentarla o para enfriarla.<\/p>\n\n\n\n<p>La existencia de <strong>puentes t\u00e9rmicos<\/strong> en la vivienda deben solucionarse para mantener mejor la temperatura interior. Por ejemplo, poner <strong>aislante t\u00e9rmico<\/strong> en los falsos techos.<\/p>\n\n\n\n<p>Tambi\u00e9n son soluciones a tener en cuenta la instalaci\u00f3n de nuevos sistemas como la <a href=\"https:\/\/www.energiaysociedad.es\/manual-de-la-energia\/que-es-la-aerotermia\/\" target=\"_blank\" rel=\"noreferrer noopener\">aerotermia<\/a> o las placas solares.<\/p>\n\n\n\n<div style=\"height:12px\" aria-hidden=\"true\" class=\"wp-block-spacer\"><\/div>\n\n\n\n<h4 class=\"wp-block-heading\"><strong><strong><strong><strong><strong><strong><strong><strong>Acondicionamiento t\u00e9rmico y ambiental<\/strong><\/strong><\/strong><\/strong><\/strong><\/strong><\/strong><\/strong><\/h4>\n\n\n\n<div style=\"height:11px\" aria-hidden=\"true\" class=\"wp-block-spacer\"><\/div>\n\n\n\n<p>Uno de los aspectos que se deben tener en cuenta para alcanzar la confortabilidad de la vivienda es el <strong>acondicionamiento t\u00e9rmico<\/strong>.&nbsp;<\/p>\n\n\n\n<p>Tal y como se ha mencionado en el punto anterior, un <strong>buen aislamiento<\/strong> es fundamental para mantener una temperatura constante en el hogar.<\/p>\n\n\n\n<p>Algunos de estos sistemas tambi\u00e9n realizan un <strong>acondicionamiento ambiental<\/strong>. Es decir, incluyen filtros que mejoran la calidad del aire eliminando al\u00e9rgenos, polvo y elementos contaminantes en el ambiente.<\/p>\n\n\n\n<div style=\"height:17px\" aria-hidden=\"true\" class=\"wp-block-spacer\"><\/div>\n\n\n<div class=\"wp-block-image\">\n<figure class=\"aligncenter size-large\"><img decoding=\"async\" width=\"1024\" height=\"777\" src=\"https:\/\/inandoutarchitects.com\/wp-content\/uploads\/2023\/12\/CASA-PAS-Mataro-2018-3-1024x777.jpg\" alt=\"Reforma cocina\" class=\"wp-image-2094\" srcset=\"https:\/\/inandoutarchitects.com\/wp-content\/uploads\/2023\/12\/CASA-PAS-Mataro-2018-3-1024x777.jpg 1024w, https:\/\/inandoutarchitects.com\/wp-content\/uploads\/2023\/12\/CASA-PAS-Mataro-2018-3-scaled-600x455.jpg 600w, https:\/\/inandoutarchitects.com\/wp-content\/uploads\/2023\/12\/CASA-PAS-Mataro-2018-3-300x228.jpg 300w, https:\/\/inandoutarchitects.com\/wp-content\/uploads\/2023\/12\/CASA-PAS-Mataro-2018-3-768x583.jpg 768w, https:\/\/inandoutarchitects.com\/wp-content\/uploads\/2023\/12\/CASA-PAS-Mataro-2018-3-1536x1165.jpg 1536w, https:\/\/inandoutarchitects.com\/wp-content\/uploads\/2023\/12\/CASA-PAS-Mataro-2018-3-2048x1554.jpg 2048w, https:\/\/inandoutarchitects.com\/wp-content\/uploads\/2023\/12\/CASA-PAS-Mataro-2018-3-16x12.jpg 16w\" sizes=\"(max-width: 1024px) 100vw, 1024px\" \/><figcaption class=\"wp-element-caption\">Kitchen renovation<\/figcaption><\/figure>\n<\/div>\n\n\n<div style=\"height:31px\" aria-hidden=\"true\" class=\"wp-block-spacer\"><\/div>\n\n\n\n<h2 class=\"wp-block-heading has-text-align-center has-luminous-vivid-amber-background-color has-background\"><strong><strong><strong><strong>Cocina y ba\u00f1o: esenciales para la vida diaria<\/strong><\/strong><\/strong><\/strong><\/h2>\n\n\n\n<div style=\"height:31px\" aria-hidden=\"true\" class=\"wp-block-spacer\"><\/div>\n\n\n\n<p>A la hora de decidir <strong>qu\u00e9 reformar primero en un piso<\/strong>, a menudo los clientes nos plantean si hacer la cocina y el ba\u00f1o primero o las instalaciones.<\/p>\n\n\n\n<p>Dos de las estancias m\u00e1s importantes de una vivienda son <strong>la cocina y el ba\u00f1o<\/strong> por su uso constante y diario. La <strong>reforma de la cocina y el ba\u00f1o<\/strong> tienen una importancia evidente tanto a nivel pr\u00e1ctico como est\u00e9tico.&nbsp;<\/p>\n\n\n\n<p>El <strong>ahorro de energ\u00eda<\/strong> est\u00e1 garantizado gracias a la <strong>reforma de las instalaciones<\/strong>, por tanto, nos centraremos en la comodidad que debe suponer su uso.&nbsp;<\/p>\n\n\n\n<p>Pongamos un ejemplo:<\/p>\n\n\n\n<p>Mobiliario: resultar\u00e1 m\u00e1s econ\u00f3mico comprar muebles bajos con puertas practicables que con cajones. Pero, conforme pasa el tiempo, los usuarios agradecen cajones para evitar dolores de espalda. En la parte de arriba, los muebles altos con puertas practicables son m\u00e1s baratos que con puertas abatibles y hacen bien su funci\u00f3n.<\/p>\n\n\n\n<div style=\"height:30px\" aria-hidden=\"true\" class=\"wp-block-spacer\"><\/div>\n\n\n<div class=\"wp-block-image\">\n<figure class=\"aligncenter size-large\"><img decoding=\"async\" width=\"768\" height=\"1024\" src=\"https:\/\/inandoutarchitects.com\/wp-content\/uploads\/2023\/12\/BANO-THAI-Barcelona-2023-5-768x1024.jpg\" alt=\"Reforma ba\u00f1o\" class=\"wp-image-2085\" srcset=\"https:\/\/inandoutarchitects.com\/wp-content\/uploads\/2023\/12\/BANO-THAI-Barcelona-2023-5-768x1024.jpg 768w, https:\/\/inandoutarchitects.com\/wp-content\/uploads\/2023\/12\/BANO-THAI-Barcelona-2023-5-scaled-600x800.jpg 600w, https:\/\/inandoutarchitects.com\/wp-content\/uploads\/2023\/12\/BANO-THAI-Barcelona-2023-5-225x300.jpg 225w, https:\/\/inandoutarchitects.com\/wp-content\/uploads\/2023\/12\/BANO-THAI-Barcelona-2023-5-1152x1536.jpg 1152w, https:\/\/inandoutarchitects.com\/wp-content\/uploads\/2023\/12\/BANO-THAI-Barcelona-2023-5-1536x2048.jpg 1536w, https:\/\/inandoutarchitects.com\/wp-content\/uploads\/2023\/12\/BANO-THAI-Barcelona-2023-5-9x12.jpg 9w, https:\/\/inandoutarchitects.com\/wp-content\/uploads\/2023\/12\/BANO-THAI-Barcelona-2023-5-scaled.jpg 1920w\" sizes=\"(max-width: 768px) 100vw, 768px\" \/><figcaption class=\"wp-element-caption\">Bathroom renovation<\/figcaption><\/figure>\n<\/div>\n\n\n<div style=\"height:25px\" aria-hidden=\"true\" class=\"wp-block-spacer\"><\/div>\n\n\n\n<h3 class=\"wp-block-heading\"><strong><strong><strong><strong>4 razones para invertir en la reforma de cocina y ba\u00f1o<\/strong><\/strong><\/strong><\/strong><\/h3>\n\n\n\n<div style=\"height:25px\" aria-hidden=\"true\" class=\"wp-block-spacer\"><\/div>\n\n\n\n<ol class=\"wp-block-list\">\n<li><strong>Funcionalidad: <\/strong>una reforma bien planificada optimiza el dise\u00f1o y la disposici\u00f3n de los elementos, mejorando la eficiencia y facilitando el uso diario.<\/li>\n\n\n\n<li><strong>Valor de la propiedad:<\/strong> la cocina y el ba\u00f1o son dos de los espacios que m\u00e1s influyen en la valoraci\u00f3n de una propiedad. Los compradores suelen decantarse por espacios modernos y bien equipados.<\/li>\n\n\n\n<li><strong>Mejora del estilo y la est\u00e9tica:<\/strong> una reforma puede transformar por completo el aspecto de estos espacios. La elecci\u00f3n de nuevos materiales, colores y accesorios actualiza el estilo de la vivienda, algo que resulta agradable y atractivo para residir en ella.<\/li>\n\n\n\n<li><strong>Ahorro de energ\u00eda y agua:<\/strong> actualizar los sistemas de iluminaci\u00f3n, fontaner\u00eda y electrodom\u00e9sticos hace que la vivienda sea m\u00e1s eficiente en el uso de energ\u00eda y agua. De este modo, a largo plazo se reducen costos y <a href=\"https:\/\/inandoutarchitects.com\/en\/casas-saludables\/\" target=\"_blank\" rel=\"noreferrer noopener\"><strong>la vivienda se considera ecol\u00f3gica y sostenible.<\/strong><\/a><\/li>\n<\/ol>\n\n\n\n<div style=\"height:13px\" aria-hidden=\"true\" class=\"wp-block-spacer\"><\/div>\n\n\n\n<h2 class=\"wp-block-heading has-text-align-center has-luminous-vivid-amber-background-color has-background\"><strong><strong><strong>&nbsp;\u00bfVale la pena invertir en puertas y ventanas?<\/strong><\/strong><\/strong><\/h2>\n\n\n\n<div style=\"height:17px\" aria-hidden=\"true\" class=\"wp-block-spacer\"><\/div>\n\n\n\n<p>En el presupuesto de una reforma, a la pregunta, <strong>qu\u00e9 reformar primero en el piso<\/strong>, las puertas y ventanas suelen estar en tercera o cuarta posici\u00f3n.<\/p>\n\n\n\n<p>Si te lo est\u00e1s pensando, es cierto que pueden representar un gasto inicial considerable, pero los beneficios a largo plazo son evidentes.<\/p>\n\n\n\n<ul class=\"wp-block-list\">\n<li><strong>Seguridad<\/strong>: Actualmente disponen de caracter\u00edsticas como cerraduras m\u00e1s seguras o vidrios resistentes a impactos.<\/li>\n\n\n\n<li><strong>Confort<\/strong>: Los nuevos modelos reducen la entrada de ruido exterior y evitan corrientes de aire. Esto ayuda a crear un ambiente tranquilo y acogedor.<\/li>\n\n\n\n<li><strong>Est\u00e9tica:<\/strong> La apariencia de una vivienda se puede transformar tanto en su interior como en el exterior. Se mejora su atractivo a trav\u00e9s de dise\u00f1os modernos y materiales de mayor calidad.<\/li>\n\n\n\n<li><strong>Eficiencia energ\u00e9tica:<\/strong> Se reducen las p\u00e9rdidas de calor en invierno y de frescor en verano. Representa un ahorro en calefacci\u00f3n y refrigeraci\u00f3n.&nbsp;<\/li>\n\n\n\n<li><strong>Valor de reventa:<\/strong> Con puertas y ventanas actualizadas el valor de reventa asciende. Los potenciales compradores aprecian las mejoras energ\u00e9ticas, en seguridad y en est\u00e9tica.<\/li>\n<\/ul>\n\n\n\n<div style=\"height:27px\" aria-hidden=\"true\" class=\"wp-block-spacer\"><\/div>\n\n\n<div class=\"wp-block-image\">\n<figure class=\"aligncenter size-large\"><img loading=\"lazy\" decoding=\"async\" width=\"769\" height=\"1024\" src=\"https:\/\/inandoutarchitects.com\/wp-content\/uploads\/2024\/07\/20230727_115650-02-edited-769x1024.jpg\" alt=\"REFORMA INTEGRAL\" class=\"wp-image-2384\" srcset=\"https:\/\/inandoutarchitects.com\/wp-content\/uploads\/2024\/07\/20230727_115650-02-edited-769x1024.jpg 769w, https:\/\/inandoutarchitects.com\/wp-content\/uploads\/2024\/07\/20230727_115650-02-edited-600x799.jpg 600w, https:\/\/inandoutarchitects.com\/wp-content\/uploads\/2024\/07\/20230727_115650-02-edited-225x300.jpg 225w, https:\/\/inandoutarchitects.com\/wp-content\/uploads\/2024\/07\/20230727_115650-02-edited-768x1023.jpg 768w, https:\/\/inandoutarchitects.com\/wp-content\/uploads\/2024\/07\/20230727_115650-02-edited-1153x1536.jpg 1153w, https:\/\/inandoutarchitects.com\/wp-content\/uploads\/2024\/07\/20230727_115650-02-edited-1537x2048.jpg 1537w, https:\/\/inandoutarchitects.com\/wp-content\/uploads\/2024\/07\/20230727_115650-02-edited-9x12.jpg 9w, https:\/\/inandoutarchitects.com\/wp-content\/uploads\/2024\/07\/20230727_115650-02-edited.jpg 1816w\" sizes=\"(max-width: 769px) 100vw, 769px\" \/><figcaption class=\"wp-element-caption\">REFORMA INTEGRAL<\/figcaption><\/figure>\n<\/div>\n\n\n<div style=\"height:27px\" aria-hidden=\"true\" class=\"wp-block-spacer\"><\/div>\n\n\n\n<h3 class=\"wp-block-heading\"><strong><strong><strong>Cambiar la puerta de entrada, suelos y mobiliario de la vivienda<\/strong><\/strong><\/strong><\/h3>\n\n\n\n<div style=\"height:29px\" aria-hidden=\"true\" class=\"wp-block-spacer\"><\/div>\n\n\n\n<p>Cuando se baraja un presupuesto ajustado, la renovaci\u00f3n total de las puertas, suelos y mobiliario es posible que se tenga que desestimar.&nbsp;<\/p>\n\n\n\n<p>La puerta de entrada de una vivienda es uno de los principales accesos y, por tanto, conviene que la seguridad sea un tema prioritario. En lugar de cambiarla, que siempre ser\u00e1 m\u00e1s caro, se puede reforzar y embellecer de muchas formas.&nbsp;<\/p>\n\n\n\n<p>Del mismo modo, el resto de puertas de la casa se pueden lijar y pintar, y conservar un largo periodo de tiempo.<\/p>\n\n\n\n<p>El suelo de terrazo se puede pulir y mantener o bien buscar otros materiales que se coloquen sobre el suelo original. Incluso existe la opci\u00f3n de pintura para azulejos que puede aplicarse en paredes y suelos.&nbsp;<\/p>\n\n\n\n<p>En el caso de los muebles, es una opci\u00f3n la restauraci\u00f3n con m\u00faltiples materiales como pintura a la tiza o barnices de diversas tonalidades. Existe tambi\u00e9n un mercado de muebles de bajo precio muy accesible.&nbsp;<\/p>\n\n\n\n<div style=\"height:13px\" aria-hidden=\"true\" class=\"wp-block-spacer\"><\/div>\n\n\n\n<h2 class=\"wp-block-heading has-text-align-center has-light-green-cyan-background-color has-background\"><strong><strong><strong>El dise\u00f1o: ingrediente indispensable para economizar<\/strong><\/strong><\/strong><\/h2>\n\n\n\n<div style=\"height:12px\" aria-hidden=\"true\" class=\"wp-block-spacer\"><\/div>\n\n\n\n<p>Para que una reforma se adapte a un presupuesto establecido cubriendo las expectativas del propietario, la mejor inversi\u00f3n es <strong>realizar una buena distribuci\u00f3n y dise\u00f1o.<\/strong>&nbsp;<\/p>\n\n\n\n<p>Se trata de que la vivienda se transforme de manera que resulte perfecta para el uso particular de quienes van a habitar en ella. Para eso, se deben tener en cuenta sus gustos y tambi\u00e9n otras opciones, unas m\u00e1s urgentes que otras.&nbsp;<\/p>\n\n\n\n<p>Para <strong>In&amp;Out Architects<\/strong>, el <strong>dise\u00f1o de interiorismo<\/strong> es una pieza fundamental de su trabajo en el despacho.&nbsp;<\/p>\n\n\n\n<p>Un buen dise\u00f1o de distribuci\u00f3n ahorra en materiales, que en t\u00e9rminos econ\u00f3micos puede oscilar entre 3.000\u20ac y 10.000\u20ac. Actualmente existen infinidad de opciones a las que recurrir.<\/p>\n\n\n\n<p>Queremos ayudarte en tu pr\u00f3ximo <a href=\"https:\/\/inandoutarchitects.com\/en\/recomendaciones-para-la-reforma-de-tu-vivienda\/\" target=\"_blank\" rel=\"noreferrer noopener\"><strong>proyecto de renovaci\u00f3n de tu vivienda<\/strong><\/a> y como expertas, lo primero que debes solicitar es una buena planificaci\u00f3n.<\/p>\n\n\n\n<p>Si quieres realizar una <strong>reforma en tu vivienda<\/strong> nuestro consejo como expertas es que solicites una buena planificaci\u00f3n.<\/p>\n\n\n\n<p>Si despu\u00e9s de leer este art\u00edculo, mantienes alguna duda sobre <strong>qu\u00e9 reformar primero en la vivienda,<\/strong> puedes recurrir a nuestro\u00a0 <a href=\"https:\/\/inandoutarchitects.com\/en\/consultorias\/\" target=\"_blank\" rel=\"noreferrer noopener\"><strong>Servicio de Consultor\u00eda<\/strong><\/a>. Te orientaremos para que analices todas tus opciones adapt\u00e1ndonos al presupuesto que dispongas.<\/p>\n\n\n\n<div style=\"height:20px\" aria-hidden=\"true\" class=\"wp-block-spacer\"><\/div>\n\n\n\n<div style=\"height:40px\" aria-hidden=\"true\" class=\"wp-block-spacer\"><\/div>\n\n\n<div class=\"wp-block-image\">\n<figure class=\"aligncenter size-large is-resized\"><a href=\"https:\/\/inandoutarchitects.com\/en\/nosotras\/\" target=\"_blank\" rel=\"noreferrer noopener\"><img loading=\"lazy\" decoding=\"async\" width=\"1024\" height=\"1024\" src=\"https:\/\/inandoutarchitects.com\/wp-content\/uploads\/2023\/09\/OFIJ3758-1024x1024.jpg\" alt=\"In&amp;Out Architects\" class=\"wp-image-981\" style=\"width:416px;height:auto\" srcset=\"https:\/\/inandoutarchitects.com\/wp-content\/uploads\/2023\/09\/OFIJ3758-1024x1024.jpg 1024w, https:\/\/inandoutarchitects.com\/wp-content\/uploads\/2023\/09\/OFIJ3758-300x300.jpg 300w, https:\/\/inandoutarchitects.com\/wp-content\/uploads\/2023\/09\/OFIJ3758-100x100.jpg 100w, https:\/\/inandoutarchitects.com\/wp-content\/uploads\/2023\/09\/OFIJ3758-600x600.jpg 600w, https:\/\/inandoutarchitects.com\/wp-content\/uploads\/2023\/09\/OFIJ3758-150x150.jpg 150w, https:\/\/inandoutarchitects.com\/wp-content\/uploads\/2023\/09\/OFIJ3758-768x768.jpg 768w, https:\/\/inandoutarchitects.com\/wp-content\/uploads\/2023\/09\/OFIJ3758-650x650.jpg 650w, https:\/\/inandoutarchitects.com\/wp-content\/uploads\/2023\/09\/OFIJ3758.jpg 1134w\" sizes=\"(max-width: 1024px) 100vw, 1024px\" \/><\/a><figcaption class=\"wp-element-caption\">In&amp;Out Architects<\/figcaption><\/figure>\n<\/div>\n\n\n<div style=\"height:78px\" aria-hidden=\"true\" class=\"wp-block-spacer\"><\/div>","protected":false},"excerpt":{"rendered":"<p>Descubre qu\u00e9 reformar primero en un piso para mejorar el valor y el confort de tu vivienda, ya sea para vivir, alquilar o vender.<\/p>","protected":false},"author":3,"featured_media":2290,"comment_status":"closed","ping_status":"closed","sticky":false,"template":"","format":"standard","meta":{"inline_featured_image":false,"_monsterinsights_skip_tracking":false,"_monsterinsights_sitenote_active":false,"_monsterinsights_sitenote_note":"","_monsterinsights_sitenote_category":0,"_uf_show_specific_survey":0,"_uf_disable_surveys":false,"_jetpack_memberships_contains_paid_content":false,"footnotes":""},"categories":[19,9,10,11,12,13,14,15],"tags":[326,314,328,310,327,325,324,329,313,315,317,316,318,323,309,312,319,331,322,311,321,320,330],"class_list":["post-2288","post","type-post","status-publish","format-standard","has-post-thumbnail","hentry","category-arquitectura","category-bano","category-cocina","category-compra-y-venta-de-inmuebles","category-interiorismo","category-reforma-integral","category-rehabilitacion","category-vivienda","tag-acondicionamiento-termico","tag-acondicionar-el-estado-de-las-instalaciones","tag-aerotermia","tag-agua","tag-ahorro-de-energia","tag-aislante-termico","tag-buen-aislamiento","tag-distribucion-y-diseno","tag-estilo-de-vida-actual","tag-gas-y-acondicionamiento-termico-en-general","tag-instalacion-de-agua","tag-instalacion-de-gas","tag-instalacion-electrica-y-eficiencia-energetica","tag-inundaciones","tag-las-instalaciones","tag-luz","tag-prevenir-fugas-de-gas","tag-reforma-de-cocina-y-bano","tag-reforma-de-la-vivienda","tag-renovar-la-vivienda","tag-revisar-los-desagues-y-el-sistema-de-saneamiento","tag-sistema-de-calefaccion-de-agua","tag-una-buena-distribucion"],"yoast_head":"<!-- This site is optimized with the Yoast SEO plugin v27.5 - https:\/\/yoast.com\/product\/yoast-seo-wordpress\/ -->\n<title>Qu\u00e9 Reformar Primero en un Piso en T\u00e9rminos Econ\u00f3micos<\/title>\n<meta name=\"description\" content=\"Descubre qu\u00e9 reformar primero en un piso para mejorar el valor y el confort de tu vivienda, ya sea para vivir, alquilar o vender.\" \/>\n<meta name=\"robots\" content=\"index, follow, max-snippet:-1, max-image-preview:large, max-video-preview:-1\" \/>\n<link rel=\"canonical\" href=\"https:\/\/inandoutarchitects.com\/en\/que-reformar-primero-piso\/\" \/>\n<meta property=\"og:locale\" content=\"en_US\" \/>\n<meta property=\"og:type\" content=\"article\" \/>\n<meta property=\"og:title\" content=\"Qu\u00e9 Reformar Primero en un Piso en T\u00e9rminos Econ\u00f3micos\" \/>\n<meta property=\"og:description\" content=\"Descubre qu\u00e9 reformar primero en un piso para mejorar el valor y el confort de tu vivienda, ya sea para vivir, alquilar o vender.\" \/>\n<meta property=\"og:url\" content=\"https:\/\/inandoutarchitects.com\/en\/que-reformar-primero-piso\/\" \/>\n<meta property=\"og:site_name\" content=\"In&amp;Out Architects\" \/>\n<meta property=\"article:published_time\" content=\"2024-05-22T08:00:00+00:00\" \/>\n<meta property=\"article:modified_time\" content=\"2025-05-02T07:51:44+00:00\" \/>\n<meta property=\"og:image\" content=\"https:\/\/inandoutarchitects.com\/wp-content\/uploads\/2024\/05\/IMG_1258-scaled.jpg\" \/>\n\t<meta property=\"og:image:width\" content=\"2560\" \/>\n\t<meta property=\"og:image:height\" content=\"1920\" \/>\n\t<meta property=\"og:image:type\" content=\"image\/jpeg\" \/>\n<meta name=\"author\" content=\"IRENE ALMENDROS DIAZ\" \/>\n<meta name=\"twitter:card\" content=\"summary_large_image\" \/>\n<meta name=\"twitter:label1\" content=\"Written by\" \/>\n\t<meta name=\"twitter:data1\" content=\"IRENE ALMENDROS DIAZ\" \/>\n\t<meta name=\"twitter:label2\" content=\"Est. reading time\" \/>\n\t<meta name=\"twitter:data2\" content=\"9 minutes\" \/>\n<script type=\"application\/ld+json\" class=\"yoast-schema-graph\">{\"@context\":\"https:\\\/\\\/schema.org\",\"@graph\":[{\"@type\":\"Article\",\"@id\":\"https:\\\/\\\/inandoutarchitects.com\\\/que-reformar-primero-piso\\\/#article\",\"isPartOf\":{\"@id\":\"https:\\\/\\\/inandoutarchitects.com\\\/que-reformar-primero-piso\\\/\"},\"author\":{\"name\":\"IRENE ALMENDROS DIAZ\",\"@id\":\"https:\\\/\\\/inandoutarchitects.com\\\/#\\\/schema\\\/person\\\/5a74e725599dd3012d72ab27f8d924f1\"},\"headline\":\"QU\u00c9 REFORMAR PRIMERO EN UN PISO\",\"datePublished\":\"2024-05-22T08:00:00+00:00\",\"dateModified\":\"2025-05-02T07:51:44+00:00\",\"mainEntityOfPage\":{\"@id\":\"https:\\\/\\\/inandoutarchitects.com\\\/que-reformar-primero-piso\\\/\"},\"wordCount\":1677,\"publisher\":{\"@id\":\"https:\\\/\\\/inandoutarchitects.com\\\/#organization\"},\"image\":{\"@id\":\"https:\\\/\\\/inandoutarchitects.com\\\/que-reformar-primero-piso\\\/#primaryimage\"},\"thumbnailUrl\":\"https:\\\/\\\/inandoutarchitects.com\\\/wp-content\\\/uploads\\\/2024\\\/05\\\/IMG_1258-scaled.jpg\",\"keywords\":[\"acondicionamiento t\u00e9rmico\",\"acondicionar el estado de las instalaciones\",\"aerotermia\",\"agua\",\"ahorro de energ\u00eda\",\"aislante t\u00e9rmico\",\"buen aislamiento\",\"distribuci\u00f3n y dise\u00f1o\",\"estilo de vida actual\",\"gas y acondicionamiento t\u00e9rmico en general\",\"instalaci\u00f3n de agua\",\"instalaci\u00f3n de gas\",\"instalaci\u00f3n el\u00e9ctrica y eficiencia energ\u00e9tica\",\"inundaciones\",\"las instalaciones\",\"luz\",\"prevenir fugas de gas\",\"reforma de cocina y ba\u00f1o\",\"reforma de la vivienda\",\"Renovar la vivienda\",\"revisar los desag\u00fces y el sistema de saneamiento\",\"sistema de calefacci\u00f3n de agua\",\"una buena distribuci\u00f3n\"],\"articleSection\":[\"Arquitectura\",\"Ba\u00f1o\",\"Cocina\",\"Compra y Venta De Inmuebles\",\"Interiorismo\",\"Reforma Integral\",\"Rehabilitaci\u00f3n\",\"Vivienda\"],\"inLanguage\":\"en-US\"},{\"@type\":\"WebPage\",\"@id\":\"https:\\\/\\\/inandoutarchitects.com\\\/que-reformar-primero-piso\\\/\",\"url\":\"https:\\\/\\\/inandoutarchitects.com\\\/que-reformar-primero-piso\\\/\",\"name\":\"Qu\u00e9 Reformar Primero en un Piso en T\u00e9rminos Econ\u00f3micos\",\"isPartOf\":{\"@id\":\"https:\\\/\\\/inandoutarchitects.com\\\/#website\"},\"primaryImageOfPage\":{\"@id\":\"https:\\\/\\\/inandoutarchitects.com\\\/que-reformar-primero-piso\\\/#primaryimage\"},\"image\":{\"@id\":\"https:\\\/\\\/inandoutarchitects.com\\\/que-reformar-primero-piso\\\/#primaryimage\"},\"thumbnailUrl\":\"https:\\\/\\\/inandoutarchitects.com\\\/wp-content\\\/uploads\\\/2024\\\/05\\\/IMG_1258-scaled.jpg\",\"datePublished\":\"2024-05-22T08:00:00+00:00\",\"dateModified\":\"2025-05-02T07:51:44+00:00\",\"description\":\"Descubre qu\u00e9 reformar primero en un piso para mejorar el valor y el confort de tu vivienda, ya sea para vivir, alquilar o vender.\",\"breadcrumb\":{\"@id\":\"https:\\\/\\\/inandoutarchitects.com\\\/que-reformar-primero-piso\\\/#breadcrumb\"},\"inLanguage\":\"en-US\",\"potentialAction\":[{\"@type\":\"ReadAction\",\"target\":[\"https:\\\/\\\/inandoutarchitects.com\\\/que-reformar-primero-piso\\\/\"]}]},{\"@type\":\"ImageObject\",\"inLanguage\":\"en-US\",\"@id\":\"https:\\\/\\\/inandoutarchitects.com\\\/que-reformar-primero-piso\\\/#primaryimage\",\"url\":\"https:\\\/\\\/inandoutarchitects.com\\\/wp-content\\\/uploads\\\/2024\\\/05\\\/IMG_1258-scaled.jpg\",\"contentUrl\":\"https:\\\/\\\/inandoutarchitects.com\\\/wp-content\\\/uploads\\\/2024\\\/05\\\/IMG_1258-scaled.jpg\",\"width\":2560,\"height\":1920,\"caption\":\"reforma integral\"},{\"@type\":\"BreadcrumbList\",\"@id\":\"https:\\\/\\\/inandoutarchitects.com\\\/que-reformar-primero-piso\\\/#breadcrumb\",\"itemListElement\":[{\"@type\":\"ListItem\",\"position\":1,\"name\":\"Portada\",\"item\":\"https:\\\/\\\/inandoutarchitects.com\\\/\"},{\"@type\":\"ListItem\",\"position\":2,\"name\":\"QU\u00c9 REFORMAR PRIMERO EN UN PISO\"}]},{\"@type\":\"WebSite\",\"@id\":\"https:\\\/\\\/inandoutarchitects.com\\\/#website\",\"url\":\"https:\\\/\\\/inandoutarchitects.com\\\/\",\"name\":\"In&amp;Out Architects\",\"description\":\"\",\"publisher\":{\"@id\":\"https:\\\/\\\/inandoutarchitects.com\\\/#organization\"},\"potentialAction\":[{\"@type\":\"SearchAction\",\"target\":{\"@type\":\"EntryPoint\",\"urlTemplate\":\"https:\\\/\\\/inandoutarchitects.com\\\/?s={search_term_string}\"},\"query-input\":{\"@type\":\"PropertyValueSpecification\",\"valueRequired\":true,\"valueName\":\"search_term_string\"}}],\"inLanguage\":\"en-US\"},{\"@type\":\"Organization\",\"@id\":\"https:\\\/\\\/inandoutarchitects.com\\\/#organization\",\"name\":\"In&amp;Out Architects\",\"url\":\"https:\\\/\\\/inandoutarchitects.com\\\/\",\"logo\":{\"@type\":\"ImageObject\",\"inLanguage\":\"en-US\",\"@id\":\"https:\\\/\\\/inandoutarchitects.com\\\/#\\\/schema\\\/logo\\\/image\\\/\",\"url\":\"https:\\\/\\\/inandoutarchitects.com\\\/wp-content\\\/uploads\\\/2023\\\/08\\\/cropped-Enmascarar-grupo-8.png\",\"contentUrl\":\"https:\\\/\\\/inandoutarchitects.com\\\/wp-content\\\/uploads\\\/2023\\\/08\\\/cropped-Enmascarar-grupo-8.png\",\"width\":83,\"height\":83,\"caption\":\"In&amp;Out Architects\"},\"image\":{\"@id\":\"https:\\\/\\\/inandoutarchitects.com\\\/#\\\/schema\\\/logo\\\/image\\\/\"}},{\"@type\":\"Person\",\"@id\":\"https:\\\/\\\/inandoutarchitects.com\\\/#\\\/schema\\\/person\\\/5a74e725599dd3012d72ab27f8d924f1\",\"name\":\"IRENE ALMENDROS DIAZ\",\"image\":{\"@type\":\"ImageObject\",\"inLanguage\":\"en-US\",\"@id\":\"https:\\\/\\\/secure.gravatar.com\\\/avatar\\\/b5fb5b72d1fd3caa0e5c64aef8e74353cefa79b3c70e06facee1c14b59a91d57?s=96&d=mm&r=g\",\"url\":\"https:\\\/\\\/secure.gravatar.com\\\/avatar\\\/b5fb5b72d1fd3caa0e5c64aef8e74353cefa79b3c70e06facee1c14b59a91d57?s=96&d=mm&r=g\",\"contentUrl\":\"https:\\\/\\\/secure.gravatar.com\\\/avatar\\\/b5fb5b72d1fd3caa0e5c64aef8e74353cefa79b3c70e06facee1c14b59a91d57?s=96&d=mm&r=g\",\"caption\":\"IRENE ALMENDROS DIAZ\"},\"url\":\"https:\\\/\\\/inandoutarchitects.com\\\/en\\\/author\\\/irene\\\/\"}]}<\/script>\n<!-- \/ Yoast SEO plugin. -->","yoast_head_json":{"title":"Qu\u00e9 Reformar Primero en un Piso en T\u00e9rminos Econ\u00f3micos","description":"Descubre qu\u00e9 reformar primero en un piso para mejorar el valor y el confort de tu vivienda, ya sea para vivir, alquilar o vender.","robots":{"index":"index","follow":"follow","max-snippet":"max-snippet:-1","max-image-preview":"max-image-preview:large","max-video-preview":"max-video-preview:-1"},"canonical":"https:\/\/inandoutarchitects.com\/en\/que-reformar-primero-piso\/","og_locale":"en_US","og_type":"article","og_title":"Qu\u00e9 Reformar Primero en un Piso en T\u00e9rminos Econ\u00f3micos","og_description":"Descubre qu\u00e9 reformar primero en un piso para mejorar el valor y el confort de tu vivienda, ya sea para vivir, alquilar o vender.","og_url":"https:\/\/inandoutarchitects.com\/en\/que-reformar-primero-piso\/","og_site_name":"In&amp;Out Architects","article_published_time":"2024-05-22T08:00:00+00:00","article_modified_time":"2025-05-02T07:51:44+00:00","og_image":[{"width":2560,"height":1920,"url":"https:\/\/inandoutarchitects.com\/wp-content\/uploads\/2024\/05\/IMG_1258-scaled.jpg","type":"image\/jpeg"}],"author":"IRENE ALMENDROS DIAZ","twitter_card":"summary_large_image","twitter_misc":{"Written by":"IRENE ALMENDROS DIAZ","Est. reading time":"9 minutes"},"schema":{"@context":"https:\/\/schema.org","@graph":[{"@type":"Article","@id":"https:\/\/inandoutarchitects.com\/que-reformar-primero-piso\/#article","isPartOf":{"@id":"https:\/\/inandoutarchitects.com\/que-reformar-primero-piso\/"},"author":{"name":"IRENE ALMENDROS DIAZ","@id":"https:\/\/inandoutarchitects.com\/#\/schema\/person\/5a74e725599dd3012d72ab27f8d924f1"},"headline":"QU\u00c9 REFORMAR PRIMERO EN UN PISO","datePublished":"2024-05-22T08:00:00+00:00","dateModified":"2025-05-02T07:51:44+00:00","mainEntityOfPage":{"@id":"https:\/\/inandoutarchitects.com\/que-reformar-primero-piso\/"},"wordCount":1677,"publisher":{"@id":"https:\/\/inandoutarchitects.com\/#organization"},"image":{"@id":"https:\/\/inandoutarchitects.com\/que-reformar-primero-piso\/#primaryimage"},"thumbnailUrl":"https:\/\/inandoutarchitects.com\/wp-content\/uploads\/2024\/05\/IMG_1258-scaled.jpg","keywords":["acondicionamiento t\u00e9rmico","acondicionar el estado de las instalaciones","aerotermia","agua","ahorro de energ\u00eda","aislante t\u00e9rmico","buen aislamiento","distribuci\u00f3n y dise\u00f1o","estilo de vida actual","gas y acondicionamiento t\u00e9rmico en general","instalaci\u00f3n de agua","instalaci\u00f3n de gas","instalaci\u00f3n el\u00e9ctrica y eficiencia energ\u00e9tica","inundaciones","las instalaciones","luz","prevenir fugas de gas","reforma de cocina y ba\u00f1o","reforma de la vivienda","Renovar la vivienda","revisar los desag\u00fces y el sistema de saneamiento","sistema de calefacci\u00f3n de agua","una buena distribuci\u00f3n"],"articleSection":["Arquitectura","Ba\u00f1o","Cocina","Compra y Venta De Inmuebles","Interiorismo","Reforma Integral","Rehabilitaci\u00f3n","Vivienda"],"inLanguage":"en-US"},{"@type":"WebPage","@id":"https:\/\/inandoutarchitects.com\/que-reformar-primero-piso\/","url":"https:\/\/inandoutarchitects.com\/que-reformar-primero-piso\/","name":"Qu\u00e9 Reformar Primero en un Piso en T\u00e9rminos Econ\u00f3micos","isPartOf":{"@id":"https:\/\/inandoutarchitects.com\/#website"},"primaryImageOfPage":{"@id":"https:\/\/inandoutarchitects.com\/que-reformar-primero-piso\/#primaryimage"},"image":{"@id":"https:\/\/inandoutarchitects.com\/que-reformar-primero-piso\/#primaryimage"},"thumbnailUrl":"https:\/\/inandoutarchitects.com\/wp-content\/uploads\/2024\/05\/IMG_1258-scaled.jpg","datePublished":"2024-05-22T08:00:00+00:00","dateModified":"2025-05-02T07:51:44+00:00","description":"Descubre qu\u00e9 reformar primero en un piso para mejorar el valor y el confort de tu vivienda, ya sea para vivir, alquilar o vender.","breadcrumb":{"@id":"https:\/\/inandoutarchitects.com\/que-reformar-primero-piso\/#breadcrumb"},"inLanguage":"en-US","potentialAction":[{"@type":"ReadAction","target":["https:\/\/inandoutarchitects.com\/que-reformar-primero-piso\/"]}]},{"@type":"ImageObject","inLanguage":"en-US","@id":"https:\/\/inandoutarchitects.com\/que-reformar-primero-piso\/#primaryimage","url":"https:\/\/inandoutarchitects.com\/wp-content\/uploads\/2024\/05\/IMG_1258-scaled.jpg","contentUrl":"https:\/\/inandoutarchitects.com\/wp-content\/uploads\/2024\/05\/IMG_1258-scaled.jpg","width":2560,"height":1920,"caption":"reforma integral"},{"@type":"BreadcrumbList","@id":"https:\/\/inandoutarchitects.com\/que-reformar-primero-piso\/#breadcrumb","itemListElement":[{"@type":"ListItem","position":1,"name":"Portada","item":"https:\/\/inandoutarchitects.com\/"},{"@type":"ListItem","position":2,"name":"QU\u00c9 REFORMAR PRIMERO EN UN PISO"}]},{"@type":"WebSite","@id":"https:\/\/inandoutarchitects.com\/#website","url":"https:\/\/inandoutarchitects.com\/","name":"In&amp;Out Architects","description":"","publisher":{"@id":"https:\/\/inandoutarchitects.com\/#organization"},"potentialAction":[{"@type":"SearchAction","target":{"@type":"EntryPoint","urlTemplate":"https:\/\/inandoutarchitects.com\/?s={search_term_string}"},"query-input":{"@type":"PropertyValueSpecification","valueRequired":true,"valueName":"search_term_string"}}],"inLanguage":"en-US"},{"@type":"Organization","@id":"https:\/\/inandoutarchitects.com\/#organization","name":"In&amp;Out Architects","url":"https:\/\/inandoutarchitects.com\/","logo":{"@type":"ImageObject","inLanguage":"en-US","@id":"https:\/\/inandoutarchitects.com\/#\/schema\/logo\/image\/","url":"https:\/\/inandoutarchitects.com\/wp-content\/uploads\/2023\/08\/cropped-Enmascarar-grupo-8.png","contentUrl":"https:\/\/inandoutarchitects.com\/wp-content\/uploads\/2023\/08\/cropped-Enmascarar-grupo-8.png","width":83,"height":83,"caption":"In&amp;Out Architects"},"image":{"@id":"https:\/\/inandoutarchitects.com\/#\/schema\/logo\/image\/"}},{"@type":"Person","@id":"https:\/\/inandoutarchitects.com\/#\/schema\/person\/5a74e725599dd3012d72ab27f8d924f1","name":"IRENE ALMENDROS DIAZ","image":{"@type":"ImageObject","inLanguage":"en-US","@id":"https:\/\/secure.gravatar.com\/avatar\/b5fb5b72d1fd3caa0e5c64aef8e74353cefa79b3c70e06facee1c14b59a91d57?s=96&d=mm&r=g","url":"https:\/\/secure.gravatar.com\/avatar\/b5fb5b72d1fd3caa0e5c64aef8e74353cefa79b3c70e06facee1c14b59a91d57?s=96&d=mm&r=g","contentUrl":"https:\/\/secure.gravatar.com\/avatar\/b5fb5b72d1fd3caa0e5c64aef8e74353cefa79b3c70e06facee1c14b59a91d57?s=96&d=mm&r=g","caption":"IRENE ALMENDROS DIAZ"},"url":"https:\/\/inandoutarchitects.com\/en\/author\/irene\/"}]}},"jetpack_featured_media_url":"https:\/\/inandoutarchitects.com\/wp-content\/uploads\/2024\/05\/IMG_1258-scaled.jpg","jetpack_sharing_enabled":true,"_links":{"self":[{"href":"https:\/\/inandoutarchitects.com\/en\/wp-json\/wp\/v2\/posts\/2288","targetHints":{"allow":["GET"]}}],"collection":[{"href":"https:\/\/inandoutarchitects.com\/en\/wp-json\/wp\/v2\/posts"}],"about":[{"href":"https:\/\/inandoutarchitects.com\/en\/wp-json\/wp\/v2\/types\/post"}],"author":[{"embeddable":true,"href":"https:\/\/inandoutarchitects.com\/en\/wp-json\/wp\/v2\/users\/3"}],"replies":[{"embeddable":true,"href":"https:\/\/inandoutarchitects.com\/en\/wp-json\/wp\/v2\/comments?post=2288"}],"version-history":[{"count":13,"href":"https:\/\/inandoutarchitects.com\/en\/wp-json\/wp\/v2\/posts\/2288\/revisions"}],"predecessor-version":[{"id":2663,"href":"https:\/\/inandoutarchitects.com\/en\/wp-json\/wp\/v2\/posts\/2288\/revisions\/2663"}],"wp:featuredmedia":[{"embeddable":true,"href":"https:\/\/inandoutarchitects.com\/en\/wp-json\/wp\/v2\/media\/2290"}],"wp:attachment":[{"href":"https:\/\/inandoutarchitects.com\/en\/wp-json\/wp\/v2\/media?parent=2288"}],"wp:term":[{"taxonomy":"category","embeddable":true,"href":"https:\/\/inandoutarchitects.com\/en\/wp-json\/wp\/v2\/categories?post=2288"},{"taxonomy":"post_tag","embeddable":true,"href":"https:\/\/inandoutarchitects.com\/en\/wp-json\/wp\/v2\/tags?post=2288"}],"curies":[{"name":"wp","href":"https:\/\/api.w.org\/{rel}","templated":true}]}}