{"id":1929,"date":"2023-12-06T08:30:00","date_gmt":"2023-12-06T08:30:00","guid":{"rendered":"https:\/\/inandoutarchitects.com\/?p=1929"},"modified":"2025-05-02T07:45:42","modified_gmt":"2025-05-02T07:45:42","slug":"recomendaciones-para-la-reforma-de-tu-vivienda","status":"publish","type":"post","link":"https:\/\/inandoutarchitects.com\/en\/recomendaciones-para-la-reforma-de-tu-vivienda\/","title":{"rendered":"RECOMENDACIONES PARA LA REFORMA DE TU VIVIENDA"},"content":{"rendered":"<div style=\"height:30px\" aria-hidden=\"true\" class=\"wp-block-spacer\"><\/div>\n\n\n\n<p>La <strong>reforma de tu vivienda<\/strong> puede ser muy emocionante, pero tambi\u00e9n puede ser abrumadora. Hay muchas <strong>decisiones <\/strong>que tomar, desde la distribuci\u00f3n de los espacios hasta elegir los materiales. Pero antes de comenzar cualquier proyecto de reforma en tu vivienda, es<strong> importante pensar cuidadosamente<\/strong> en c\u00f3mo deseas que se vea y funcione tu hogar. Si acabas de comprar tu nueva vivienda, pensar en el dise\u00f1o ser\u00e1 un nuevo reto, ya que es un ambiente desconocido, lleno de posibilidades nuevas y donde tu vas a crear desde cero con tus sue\u00f1os e imaginaci\u00f3n.<\/p>\n\n\n\n<p>Si vas a <strong>re-dise\u00f1ar la vivienda<\/strong> en la que ya vives desde hace a\u00f1os, ya tienes por la mano todo lo que funciona y lo que no. Conoces cada rinc\u00f3n de tu casa y sueles tener clar\u00edsimo lo que buscas.<\/p>\n\n\n\n<div style=\"height:30px\" aria-hidden=\"true\" class=\"wp-block-spacer\"><\/div>\n\n\n\n<figure class=\"wp-block-image size-large\"><img fetchpriority=\"high\" decoding=\"async\" width=\"1024\" height=\"684\" src=\"https:\/\/inandoutarchitects.com\/wp-content\/uploads\/2023\/12\/pexels-ksenia-chernaya-5691495-1024x684.jpg\" alt=\"Recomendaciones para la reforma de tu vivienda\" class=\"wp-image-1940\" title=\"Recomendaciones para la reforma de tu vivienda\" srcset=\"https:\/\/inandoutarchitects.com\/wp-content\/uploads\/2023\/12\/pexels-ksenia-chernaya-5691495-1024x684.jpg 1024w, https:\/\/inandoutarchitects.com\/wp-content\/uploads\/2023\/12\/pexels-ksenia-chernaya-5691495-scaled-600x401.jpg 600w, https:\/\/inandoutarchitects.com\/wp-content\/uploads\/2023\/12\/pexels-ksenia-chernaya-5691495-300x200.jpg 300w, https:\/\/inandoutarchitects.com\/wp-content\/uploads\/2023\/12\/pexels-ksenia-chernaya-5691495-768x513.jpg 768w, https:\/\/inandoutarchitects.com\/wp-content\/uploads\/2023\/12\/pexels-ksenia-chernaya-5691495-1536x1025.jpg 1536w, https:\/\/inandoutarchitects.com\/wp-content\/uploads\/2023\/12\/pexels-ksenia-chernaya-5691495-2048x1367.jpg 2048w, https:\/\/inandoutarchitects.com\/wp-content\/uploads\/2023\/12\/pexels-ksenia-chernaya-5691495-18x12.jpg 18w\" sizes=\"(max-width: 1024px) 100vw, 1024px\" \/><\/figure>\n\n\n\n<div style=\"height:29px\" aria-hidden=\"true\" class=\"wp-block-spacer\"><\/div>\n\n\n\n<p>Para todo ello hemos descrito una serie de <strong>recomendaciones <\/strong>para la reforma de tu vivienda antes de empezar ning\u00fan proceso. Lee atentamente los detalles que os damos y analizad entre los miembros de tu familia cada punto.<\/p>\n\n\n\n<div style=\"height:28px\" aria-hidden=\"true\" class=\"wp-block-spacer\"><\/div>\n\n\n\n<h2 class=\"wp-block-heading alignwide has-text-align-center has-black-color has-text-color has-background has-link-color wp-elements-8feb78f9044368114430de11d1d80854\" style=\"background-color:#f2c6007d\"><strong>Recomendaciones sobre c\u00f3mo quedar\u00e1 la reforma de tu vivienda<\/strong><\/h2>\n\n\n\n<div style=\"height:26px\" aria-hidden=\"true\" class=\"wp-block-spacer\"><\/div>\n\n\n\n<h3 class=\"wp-block-heading\">1. <strong>Define tus necesidades<\/strong><\/h3>\n\n\n\n<p>Antes de empezar a imaginar c\u00f3mo quieres que sea tu hogar, es importante definir tus <strong>necesidades<\/strong>. \u00bfTienes una familia grande y necesitas m\u00e1s espacio? \u00bfTe gustar\u00eda tener una cocina m\u00e1s grande para tu hobby de cocina? \u00bfQuieres un dormitorio principal m\u00e1s grande y con un ba\u00f1o en suite? Identifica las necesidades de tu hogar y de tu familia. Cu\u00e1les son tus <strong>rutinas diarias<\/strong>, que es que te facilita o te atrapa diariamente.<\/p>\n\n\n\n<div style=\"height:10px\" aria-hidden=\"true\" class=\"wp-block-spacer\"><\/div>\n\n\n\n<h3 class=\"wp-block-heading\">2. <strong>Haz una lista de tus preferencias<\/strong><\/h3>\n\n\n\n<p>Adem\u00e1s de tus necesidades, es importante considerar tus <strong>preferencias<\/strong>. \u00bfTe gusta cocinar al aire libre? Entonces, quiz\u00e1s quieras agregar a la terraza una cocina exterior o barbacoa. \u00bfEres un apasionado por la m\u00fasica? Entonces, quiz\u00e1s quieras reservar un espacio para tu equipo de sonido o para un estudio de grabaci\u00f3n. Haz una lista de las cosas que te gustan o que te gustar\u00eda tener en tu hogar.<\/p>\n\n\n\n<div style=\"height:10px\" aria-hidden=\"true\" class=\"wp-block-spacer\"><\/div>\n\n\n\n<h3 class=\"wp-block-heading\">3. <strong>Integra la iluminaci\u00f3n natural<\/strong><\/h3>\n\n\n\n<div class=\"wp-block-columns is-layout-flex wp-container-core-columns-is-layout-9d6595d7 wp-block-columns-is-layout-flex\">\n<div class=\"wp-block-column is-layout-flow wp-block-column-is-layout-flow\">\n<p class=\"has-text-align-left\">La luz natural es uno de los aspectos m\u00e1s importantes de cualquier hogar, por lo que es importante pensar en c\u00f3mo puedes <strong>maximizar la luz natural<\/strong>.&nbsp; Si est\u00e1s pensando en reformar tu vivienda, considera los <strong>grandes ventanales<\/strong> o la integraci\u00f3n de claraboyas en tu planificaci\u00f3n. Si eso no es posible, hay alternativas de modificaciones de integraci\u00f3n de los espacios interiores para mejorar la incidencia de luz natural. Un <strong>cambio de distribuci\u00f3n<\/strong> te permitir\u00e1 aprovechar las diferentes horas del d\u00eda para tener el mejor <strong>aprovechamiento de la luz natural<\/strong>.<\/p>\n<\/div>\n\n\n\n<div class=\"wp-block-column is-layout-flow wp-block-column-is-layout-flow\"><div class=\"wp-block-image\">\n<figure class=\"alignright size-large is-resized\"><img decoding=\"async\" width=\"684\" height=\"1024\" src=\"https:\/\/inandoutarchitects.com\/wp-content\/uploads\/2023\/12\/pexels-ksenia-chernaya-5691507-1-684x1024.jpg\" alt=\"Recomendaciones para la reforma de tu vivienda\" class=\"wp-image-1938\" style=\"width:281px;height:auto\" srcset=\"https:\/\/inandoutarchitects.com\/wp-content\/uploads\/2023\/12\/pexels-ksenia-chernaya-5691507-1-684x1024.jpg 684w, https:\/\/inandoutarchitects.com\/wp-content\/uploads\/2023\/12\/pexels-ksenia-chernaya-5691507-1-scaled-600x899.jpg 600w, https:\/\/inandoutarchitects.com\/wp-content\/uploads\/2023\/12\/pexels-ksenia-chernaya-5691507-1-200x300.jpg 200w, https:\/\/inandoutarchitects.com\/wp-content\/uploads\/2023\/12\/pexels-ksenia-chernaya-5691507-1-768x1150.jpg 768w, https:\/\/inandoutarchitects.com\/wp-content\/uploads\/2023\/12\/pexels-ksenia-chernaya-5691507-1-1025x1536.jpg 1025w, https:\/\/inandoutarchitects.com\/wp-content\/uploads\/2023\/12\/pexels-ksenia-chernaya-5691507-1-1367x2048.jpg 1367w, https:\/\/inandoutarchitects.com\/wp-content\/uploads\/2023\/12\/pexels-ksenia-chernaya-5691507-1-8x12.jpg 8w, https:\/\/inandoutarchitects.com\/wp-content\/uploads\/2023\/12\/pexels-ksenia-chernaya-5691507-1-scaled.jpg 1709w\" sizes=\"(max-width: 684px) 100vw, 684px\" \/><\/figure>\n<\/div><\/div>\n<\/div>\n\n\n\n<div style=\"height:10px\" aria-hidden=\"true\" class=\"wp-block-spacer\"><\/div>\n\n\n\n<h3 class=\"wp-block-heading\">4. <strong><strong>Piensa los ambientes por separado y en detalle<\/strong><\/strong><\/h3>\n\n\n\n<p>Qu\u00e9 espacio necesitas y c\u00f3mo ser\u00e1 la <strong>organizaci\u00f3n de tu casa<\/strong>. Cada ambiente se destinar\u00e1 a un uso espec\u00edfico y un espacio de guardado que lo definir\u00e1s t\u00fa mismo. Si no tienes claro lo que necesitas, haz una preselecci\u00f3n de todo lo que vas a llevar, encuentra el hueco ideal para las cosas que usas y descarta o dona las que no usas.<\/p>\n\n\n\n<div style=\"height:26px\" aria-hidden=\"true\" class=\"wp-block-spacer\"><\/div>\n\n\n\n<h2 class=\"wp-block-heading alignwide has-text-align-center has-background\" style=\"background-color:#fcb90075\"><strong><strong>Recomendaciones sobre c\u00f3mo est\u00e1 tu vivienda antes de la reforma<\/strong><\/strong><\/h2>\n\n\n\n<div style=\"height:36px\" aria-hidden=\"true\" class=\"wp-block-spacer\"><\/div>\n\n\n\n<h3 class=\"wp-block-heading\">1<strong>. <strong>Piensa en las cosas que funcionan y las que no funcionan en tu vivienda actual<\/strong><\/strong><\/h3>\n\n\n\n<p>No te vas a olvidar de aquel <strong>rinc\u00f3n que te molesta<\/strong> o que te salva la vida diariamente. Piensa en tu vida cotidiana y haz un listado de las cosas que te van bien o mal para saber el resultado que quieres llegar.<\/p>\n\n\n\n<div style=\"height:8px\" aria-hidden=\"true\" class=\"wp-block-spacer\"><\/div>\n\n\n\n<h3 class=\"wp-block-heading\">2<strong>. <strong>Define los puntos fuertes de la vivienda<\/strong><\/strong><\/h3>\n\n\n\n<p>Por ejemplo si hay una zona donde entra el sol por la ma\u00f1ana, si tienes <strong>ventanas con vistas<\/strong> o donde entra buena luz natural. Donde hay alg\u00fan <strong>detalle chulo<\/strong> que quieras <strong>conservar <\/strong>para dar un toque \u00fanico a tu proyecto .&nbsp;<\/p>\n\n\n\n<h3 class=\"wp-block-heading\">3<strong>. <strong><strong>Piensa en la circulaci\u00f3n<\/strong><\/strong><\/strong><\/h3>\n\n\n\n<p>Un punto importante es la <strong>circulaci\u00f3n en la vivienda<\/strong>. Debes pensar en c\u00f3mo ir\u00e1n a circular las personas por el hogar. C\u00f3mo haces la <strong>vida diurna<\/strong> actualmente o c\u00f3mo es la <strong>vida nocturna<\/strong> en tu vivienda, si trabajan o estudian desde casa, etc. \u00bfC\u00f3mo se mover\u00e1n las personas por la casa? \u00bfEs posible tener zonas nocturna y diurna separadas una de la otra?&nbsp;<\/p>\n\n\n\n<div style=\"height:27px\" aria-hidden=\"true\" class=\"wp-block-spacer\"><\/div>\n\n\n<div class=\"wp-block-image\">\n<figure class=\"aligncenter size-large is-resized\"><img decoding=\"async\" width=\"684\" height=\"1024\" src=\"https:\/\/inandoutarchitects.com\/wp-content\/uploads\/2023\/12\/pexels-ksenia-chernaya-5768031-684x1024.jpg\" alt=\"Recomendaciones para la reforma de tu vivienda\" class=\"wp-image-1939\" style=\"width:371px;height:auto\" srcset=\"https:\/\/inandoutarchitects.com\/wp-content\/uploads\/2023\/12\/pexels-ksenia-chernaya-5768031-684x1024.jpg 684w, https:\/\/inandoutarchitects.com\/wp-content\/uploads\/2023\/12\/pexels-ksenia-chernaya-5768031-scaled-600x899.jpg 600w, https:\/\/inandoutarchitects.com\/wp-content\/uploads\/2023\/12\/pexels-ksenia-chernaya-5768031-200x300.jpg 200w, https:\/\/inandoutarchitects.com\/wp-content\/uploads\/2023\/12\/pexels-ksenia-chernaya-5768031-768x1150.jpg 768w, https:\/\/inandoutarchitects.com\/wp-content\/uploads\/2023\/12\/pexels-ksenia-chernaya-5768031-1025x1536.jpg 1025w, https:\/\/inandoutarchitects.com\/wp-content\/uploads\/2023\/12\/pexels-ksenia-chernaya-5768031-1367x2048.jpg 1367w, https:\/\/inandoutarchitects.com\/wp-content\/uploads\/2023\/12\/pexels-ksenia-chernaya-5768031-8x12.jpg 8w, https:\/\/inandoutarchitects.com\/wp-content\/uploads\/2023\/12\/pexels-ksenia-chernaya-5768031-scaled.jpg 1709w\" sizes=\"(max-width: 684px) 100vw, 684px\" \/><\/figure>\n<\/div>\n\n\n<div style=\"height:26px\" aria-hidden=\"true\" class=\"wp-block-spacer\"><\/div>\n\n\n\n<p>Pensar en tu hogar antes de una reforma es un paso muy importante. Identificar tus <strong>necesidades<\/strong>, <strong>preferencias <\/strong>y pensar en la <strong>distribuci\u00f3n adecuada<\/strong> te permitir\u00e1 visualizar tu hogar antes de empezar cualquier obra.<\/p>\n\n\n\n<p>No dudes en buscar asesor\u00eda de <strong>expertos <\/strong>en el tema para que tu reforma salga tal y como lo esperas.&nbsp;<\/p>\n\n\n\n<div style=\"height:31px\" aria-hidden=\"true\" class=\"wp-block-spacer\"><\/div>\n\n\n\n<h2 class=\"wp-block-heading alignwide has-text-align-center has-background\" style=\"background-color:#40c2ac7a\"><strong>Servicio de <\/strong>consultor\u00eda <strong>de In&amp;Out Architects<\/strong><\/h2>\n\n\n\n<div style=\"height:29px\" aria-hidden=\"true\" class=\"wp-block-spacer\"><\/div>\n\n\n\n<p>At <strong>In&amp;Out Architects<\/strong> hemos creado el <strong><a href=\"https:\/\/inandoutarchitects.com\/en\/consultorias\/\" target=\"_blank\" rel=\"noreferrer noopener\">Servicio de Consultor\u00eda<\/a><\/strong> para que a trav\u00e9s de una <strong>videollamada <\/strong>de 90 minutos de duraci\u00f3n podamos resolverte todas las <strong>dudas <\/strong>que te puedan surgir antes de iniciar el proceso de reforma de tu vivienda.<\/p>\n\n\n\n<p>Tal vez tengas preguntas tales como: \u00bfCu\u00e1nto me costar\u00e1 este tipo de reforma? <strong><a href=\"https:\/\/www.greincat.cat\/\" target=\"_blank\" rel=\"noreferrer noopener\">\u00bfC\u00f3mo empiezo a buscar empresa de reformas? <\/a><\/strong>\u00bfPuedo mover el wc de sitio?<strong><a href=\"https:\/\/inandoutarchitects.com\/en\/tirar-pared-o-tabique\/\" target=\"_blank\" rel=\"noreferrer noopener\"> \u00bfQu\u00e9 tipo de permiso de obras necesito? <\/a><\/strong>\u00bfCu\u00e1nto tiempo va a tardar la reforma que quiero hacer?\u00a0 <strong><a href=\"https:\/\/inandoutarchitects.com\/en\/cocina-salon-juntos\/\" target=\"_blank\" rel=\"noreferrer noopener\">\u00bfSe puede tirar el tabique para poder ampliar mi cocina?<\/a><\/strong> \u2026 Todas y m\u00e1s preguntas os resolveremos para ayudaros en este proceso y de esta manera sea <strong>m\u00e1s llevadera la reforma<\/strong>.<\/p>\n\n\n\n<div style=\"height:94px\" aria-hidden=\"true\" class=\"wp-block-spacer\"><\/div>\n\n\n<div class=\"wp-block-image\">\n<figure class=\"aligncenter size-large is-resized\"><a href=\"https:\/\/inandoutarchitects.com\/en\/nosotras\/\" target=\"_blank\" rel=\"noreferrer noopener\"><img loading=\"lazy\" decoding=\"async\" width=\"1024\" height=\"1024\" src=\"https:\/\/inandoutarchitects.com\/wp-content\/uploads\/2023\/09\/OFIJ3758-1024x1024.jpg\" alt=\"In&amp;Out Architects\" class=\"wp-image-981\" style=\"width:416px;height:auto\" srcset=\"https:\/\/inandoutarchitects.com\/wp-content\/uploads\/2023\/09\/OFIJ3758-1024x1024.jpg 1024w, https:\/\/inandoutarchitects.com\/wp-content\/uploads\/2023\/09\/OFIJ3758-300x300.jpg 300w, https:\/\/inandoutarchitects.com\/wp-content\/uploads\/2023\/09\/OFIJ3758-100x100.jpg 100w, https:\/\/inandoutarchitects.com\/wp-content\/uploads\/2023\/09\/OFIJ3758-600x600.jpg 600w, https:\/\/inandoutarchitects.com\/wp-content\/uploads\/2023\/09\/OFIJ3758-150x150.jpg 150w, https:\/\/inandoutarchitects.com\/wp-content\/uploads\/2023\/09\/OFIJ3758-768x768.jpg 768w, https:\/\/inandoutarchitects.com\/wp-content\/uploads\/2023\/09\/OFIJ3758-650x650.jpg 650w, https:\/\/inandoutarchitects.com\/wp-content\/uploads\/2023\/09\/OFIJ3758.jpg 1134w\" sizes=\"(max-width: 1024px) 100vw, 1024px\" \/><\/a><figcaption class=\"wp-element-caption\">In&amp;Out Architects<\/figcaption><\/figure>\n<\/div>\n\n\n<div style=\"height:78px\" aria-hidden=\"true\" class=\"wp-block-spacer\"><\/div>\n\n\n\n<p><\/p>","protected":false},"excerpt":{"rendered":"<p>Recomendaciones antes de empezar a reformar tu vivienda. Os damos unos consejos a considerar necesarios para pensar antes.<\/p>","protected":false},"author":3,"featured_media":1934,"comment_status":"closed","ping_status":"closed","sticky":false,"template":"","format":"standard","meta":{"inline_featured_image":false,"_monsterinsights_skip_tracking":false,"_monsterinsights_sitenote_active":false,"_monsterinsights_sitenote_note":"","_monsterinsights_sitenote_category":0,"_uf_show_specific_survey":0,"_uf_disable_surveys":false,"_jetpack_memberships_contains_paid_content":false,"footnotes":""},"categories":[19,9,10,12,13,14,15],"tags":[76,72,146,101,130,73,103,99,131,134,140,40,97,132,31,133,37,137,150,135,136,75,149,102,148,39,74,79,143,147,138,141,77,151,144,34,145,100,139,142,38,35],"class_list":["post-1929","post","type-post","status-publish","format-standard","has-post-thumbnail","hentry","category-arquitectura","category-bano","category-cocina","category-interiorismo","category-reforma-integral","category-rehabilitacion","category-vivienda","tag-ano-de-construccion-del-inmueble","tag-antiguedad-de-la-vivienda","tag-aprovechamiento-luz-natural","tag-arquitectas","tag-cambio-de-distribucion","tag-construcciones-mas-antiguas","tag-consultoria","tag-coste-de-la-reforma-de-la-vivienda","tag-decisiones","tag-distribucion-adecuada","tag-dudas","tag-el-hogar-perfecto","tag-estado-real-de-la-vivienda","tag-expertos","tag-garantizar-el-bienestar-la-vida-cotidiana","tag-grandes-ventanales","tag-la-vivienda-idonea","tag-maximizar-la-luz-natural","tag-necesidades","tag-opciones-de-reforma","tag-organizacion-de-tu-casa","tag-pequenas-reformas","tag-preferencias","tag-profesionales-expertas","tag-recomendaciones","tag-reforma","tag-reforma-completa","tag-reforma-mas-costosa-de-lo-previsto","tag-reforma-mas-llevadera","tag-reforma-tranquila","tag-reformar-un-inmueble","tag-reformar-una-vivienda","tag-reparaciones","tag-resolver-dudas","tag-rutinas-diarias","tag-un-hogar","tag-ventanas-con-vistas","tag-viabilidad-de-la-reforma","tag-vida-diurna","tag-vida-nocturna","tag-vivienda","tag-vivienda-de-segunda-mano"],"yoast_head":"<!-- This site is optimized with the Yoast SEO plugin v27.5 - https:\/\/yoast.com\/product\/yoast-seo-wordpress\/ -->\n<title>Recomendaciones para la reforma de tu vivienda<\/title>\n<meta name=\"description\" content=\"Recomendaciones antes de empezar a reformar tu vivienda. Os damos unos consejos a considerar necesarios para pensar antes.\" \/>\n<meta name=\"robots\" content=\"index, follow, max-snippet:-1, max-image-preview:large, max-video-preview:-1\" \/>\n<link rel=\"canonical\" href=\"https:\/\/inandoutarchitects.com\/en\/recomendaciones-para-la-reforma-de-tu-vivienda\/\" \/>\n<meta property=\"og:locale\" content=\"en_US\" \/>\n<meta property=\"og:type\" content=\"article\" \/>\n<meta property=\"og:title\" content=\"Recomendaciones para la reforma de tu vivienda\" \/>\n<meta property=\"og:description\" content=\"Recomendaciones antes de empezar a reformar tu vivienda. Os damos unos consejos a considerar necesarios para pensar antes.\" \/>\n<meta property=\"og:url\" content=\"https:\/\/inandoutarchitects.com\/en\/recomendaciones-para-la-reforma-de-tu-vivienda\/\" \/>\n<meta property=\"og:site_name\" content=\"In&amp;Out Architects\" \/>\n<meta property=\"article:published_time\" content=\"2023-12-06T08:30:00+00:00\" \/>\n<meta property=\"article:modified_time\" content=\"2025-05-02T07:45:42+00:00\" \/>\n<meta property=\"og:image\" content=\"https:\/\/inandoutarchitects.com\/wp-content\/uploads\/2023\/12\/pexels-skylar-kang-6044805-scaled.jpg\" \/>\n\t<meta property=\"og:image:width\" content=\"2560\" \/>\n\t<meta property=\"og:image:height\" content=\"1696\" \/>\n\t<meta property=\"og:image:type\" content=\"image\/jpeg\" \/>\n<meta name=\"author\" content=\"IRENE ALMENDROS DIAZ\" \/>\n<meta name=\"twitter:card\" content=\"summary_large_image\" \/>\n<meta name=\"twitter:label1\" content=\"Written by\" \/>\n\t<meta name=\"twitter:data1\" content=\"IRENE ALMENDROS DIAZ\" \/>\n\t<meta name=\"twitter:label2\" content=\"Est. reading time\" \/>\n\t<meta name=\"twitter:data2\" content=\"5 minutes\" \/>\n<script type=\"application\/ld+json\" class=\"yoast-schema-graph\">{\"@context\":\"https:\\\/\\\/schema.org\",\"@graph\":[{\"@type\":\"Article\",\"@id\":\"https:\\\/\\\/inandoutarchitects.com\\\/recomendaciones-para-la-reforma-de-tu-vivienda\\\/#article\",\"isPartOf\":{\"@id\":\"https:\\\/\\\/inandoutarchitects.com\\\/recomendaciones-para-la-reforma-de-tu-vivienda\\\/\"},\"author\":{\"name\":\"IRENE ALMENDROS DIAZ\",\"@id\":\"https:\\\/\\\/inandoutarchitects.com\\\/#\\\/schema\\\/person\\\/5a74e725599dd3012d72ab27f8d924f1\"},\"headline\":\"RECOMENDACIONES PARA LA REFORMA DE TU VIVIENDA\",\"datePublished\":\"2023-12-06T08:30:00+00:00\",\"dateModified\":\"2025-05-02T07:45:42+00:00\",\"mainEntityOfPage\":{\"@id\":\"https:\\\/\\\/inandoutarchitects.com\\\/recomendaciones-para-la-reforma-de-tu-vivienda\\\/\"},\"wordCount\":923,\"publisher\":{\"@id\":\"https:\\\/\\\/inandoutarchitects.com\\\/#organization\"},\"image\":{\"@id\":\"https:\\\/\\\/inandoutarchitects.com\\\/recomendaciones-para-la-reforma-de-tu-vivienda\\\/#primaryimage\"},\"thumbnailUrl\":\"https:\\\/\\\/inandoutarchitects.com\\\/wp-content\\\/uploads\\\/2023\\\/12\\\/pexels-skylar-kang-6044805-scaled.jpg\",\"keywords\":[\"a\u00f1o de construcci\u00f3n del inmueble\",\"antig\u00fcedad de la vivienda\",\"aprovechamiento luz natural\",\"arquitectas\",\"cambio de distribuci\u00f3n\",\"construcciones m\u00e1s antiguas\",\"consultor\u00eda\",\"coste de la reforma de la vivienda\",\"decisiones\",\"distribuci\u00f3n adecuada\",\"dudas\",\"el hogar perfecto\",\"estado real de la vivienda\",\"expertos\",\"garantizar el bienestar la vida cotidiana\",\"grandes ventanales\",\"la vivienda id\u00f3nea\",\"maximizar la luz natural\",\"necesidades\",\"opciones de reforma\",\"organizaci\u00f3n de tu casa\",\"peque\u00f1as reformas\",\"preferencias\",\"profesionales expertas\",\"recomendaciones\",\"reforma\",\"reforma completa\",\"reforma m\u00e1s costosa de lo previsto\",\"reforma m\u00e1s llevadera\",\"reforma tranquila\",\"reformar un inmueble\",\"reformar una vivienda\",\"reparaciones\",\"resolver dudas\",\"rutinas diarias\",\"un hogar\",\"ventanas con vistas\",\"viabilidad de la reforma\",\"vida diurna\",\"vida nocturna\",\"vivienda\",\"vivienda de segunda mano\"],\"articleSection\":[\"Arquitectura\",\"Ba\u00f1o\",\"Cocina\",\"Interiorismo\",\"Reforma Integral\",\"Rehabilitaci\u00f3n\",\"Vivienda\"],\"inLanguage\":\"en-US\"},{\"@type\":\"WebPage\",\"@id\":\"https:\\\/\\\/inandoutarchitects.com\\\/recomendaciones-para-la-reforma-de-tu-vivienda\\\/\",\"url\":\"https:\\\/\\\/inandoutarchitects.com\\\/recomendaciones-para-la-reforma-de-tu-vivienda\\\/\",\"name\":\"Recomendaciones para la reforma de tu vivienda\",\"isPartOf\":{\"@id\":\"https:\\\/\\\/inandoutarchitects.com\\\/#website\"},\"primaryImageOfPage\":{\"@id\":\"https:\\\/\\\/inandoutarchitects.com\\\/recomendaciones-para-la-reforma-de-tu-vivienda\\\/#primaryimage\"},\"image\":{\"@id\":\"https:\\\/\\\/inandoutarchitects.com\\\/recomendaciones-para-la-reforma-de-tu-vivienda\\\/#primaryimage\"},\"thumbnailUrl\":\"https:\\\/\\\/inandoutarchitects.com\\\/wp-content\\\/uploads\\\/2023\\\/12\\\/pexels-skylar-kang-6044805-scaled.jpg\",\"datePublished\":\"2023-12-06T08:30:00+00:00\",\"dateModified\":\"2025-05-02T07:45:42+00:00\",\"description\":\"Recomendaciones antes de empezar a reformar tu vivienda. Os damos unos consejos a considerar necesarios para pensar antes.\",\"breadcrumb\":{\"@id\":\"https:\\\/\\\/inandoutarchitects.com\\\/recomendaciones-para-la-reforma-de-tu-vivienda\\\/#breadcrumb\"},\"inLanguage\":\"en-US\",\"potentialAction\":[{\"@type\":\"ReadAction\",\"target\":[\"https:\\\/\\\/inandoutarchitects.com\\\/recomendaciones-para-la-reforma-de-tu-vivienda\\\/\"]}]},{\"@type\":\"ImageObject\",\"inLanguage\":\"en-US\",\"@id\":\"https:\\\/\\\/inandoutarchitects.com\\\/recomendaciones-para-la-reforma-de-tu-vivienda\\\/#primaryimage\",\"url\":\"https:\\\/\\\/inandoutarchitects.com\\\/wp-content\\\/uploads\\\/2023\\\/12\\\/pexels-skylar-kang-6044805-scaled.jpg\",\"contentUrl\":\"https:\\\/\\\/inandoutarchitects.com\\\/wp-content\\\/uploads\\\/2023\\\/12\\\/pexels-skylar-kang-6044805-scaled.jpg\",\"width\":2560,\"height\":1696,\"caption\":\"Recomendaciones para la reforma de tu vivienda\"},{\"@type\":\"BreadcrumbList\",\"@id\":\"https:\\\/\\\/inandoutarchitects.com\\\/recomendaciones-para-la-reforma-de-tu-vivienda\\\/#breadcrumb\",\"itemListElement\":[{\"@type\":\"ListItem\",\"position\":1,\"name\":\"Portada\",\"item\":\"https:\\\/\\\/inandoutarchitects.com\\\/\"},{\"@type\":\"ListItem\",\"position\":2,\"name\":\"RECOMENDACIONES PARA LA REFORMA DE TU VIVIENDA\"}]},{\"@type\":\"WebSite\",\"@id\":\"https:\\\/\\\/inandoutarchitects.com\\\/#website\",\"url\":\"https:\\\/\\\/inandoutarchitects.com\\\/\",\"name\":\"In&amp;Out Architects\",\"description\":\"\",\"publisher\":{\"@id\":\"https:\\\/\\\/inandoutarchitects.com\\\/#organization\"},\"potentialAction\":[{\"@type\":\"SearchAction\",\"target\":{\"@type\":\"EntryPoint\",\"urlTemplate\":\"https:\\\/\\\/inandoutarchitects.com\\\/?s={search_term_string}\"},\"query-input\":{\"@type\":\"PropertyValueSpecification\",\"valueRequired\":true,\"valueName\":\"search_term_string\"}}],\"inLanguage\":\"en-US\"},{\"@type\":\"Organization\",\"@id\":\"https:\\\/\\\/inandoutarchitects.com\\\/#organization\",\"name\":\"In&amp;Out Architects\",\"url\":\"https:\\\/\\\/inandoutarchitects.com\\\/\",\"logo\":{\"@type\":\"ImageObject\",\"inLanguage\":\"en-US\",\"@id\":\"https:\\\/\\\/inandoutarchitects.com\\\/#\\\/schema\\\/logo\\\/image\\\/\",\"url\":\"https:\\\/\\\/inandoutarchitects.com\\\/wp-content\\\/uploads\\\/2023\\\/08\\\/cropped-Enmascarar-grupo-8.png\",\"contentUrl\":\"https:\\\/\\\/inandoutarchitects.com\\\/wp-content\\\/uploads\\\/2023\\\/08\\\/cropped-Enmascarar-grupo-8.png\",\"width\":83,\"height\":83,\"caption\":\"In&amp;Out Architects\"},\"image\":{\"@id\":\"https:\\\/\\\/inandoutarchitects.com\\\/#\\\/schema\\\/logo\\\/image\\\/\"}},{\"@type\":\"Person\",\"@id\":\"https:\\\/\\\/inandoutarchitects.com\\\/#\\\/schema\\\/person\\\/5a74e725599dd3012d72ab27f8d924f1\",\"name\":\"IRENE ALMENDROS DIAZ\",\"image\":{\"@type\":\"ImageObject\",\"inLanguage\":\"en-US\",\"@id\":\"https:\\\/\\\/secure.gravatar.com\\\/avatar\\\/b5fb5b72d1fd3caa0e5c64aef8e74353cefa79b3c70e06facee1c14b59a91d57?s=96&d=mm&r=g\",\"url\":\"https:\\\/\\\/secure.gravatar.com\\\/avatar\\\/b5fb5b72d1fd3caa0e5c64aef8e74353cefa79b3c70e06facee1c14b59a91d57?s=96&d=mm&r=g\",\"contentUrl\":\"https:\\\/\\\/secure.gravatar.com\\\/avatar\\\/b5fb5b72d1fd3caa0e5c64aef8e74353cefa79b3c70e06facee1c14b59a91d57?s=96&d=mm&r=g\",\"caption\":\"IRENE ALMENDROS DIAZ\"},\"url\":\"https:\\\/\\\/inandoutarchitects.com\\\/en\\\/author\\\/irene\\\/\"}]}<\/script>\n<!-- \/ Yoast SEO plugin. -->","yoast_head_json":{"title":"Recomendaciones para la reforma de tu vivienda","description":"Recomendaciones antes de empezar a reformar tu vivienda. Os damos unos consejos a considerar necesarios para pensar antes.","robots":{"index":"index","follow":"follow","max-snippet":"max-snippet:-1","max-image-preview":"max-image-preview:large","max-video-preview":"max-video-preview:-1"},"canonical":"https:\/\/inandoutarchitects.com\/en\/recomendaciones-para-la-reforma-de-tu-vivienda\/","og_locale":"en_US","og_type":"article","og_title":"Recomendaciones para la reforma de tu vivienda","og_description":"Recomendaciones antes de empezar a reformar tu vivienda. Os damos unos consejos a considerar necesarios para pensar antes.","og_url":"https:\/\/inandoutarchitects.com\/en\/recomendaciones-para-la-reforma-de-tu-vivienda\/","og_site_name":"In&amp;Out Architects","article_published_time":"2023-12-06T08:30:00+00:00","article_modified_time":"2025-05-02T07:45:42+00:00","og_image":[{"width":2560,"height":1696,"url":"https:\/\/inandoutarchitects.com\/wp-content\/uploads\/2023\/12\/pexels-skylar-kang-6044805-scaled.jpg","type":"image\/jpeg"}],"author":"IRENE ALMENDROS DIAZ","twitter_card":"summary_large_image","twitter_misc":{"Written by":"IRENE ALMENDROS DIAZ","Est. reading time":"5 minutes"},"schema":{"@context":"https:\/\/schema.org","@graph":[{"@type":"Article","@id":"https:\/\/inandoutarchitects.com\/recomendaciones-para-la-reforma-de-tu-vivienda\/#article","isPartOf":{"@id":"https:\/\/inandoutarchitects.com\/recomendaciones-para-la-reforma-de-tu-vivienda\/"},"author":{"name":"IRENE ALMENDROS DIAZ","@id":"https:\/\/inandoutarchitects.com\/#\/schema\/person\/5a74e725599dd3012d72ab27f8d924f1"},"headline":"RECOMENDACIONES PARA LA REFORMA DE TU VIVIENDA","datePublished":"2023-12-06T08:30:00+00:00","dateModified":"2025-05-02T07:45:42+00:00","mainEntityOfPage":{"@id":"https:\/\/inandoutarchitects.com\/recomendaciones-para-la-reforma-de-tu-vivienda\/"},"wordCount":923,"publisher":{"@id":"https:\/\/inandoutarchitects.com\/#organization"},"image":{"@id":"https:\/\/inandoutarchitects.com\/recomendaciones-para-la-reforma-de-tu-vivienda\/#primaryimage"},"thumbnailUrl":"https:\/\/inandoutarchitects.com\/wp-content\/uploads\/2023\/12\/pexels-skylar-kang-6044805-scaled.jpg","keywords":["a\u00f1o de construcci\u00f3n del inmueble","antig\u00fcedad de la vivienda","aprovechamiento luz natural","arquitectas","cambio de distribuci\u00f3n","construcciones m\u00e1s antiguas","consultor\u00eda","coste de la reforma de la vivienda","decisiones","distribuci\u00f3n adecuada","dudas","el hogar perfecto","estado real de la vivienda","expertos","garantizar el bienestar la vida cotidiana","grandes ventanales","la vivienda id\u00f3nea","maximizar la luz natural","necesidades","opciones de reforma","organizaci\u00f3n de tu casa","peque\u00f1as reformas","preferencias","profesionales expertas","recomendaciones","reforma","reforma completa","reforma m\u00e1s costosa de lo previsto","reforma m\u00e1s llevadera","reforma tranquila","reformar un inmueble","reformar una vivienda","reparaciones","resolver dudas","rutinas diarias","un hogar","ventanas con vistas","viabilidad de la reforma","vida diurna","vida nocturna","vivienda","vivienda de segunda mano"],"articleSection":["Arquitectura","Ba\u00f1o","Cocina","Interiorismo","Reforma Integral","Rehabilitaci\u00f3n","Vivienda"],"inLanguage":"en-US"},{"@type":"WebPage","@id":"https:\/\/inandoutarchitects.com\/recomendaciones-para-la-reforma-de-tu-vivienda\/","url":"https:\/\/inandoutarchitects.com\/recomendaciones-para-la-reforma-de-tu-vivienda\/","name":"Recomendaciones para la reforma de tu vivienda","isPartOf":{"@id":"https:\/\/inandoutarchitects.com\/#website"},"primaryImageOfPage":{"@id":"https:\/\/inandoutarchitects.com\/recomendaciones-para-la-reforma-de-tu-vivienda\/#primaryimage"},"image":{"@id":"https:\/\/inandoutarchitects.com\/recomendaciones-para-la-reforma-de-tu-vivienda\/#primaryimage"},"thumbnailUrl":"https:\/\/inandoutarchitects.com\/wp-content\/uploads\/2023\/12\/pexels-skylar-kang-6044805-scaled.jpg","datePublished":"2023-12-06T08:30:00+00:00","dateModified":"2025-05-02T07:45:42+00:00","description":"Recomendaciones antes de empezar a reformar tu vivienda. Os damos unos consejos a considerar necesarios para pensar antes.","breadcrumb":{"@id":"https:\/\/inandoutarchitects.com\/recomendaciones-para-la-reforma-de-tu-vivienda\/#breadcrumb"},"inLanguage":"en-US","potentialAction":[{"@type":"ReadAction","target":["https:\/\/inandoutarchitects.com\/recomendaciones-para-la-reforma-de-tu-vivienda\/"]}]},{"@type":"ImageObject","inLanguage":"en-US","@id":"https:\/\/inandoutarchitects.com\/recomendaciones-para-la-reforma-de-tu-vivienda\/#primaryimage","url":"https:\/\/inandoutarchitects.com\/wp-content\/uploads\/2023\/12\/pexels-skylar-kang-6044805-scaled.jpg","contentUrl":"https:\/\/inandoutarchitects.com\/wp-content\/uploads\/2023\/12\/pexels-skylar-kang-6044805-scaled.jpg","width":2560,"height":1696,"caption":"Recomendaciones para la reforma de tu vivienda"},{"@type":"BreadcrumbList","@id":"https:\/\/inandoutarchitects.com\/recomendaciones-para-la-reforma-de-tu-vivienda\/#breadcrumb","itemListElement":[{"@type":"ListItem","position":1,"name":"Portada","item":"https:\/\/inandoutarchitects.com\/"},{"@type":"ListItem","position":2,"name":"RECOMENDACIONES PARA LA REFORMA DE TU VIVIENDA"}]},{"@type":"WebSite","@id":"https:\/\/inandoutarchitects.com\/#website","url":"https:\/\/inandoutarchitects.com\/","name":"In&amp;Out Architects","description":"","publisher":{"@id":"https:\/\/inandoutarchitects.com\/#organization"},"potentialAction":[{"@type":"SearchAction","target":{"@type":"EntryPoint","urlTemplate":"https:\/\/inandoutarchitects.com\/?s={search_term_string}"},"query-input":{"@type":"PropertyValueSpecification","valueRequired":true,"valueName":"search_term_string"}}],"inLanguage":"en-US"},{"@type":"Organization","@id":"https:\/\/inandoutarchitects.com\/#organization","name":"In&amp;Out Architects","url":"https:\/\/inandoutarchitects.com\/","logo":{"@type":"ImageObject","inLanguage":"en-US","@id":"https:\/\/inandoutarchitects.com\/#\/schema\/logo\/image\/","url":"https:\/\/inandoutarchitects.com\/wp-content\/uploads\/2023\/08\/cropped-Enmascarar-grupo-8.png","contentUrl":"https:\/\/inandoutarchitects.com\/wp-content\/uploads\/2023\/08\/cropped-Enmascarar-grupo-8.png","width":83,"height":83,"caption":"In&amp;Out Architects"},"image":{"@id":"https:\/\/inandoutarchitects.com\/#\/schema\/logo\/image\/"}},{"@type":"Person","@id":"https:\/\/inandoutarchitects.com\/#\/schema\/person\/5a74e725599dd3012d72ab27f8d924f1","name":"IRENE ALMENDROS DIAZ","image":{"@type":"ImageObject","inLanguage":"en-US","@id":"https:\/\/secure.gravatar.com\/avatar\/b5fb5b72d1fd3caa0e5c64aef8e74353cefa79b3c70e06facee1c14b59a91d57?s=96&d=mm&r=g","url":"https:\/\/secure.gravatar.com\/avatar\/b5fb5b72d1fd3caa0e5c64aef8e74353cefa79b3c70e06facee1c14b59a91d57?s=96&d=mm&r=g","contentUrl":"https:\/\/secure.gravatar.com\/avatar\/b5fb5b72d1fd3caa0e5c64aef8e74353cefa79b3c70e06facee1c14b59a91d57?s=96&d=mm&r=g","caption":"IRENE ALMENDROS DIAZ"},"url":"https:\/\/inandoutarchitects.com\/en\/author\/irene\/"}]}},"jetpack_featured_media_url":"https:\/\/inandoutarchitects.com\/wp-content\/uploads\/2023\/12\/pexels-skylar-kang-6044805-scaled.jpg","jetpack_sharing_enabled":true,"_links":{"self":[{"href":"https:\/\/inandoutarchitects.com\/en\/wp-json\/wp\/v2\/posts\/1929","targetHints":{"allow":["GET"]}}],"collection":[{"href":"https:\/\/inandoutarchitects.com\/en\/wp-json\/wp\/v2\/posts"}],"about":[{"href":"https:\/\/inandoutarchitects.com\/en\/wp-json\/wp\/v2\/types\/post"}],"author":[{"embeddable":true,"href":"https:\/\/inandoutarchitects.com\/en\/wp-json\/wp\/v2\/users\/3"}],"replies":[{"embeddable":true,"href":"https:\/\/inandoutarchitects.com\/en\/wp-json\/wp\/v2\/comments?post=1929"}],"version-history":[{"count":16,"href":"https:\/\/inandoutarchitects.com\/en\/wp-json\/wp\/v2\/posts\/1929\/revisions"}],"predecessor-version":[{"id":2677,"href":"https:\/\/inandoutarchitects.com\/en\/wp-json\/wp\/v2\/posts\/1929\/revisions\/2677"}],"wp:featuredmedia":[{"embeddable":true,"href":"https:\/\/inandoutarchitects.com\/en\/wp-json\/wp\/v2\/media\/1934"}],"wp:attachment":[{"href":"https:\/\/inandoutarchitects.com\/en\/wp-json\/wp\/v2\/media?parent=1929"}],"wp:term":[{"taxonomy":"category","embeddable":true,"href":"https:\/\/inandoutarchitects.com\/en\/wp-json\/wp\/v2\/categories?post=1929"},{"taxonomy":"post_tag","embeddable":true,"href":"https:\/\/inandoutarchitects.com\/en\/wp-json\/wp\/v2\/tags?post=1929"}],"curies":[{"name":"wp","href":"https:\/\/api.w.org\/{rel}","templated":true}]}}