{"id":917,"date":"2022-06-01T21:25:00","date_gmt":"2022-06-01T21:25:00","guid":{"rendered":"https:\/\/inandoutarchitects.com\/?p=917"},"modified":"2025-05-02T07:57:16","modified_gmt":"2025-05-02T07:57:16","slug":"arquitectura-minimalista","status":"publish","type":"post","link":"https:\/\/inandoutarchitects.com\/ca\/arquitectura-minimalista\/","title":{"rendered":"ARQUITECTURA MINIMALISTA"},"content":{"rendered":"<div style=\"height:47px\" aria-hidden=\"true\" class=\"wp-block-spacer\"><\/div>\n\n\n\n<h2 class=\"wp-block-heading has-text-align-center has-background\" style=\"background-color:#f1c400\"><strong>\u00bfQu\u00e9 significa el concepto de minimalismo?<\/strong><\/h2>\n\n\n\n<div style=\"height:33px\" aria-hidden=\"true\" class=\"wp-block-spacer\"><\/div>\n\n\n\n<p>La tendencia est\u00e9tica e intelectual que busca la expresi\u00f3n de lo esencial eliminando lo superfluo. As\u00ed define la RAE el&nbsp; <strong>concepto de Minimalismo<\/strong>.<\/p>\n\n\n\n<p>Uno de los propulsores de la <strong>arquitectura minimalista<\/strong> aplicada, desde el fundamento del \u201c<strong>menos es m\u00e1s<\/strong>\u201d, fue el prestigioso <a href=\"https:\/\/www.revistaad.es\/diseno\/iconos\/articulos\/bio-mies-van-der-rohe-minimalismo-bauhaus\/20466\" target=\"_blank\" rel=\"noreferrer noopener\">Ludwig Mies van der Rohe<\/a>. Su enfoque se centra en la reducci\u00f3n de elementos hasta llegar a su esencia y la enfatizaci\u00f3n de la pureza de las formas y materiales.<\/p>\n\n\n\n<p>Hablaremos en este art\u00edculo de la inherencia de este concepto en la vida de muchas personas. Descubriremos c\u00f3mo afecta a su forma de vida y c\u00f3mo se aplica en la arquitectura de sus viviendas, independientemente de su tama\u00f1o.<\/p>\n\n\n\n<p>Ser minimalista, desde el punto de vista de la materialidad, se puede entender como ser capaz de vivir con menor consumo, tambi\u00e9n llamado <strong>consumo consciente<\/strong>. Es una idea unida a la <strong>sostenibilitat<\/strong>, a establecer prioridades para usar menos <strong>recursos naturales<\/strong>, <strong>ahorrar energ\u00eda<\/strong> i <strong>generar menos residuos<\/strong>.<\/p>\n\n\n\n<div style=\"height:50px\" aria-hidden=\"true\" class=\"wp-block-spacer\"><\/div>\n\n\n\n<h2 class=\"wp-block-heading has-text-align-center has-background\" style=\"background-color:#f1c400\"><strong>Arquitectura minimalista \u00bfC\u00f3mo son las viviendas de personas minimalistas?<\/strong><\/h2>\n\n\n\n<div style=\"height:32px\" aria-hidden=\"true\" class=\"wp-block-spacer\"><\/div>\n\n\n\n<p>M\u00e1s all\u00e1 de la tendencia est\u00e9tica, el minimalismo representa una <a href=\"https:\/\/www.hola.com\/estar-bien\/20200420166043\/habitos-minimalistas-cambiar-vida-lb\/\" target=\"_blank\" rel=\"noreferrer noopener\">filosof\u00eda de vida<\/a> que busca la simplicidad y la funcionalidad. Enfocar la energ\u00eda personal y el tiempo en lo que realmente importa, eliminando lo superfluo y las decisiones equivocadas.<\/p>\n\n\n\n<p>La <strong>arquitectura minimalista<\/strong> es tener un espacio personal, un hogar, m\u00e1s ordenado, con poco ruido e informaci\u00f3n visual en un ambiente de ligereza y tranquilidad.<\/p>\n\n\n\n<div style=\"height:46px\" aria-hidden=\"true\" class=\"wp-block-spacer\"><\/div>\n\n\n\n<h3 class=\"wp-block-heading\"><strong>5 Principios de la arquitectura minimalista<\/strong><\/h3>\n\n\n\n<div style=\"height:29px\" aria-hidden=\"true\" class=\"wp-block-spacer\"><\/div>\n\n\n\n<ol class=\"wp-block-list\">\n<li><strong>Simplicidad:<\/strong> L\u00edneas limpias y formas geom\u00e9tricas b\u00e1sicas.<\/li>\n\n\n\n<li><strong>Espacio abierto:<\/strong> Dise\u00f1os que promueven la amplitud y la claridad visual.<\/li>\n\n\n\n<li><strong>Funcionalidad:<\/strong> Cada elemento tiene una raz\u00f3n de ser y un prop\u00f3sito espec\u00edfico.<\/li>\n\n\n\n<li><strong>Materiales naturales:<\/strong> Uso de madera, piedra, vidrio y metal en su estado m\u00e1s puro.<\/li>\n\n\n\n<li><strong>Paleta de colores neutra:<\/strong> Dominan los tonos blancos, negros y grises con ocasionales toques de color para acentuar.<\/li>\n<\/ol>\n\n\n\n<div style=\"height:34px\" aria-hidden=\"true\" class=\"wp-block-spacer\"><\/div>\n\n\n<div class=\"wp-block-image\">\n<figure class=\"aligncenter size-large\"><img fetchpriority=\"high\" decoding=\"async\" width=\"1024\" height=\"768\" src=\"https:\/\/inandoutarchitects.com\/wp-content\/uploads\/2023\/12\/COCINA-OLG-Barcelona-2021-1-1024x768.jpg\" alt=\"reforma cocina barcelona\" class=\"wp-image-2056\" srcset=\"https:\/\/inandoutarchitects.com\/wp-content\/uploads\/2023\/12\/COCINA-OLG-Barcelona-2021-1-1024x768.jpg 1024w, https:\/\/inandoutarchitects.com\/wp-content\/uploads\/2023\/12\/COCINA-OLG-Barcelona-2021-1-600x450.jpg 600w, https:\/\/inandoutarchitects.com\/wp-content\/uploads\/2023\/12\/COCINA-OLG-Barcelona-2021-1-300x225.jpg 300w, https:\/\/inandoutarchitects.com\/wp-content\/uploads\/2023\/12\/COCINA-OLG-Barcelona-2021-1-768x576.jpg 768w, https:\/\/inandoutarchitects.com\/wp-content\/uploads\/2023\/12\/COCINA-OLG-Barcelona-2021-1-1536x1152.jpg 1536w, https:\/\/inandoutarchitects.com\/wp-content\/uploads\/2023\/12\/COCINA-OLG-Barcelona-2021-1-16x12.jpg 16w, https:\/\/inandoutarchitects.com\/wp-content\/uploads\/2023\/12\/COCINA-OLG-Barcelona-2021-1.jpg 2048w\" sizes=\"(max-width: 1024px) 100vw, 1024px\" \/><figcaption class=\"wp-element-caption\">Reforma cocina en Barcelona<\/figcaption><\/figure>\n<\/div>\n\n\n<div style=\"height:53px\" aria-hidden=\"true\" class=\"wp-block-spacer\"><\/div>\n\n\n\n<h2 class=\"wp-block-heading has-text-align-center has-background\" style=\"background-color:#f1c400\"><strong>Caracter\u00edsticas de las viviendas minimalistas<\/strong><\/h2>\n\n\n\n<div style=\"height:29px\" aria-hidden=\"true\" class=\"wp-block-spacer\"><\/div>\n\n\n\n<p>El <strong>minimalismo <\/strong>dista de referirse a tener grandes espacios vac\u00edos o que todo sea de color blanco. Esta es una idea err\u00f3nea del verdadero concepto.<\/p>\n\n\n\n<p>Las <a href=\"https:\/\/www.elledecor.com\/es\/arquitectura\/g40717150\/edificios-minimalistas-iconos-arquitectura\/\" target=\"_blank\" rel=\"noreferrer noopener\"><strong>viviendas minimalistas<\/strong><\/a> han sido dise\u00f1adas para promover una vida sencilla y sin distracciones.<\/p>\n\n\n\n<p>Todo y con esto, aplicar los principios de una <strong>arquitectura minimalista<\/strong> implica seguir un criterio personal de los siguientes par\u00e1metros:<\/p>\n\n\n\n<ul class=\"wp-block-list\">\n<li><strong>Dise\u00f1o de espacios abiertos: <\/strong>Las viviendas minimalistas suelen tener un <a href=\"https:\/\/inandoutarchitects.com\/ca\/cocina-salon-juntos\/\" target=\"_blank\" rel=\"noreferrer noopener\">dise\u00f1o de planta abierta<\/a>. Se eliminan paredes innecesarias para crear una sensaci\u00f3n de amplitud y flujo continuo entre las diferentes \u00e1reas de la casa. Esta disposici\u00f3n mejora la luminosidad y fomenta un ambiente m\u00e1s social y conectado.<\/li>\n\n\n\n<li><strong>Mobiliario funcional y est\u00e9tico:<\/strong> El mobiliario es seleccionado por su funcionalidad y dise\u00f1o. Cada pieza tiene un prop\u00f3sito claro y se elige por su capacidad para complementar el espacio, sin sobrecargarlo. Se prefieren los muebles con l\u00edneas simples y acabados lisos.<\/li>\n\n\n\n<li><strong>Ambiente despejado y orden:<\/strong> El desorden no tiene cabida en una vivienda minimalista. Las superficies est\u00e1n libres de objetos innecesarios y se utilizan soluciones de almacenamiento inteligente para mantener la organizaci\u00f3n. Esto, adem\u00e1s de mejorar la est\u00e9tica, fomenta una mente m\u00e1s tranquila y enfocada.<\/li>\n\n\n\n<li><strong>Conexi\u00f3n con la naturaleza:<\/strong> Se suelen incorporar grandes ventanales y puertas de vidrio que permitan una abundante entrada de luz natural y vistas despejadas al exterior. Esta conexi\u00f3n con la naturaleza mejora el bienestar de los habitantes y refuerza la armon\u00eda entre el interior y el entorno natural.<\/li>\n\n\n\n<li><strong>Uso de <\/strong><a href=\"https:\/\/www.instagram.com\/nil_florez\/\" target=\"_blank\" rel=\"noreferrer noopener\"><strong>materiales naturales<\/strong><\/a><strong>: <\/strong>El enfoque de simplicidad y autenticidad implica que las viviendas minimalistas utilicen materiales naturales en su construcci\u00f3n y decoraci\u00f3n. La madera, la piedra y el vidrio son comunes, y se prefieren los acabados naturales que resaltan la belleza inherente de los materiales.<\/li>\n<\/ul>\n\n\n\n<div style=\"height:27px\" aria-hidden=\"true\" class=\"wp-block-spacer\"><\/div>\n\n\n<div class=\"wp-block-image\">\n<figure class=\"aligncenter size-large is-resized\"><img decoding=\"async\" width=\"578\" height=\"1024\" src=\"https:\/\/inandoutarchitects.com\/wp-content\/uploads\/2023\/12\/BANO-ALI-Barcelona-2023-3-578x1024.jpg\" alt=\"reforma ba\u00f1o barcelona\" class=\"wp-image-2071\" style=\"width:554px;height:auto\" srcset=\"https:\/\/inandoutarchitects.com\/wp-content\/uploads\/2023\/12\/BANO-ALI-Barcelona-2023-3-578x1024.jpg 578w, https:\/\/inandoutarchitects.com\/wp-content\/uploads\/2023\/12\/BANO-ALI-Barcelona-2023-3-scaled-600x1064.jpg 600w, https:\/\/inandoutarchitects.com\/wp-content\/uploads\/2023\/12\/BANO-ALI-Barcelona-2023-3-169x300.jpg 169w, https:\/\/inandoutarchitects.com\/wp-content\/uploads\/2023\/12\/BANO-ALI-Barcelona-2023-3-768x1362.jpg 768w, https:\/\/inandoutarchitects.com\/wp-content\/uploads\/2023\/12\/BANO-ALI-Barcelona-2023-3-866x1536.jpg 866w, https:\/\/inandoutarchitects.com\/wp-content\/uploads\/2023\/12\/BANO-ALI-Barcelona-2023-3-1155x2048.jpg 1155w, https:\/\/inandoutarchitects.com\/wp-content\/uploads\/2023\/12\/BANO-ALI-Barcelona-2023-3-7x12.jpg 7w, https:\/\/inandoutarchitects.com\/wp-content\/uploads\/2023\/12\/BANO-ALI-Barcelona-2023-3-scaled.jpg 1444w\" sizes=\"(max-width: 578px) 100vw, 578px\" \/><figcaption class=\"wp-element-caption\">Reforma ba\u00f1o en Barcelona<\/figcaption><\/figure>\n<\/div>\n\n\n<div style=\"height:51px\" aria-hidden=\"true\" class=\"wp-block-spacer\"><\/div>\n\n\n\n<h2 class=\"wp-block-heading has-text-align-center has-background\" style=\"background-color:#f1c400\"><strong>Beneficios de vivir en una vivienda minimalista<\/strong><\/h2>\n\n\n\n<div style=\"height:32px\" aria-hidden=\"true\" class=\"wp-block-spacer\"><\/div>\n\n\n\n<p><a href=\"https:\/\/forbes.es\/lifestyle\/40356\/los-beneficios-del-minimalismo\/\" target=\"_blank\" rel=\"noreferrer noopener\">Adoptar un estilo de vida minimalista<\/a> a trav\u00e9s de la <strong>arquitectura y el dise\u00f1o del hogar<\/strong> ofrece diversos beneficios, tanto a nivel f\u00edsico como mental.<\/p>\n\n\n\n<p>Las viviendas donde <strong>el minimalismo<\/strong> es predominante ofrecen una respuesta efectiva a la complejidad de la vida moderna. La <strong>arquitectura minimalista<\/strong> proporciona espacios que fomentan la tranquilidad, la funcionalidad y la belleza esencial.<\/p>\n\n\n\n<p><strong>Reducir el estr\u00e9s<\/strong> a trav\u00e9s de un entorno despejado y organizado disminuye la sobrecarga sensorial y mental.<\/p>\n\n\n\n<p>Vivir en un espacio limpio y libre de distracciones favorece la concentraci\u00f3n. Siguiendo una <strong>est\u00e9tica atemporal<\/strong>, los dise\u00f1os son adem\u00e1s elegantes y perdurables.<\/p>\n\n\n\n<p><a href=\"https:\/\/inandoutarchitects.com\/ca\/casas-saludables\/\" target=\"_blank\" rel=\"noreferrer noopener\">La sostenibilidad<\/a> gracias al uso de materiales naturales garantiza la reducci\u00f3n de objetos innecesarios promoviendo un <strong>estilo de vida m\u00e1s ecol\u00f3gico<\/strong>.<\/p>\n\n\n\n<div style=\"height:26px\" aria-hidden=\"true\" class=\"wp-block-spacer\"><\/div>\n\n\n<div class=\"wp-block-image\">\n<figure class=\"aligncenter size-large is-resized\"><img decoding=\"async\" width=\"768\" height=\"1024\" src=\"https:\/\/inandoutarchitects.com\/wp-content\/uploads\/2024\/07\/COCINA-MOL-Molins-de-Rei-2023-5-edited-768x1024.jpg\" alt=\"reforma cocina barcelona\" class=\"wp-image-2395\" style=\"width:562px;height:auto\" srcset=\"https:\/\/inandoutarchitects.com\/wp-content\/uploads\/2024\/07\/COCINA-MOL-Molins-de-Rei-2023-5-edited-768x1024.jpg 768w, https:\/\/inandoutarchitects.com\/wp-content\/uploads\/2024\/07\/COCINA-MOL-Molins-de-Rei-2023-5-edited-scaled-600x800.jpg 600w, https:\/\/inandoutarchitects.com\/wp-content\/uploads\/2024\/07\/COCINA-MOL-Molins-de-Rei-2023-5-edited-225x300.jpg 225w, https:\/\/inandoutarchitects.com\/wp-content\/uploads\/2024\/07\/COCINA-MOL-Molins-de-Rei-2023-5-edited-1152x1536.jpg 1152w, https:\/\/inandoutarchitects.com\/wp-content\/uploads\/2024\/07\/COCINA-MOL-Molins-de-Rei-2023-5-edited-1536x2048.jpg 1536w, https:\/\/inandoutarchitects.com\/wp-content\/uploads\/2024\/07\/COCINA-MOL-Molins-de-Rei-2023-5-edited-9x12.jpg 9w, https:\/\/inandoutarchitects.com\/wp-content\/uploads\/2024\/07\/COCINA-MOL-Molins-de-Rei-2023-5-edited-scaled.jpg 1920w\" sizes=\"(max-width: 768px) 100vw, 768px\" \/><figcaption class=\"wp-element-caption\">Reforma cocina en Molins de Rei<\/figcaption><\/figure>\n<\/div>\n\n\n<div style=\"height:56px\" aria-hidden=\"true\" class=\"wp-block-spacer\"><\/div>\n\n\n\n<h2 class=\"wp-block-heading has-text-align-center has-background\" style=\"background-color:#f1c400\"><strong>Adaptabilidad del minimalismo seg\u00fan el tama\u00f1o de la vivienda<\/strong><\/h2>\n\n\n\n<div style=\"height:29px\" aria-hidden=\"true\" class=\"wp-block-spacer\"><\/div>\n\n\n\n<p>Uno de los aspectos que a <strong>In&amp;Out Architects, <\/strong>m\u00e1s nos fascina de la <strong>arquitectura minimalista<\/strong> es su adaptabilidad. Independientemente del tama\u00f1o de la vivienda, los principios de este concepto pueden aplicarse para crear un entorno armonioso, funcional y est\u00e9ticamente agradable.<\/p>\n\n\n\n<div style=\"height:38px\" aria-hidden=\"true\" class=\"wp-block-spacer\"><\/div>\n\n\n\n<h3 class=\"wp-block-heading\"><strong>Minimalismo en espacios peque\u00f1os<\/strong><\/h3>\n\n\n\n<div style=\"height:27px\" aria-hidden=\"true\" class=\"wp-block-spacer\"><\/div>\n\n\n\n<p>Viviendas peque\u00f1as como apartamentos urbanos o casas con espacio reducido pueden beneficiarse del <strong>enfoque minimalista.<\/strong><\/p>\n\n\n\n<p>La clave para sacar el mayor partido al espacio disponible con esta filosof\u00eda es evitar el desorden y seguir estas estrategias:<\/p>\n\n\n\n<ul class=\"wp-block-list\">\n<li><strong>Usar mobiliario multifuncional:<\/strong> mesas plegables, sof\u00e1s cama, unidades de almacenamiento integradas, etc.<\/li>\n\n\n\n<li><strong>Almacenamiento inteligente:<\/strong> usar cada rinc\u00f3n de manera eficiente con soluciones de almacenamiento vertical, cajones debajo de las camas o estanter\u00edas flotantes.<\/li>\n\n\n\n<li><strong>Colores claros:<\/strong> pintar las superficies con colores claros que den sensaci\u00f3n de amplitud.<\/li>\n\n\n\n<li><strong>Amplitud: <\/strong>despejar el ambiente y elegir decoraciones simples para evitar la sensaci\u00f3n de claustrofobia.<\/li>\n<\/ul>\n\n\n\n<div style=\"height:30px\" aria-hidden=\"true\" class=\"wp-block-spacer\"><\/div>\n\n\n<div class=\"wp-block-image\">\n<figure class=\"aligncenter size-large is-resized\"><img loading=\"lazy\" decoding=\"async\" width=\"768\" height=\"1024\" src=\"https:\/\/inandoutarchitects.com\/wp-content\/uploads\/2023\/12\/BANO-VIC-Barcelona-2024-1-768x1024.jpg\" alt=\"Reforma ba\u00f1o\" class=\"wp-image-2075\" style=\"width:622px;height:auto\" srcset=\"https:\/\/inandoutarchitects.com\/wp-content\/uploads\/2023\/12\/BANO-VIC-Barcelona-2024-1-768x1024.jpg 768w, https:\/\/inandoutarchitects.com\/wp-content\/uploads\/2023\/12\/BANO-VIC-Barcelona-2024-1-scaled-600x800.jpg 600w, https:\/\/inandoutarchitects.com\/wp-content\/uploads\/2023\/12\/BANO-VIC-Barcelona-2024-1-225x300.jpg 225w, https:\/\/inandoutarchitects.com\/wp-content\/uploads\/2023\/12\/BANO-VIC-Barcelona-2024-1-1152x1536.jpg 1152w, https:\/\/inandoutarchitects.com\/wp-content\/uploads\/2023\/12\/BANO-VIC-Barcelona-2024-1-1536x2048.jpg 1536w, https:\/\/inandoutarchitects.com\/wp-content\/uploads\/2023\/12\/BANO-VIC-Barcelona-2024-1-9x12.jpg 9w, https:\/\/inandoutarchitects.com\/wp-content\/uploads\/2023\/12\/BANO-VIC-Barcelona-2024-1-scaled.jpg 1920w\" sizes=\"(max-width: 768px) 100vw, 768px\" \/><figcaption class=\"wp-element-caption\">Reforma ba\u00f1o en Barcelona<\/figcaption><\/figure>\n<\/div>\n\n\n<div style=\"height:43px\" aria-hidden=\"true\" class=\"wp-block-spacer\"><\/div>\n\n\n\n<h3 class=\"wp-block-heading\"><strong>Minimalismo en espacios medianos<\/strong><\/h3>\n\n\n\n<div style=\"height:25px\" aria-hidden=\"true\" class=\"wp-block-spacer\"><\/div>\n\n\n\n<p>Las casas de tama\u00f1o medio ofrecen mayor flexibilidad para incorporar el <strong>minimalismo<\/strong> sin que afecte a la comodidad. Estas son algunas de nuestras ideas.<\/p>\n\n\n\n<ul class=\"wp-block-list\">\n<li><strong>Hacer un dise\u00f1o abierto:<\/strong> crear un espacio de planta abierta para aumentar la sensaci\u00f3n de amplitud y conexi\u00f3n entre las diversas zonas.<\/li>\n\n\n\n<li><strong>Mobiliario: <\/strong>seleccionar muebles de calidad y dise\u00f1o atemporal que cumplan funciones espec\u00edficas y se integren bien entre ellos.<\/li>\n\n\n\n<li><strong>Elementos naturales:<\/strong> madera, piedra y plantas para a\u00f1adir calidez y autenticidad.<\/li>\n\n\n\n<li><strong>Iluminaci\u00f3n natural:<\/strong> Procurar la entrada de luz natural con grandes ventanas y puertas de vidrio.<\/li>\n<\/ul>\n\n\n\n<div style=\"height:43px\" aria-hidden=\"true\" class=\"wp-block-spacer\"><\/div>\n\n\n\n<h3 class=\"wp-block-heading\"><strong>Minimalismo en espacios grandes<\/strong><\/h3>\n\n\n\n<div style=\"height:25px\" aria-hidden=\"true\" class=\"wp-block-spacer\"><\/div>\n\n\n\n<p>El concepto de <strong>arquitectura minimalista<\/strong> en viviendas grandes pueden abocarse a tener una sensaci\u00f3n de vac\u00edo y frialdad. Estas son algunas de nuestras recomendaciones para beneficiarse del minimalismo en estos grandes espacios:<\/p>\n\n\n\n<ul class=\"wp-block-list\">\n<li><strong>Crear espacios delineados:<\/strong> es importante definir \u00e1reas espec\u00edficas para las diferentes actividades manteniendo la fluidez y el orden.<\/li>\n\n\n\n<li><strong>Enfocarse en la calidad:<\/strong> seleccionar mobiliario de alta calidad y dise\u00f1o intencional que d\u00e9 valor y est\u00e9tica al hogar.<\/li>\n\n\n\n<li><strong>Arte y decoraci\u00f3n:<\/strong> utilizarlos de manera estrat\u00e9gica para a\u00f1adir inter\u00e9s visual sin sobrecargar el ambiente.<\/li>\n\n\n\n<li><strong>Texturas y materiales:<\/strong> es importante jugar con diferentes texturas y materiales para a\u00f1adir profundidad y calidez.<\/li>\n<\/ul>\n\n\n\n<div style=\"height:42px\" aria-hidden=\"true\" class=\"wp-block-spacer\"><\/div>\n\n\n\n<h2 class=\"wp-block-heading has-text-align-center has-light-green-cyan-background-color has-background\"><strong>Conclusi\u00f3n<\/strong><\/h2>\n\n\n\n<div style=\"height:24px\" aria-hidden=\"true\" class=\"wp-block-spacer\"><\/div>\n\n\n\n<p>Las viviendas de las <strong>personas minimalistas<\/strong> no solo reflejan un estilo de dise\u00f1o, sino tambi\u00e9n una <strong>filosof\u00eda de vida<\/strong> que valora lo esencial y rechaza lo superfluo. Al simplificar nuestros hogares, podemos simplificar nuestras vidas y encontrar un mayor equilibrio y satisfacci\u00f3n.<\/p>\n\n\n\n<p>A <strong>In&amp;Out Architects,<\/strong> nos encanta la <strong>arquitectura minimalista<\/strong> i <strong>aplicarla<\/strong> en los diferentes espacios de viviendas de nuestros clientes. Desde una casa de campo a un peque\u00f1o apartamento. Hacer que una gran vivienda se convierta en un hogar confortable y funcional y un peque\u00f1o piso en un espacio lindo y pr\u00e1ctico.&nbsp;<\/p>\n\n\n\n<p>Som especialistes en <strong>combinar estilos con minimalismo<\/strong>, dando el toque personal del cliente a cada uno. Valoramos la practicidad y funcionalidad de los elementos pensando en las prioridades del cliente en cada proyecto.<\/p>\n\n\n\n<p>Conf\u00eda en nosotras para <strong>redise\u00f1ar tu vivienda<\/strong>, somos <a href=\"https:\/\/inandoutarchitects.com\/ca\/arquitecto-arquitecto-tecnico-interiorista-decorador\/\" target=\"_blank\" rel=\"noreferrer noopener\"><strong>arquitectes e interioristes<\/strong><\/a> y te ofreceremos <strong>ideas minimalistas<\/strong> que se adapten a tus necesidades. Llama a <a href=\"https:\/\/inandoutarchitects.com\/ca\/consultorias\/\" target=\"_blank\" rel=\"noreferrer noopener\"><strong>nuestro Servicio de Consultor\u00eda<\/strong><\/a> y recuerda \u00a1Menos es m\u00e1s!\u00a0\u00a0<\/p>\n\n\n\n<div style=\"height:89px\" aria-hidden=\"true\" class=\"wp-block-spacer\"><\/div>\n\n\n<div class=\"wp-block-image\">\n<figure class=\"aligncenter size-large is-resized\"><a href=\"https:\/\/inandoutarchitects.com\/ca\/nosotras\/\" target=\"_blank\" rel=\"noreferrer noopener\"><img loading=\"lazy\" decoding=\"async\" width=\"1024\" height=\"1024\" src=\"https:\/\/inandoutarchitects.com\/wp-content\/uploads\/2023\/09\/OFIJ3758-1024x1024.jpg\" alt=\"In&amp;Out Architects\" class=\"wp-image-981\" style=\"width:416px;height:auto\" srcset=\"https:\/\/inandoutarchitects.com\/wp-content\/uploads\/2023\/09\/OFIJ3758-1024x1024.jpg 1024w, https:\/\/inandoutarchitects.com\/wp-content\/uploads\/2023\/09\/OFIJ3758-300x300.jpg 300w, https:\/\/inandoutarchitects.com\/wp-content\/uploads\/2023\/09\/OFIJ3758-100x100.jpg 100w, https:\/\/inandoutarchitects.com\/wp-content\/uploads\/2023\/09\/OFIJ3758-600x600.jpg 600w, https:\/\/inandoutarchitects.com\/wp-content\/uploads\/2023\/09\/OFIJ3758-150x150.jpg 150w, https:\/\/inandoutarchitects.com\/wp-content\/uploads\/2023\/09\/OFIJ3758-768x768.jpg 768w, https:\/\/inandoutarchitects.com\/wp-content\/uploads\/2023\/09\/OFIJ3758-650x650.jpg 650w, https:\/\/inandoutarchitects.com\/wp-content\/uploads\/2023\/09\/OFIJ3758.jpg 1134w\" sizes=\"(max-width: 1024px) 100vw, 1024px\" \/><\/a><figcaption class=\"wp-element-caption\">In&amp;Out Architects,<\/figcaption><\/figure>\n<\/div>\n\n\n<div style=\"height:78px\" aria-hidden=\"true\" class=\"wp-block-spacer\"><\/div>","protected":false},"excerpt":{"rendered":"<p>Descubre c\u00f3mo la arquitectura minimalista crea espacios funcionales y tranquilos, de cualquier tama\u00f1o de vivienda, priorizando lo esencial.<\/p>","protected":false},"author":2,"featured_media":2077,"comment_status":"closed","ping_status":"closed","sticky":false,"template":"","format":"standard","meta":{"inline_featured_image":false,"_monsterinsights_skip_tracking":false,"_monsterinsights_sitenote_active":false,"_monsterinsights_sitenote_note":"","_monsterinsights_sitenote_category":0,"_uf_show_specific_survey":0,"_uf_disable_surveys":false,"_jetpack_memberships_contains_paid_content":false,"footnotes":""},"categories":[19,12,13,14,15,161],"tags":[460,448,446,456,452,445,449,455,457,454,451,119,447,444,458,450,459,111,453],"class_list":["post-917","post","type-post","status-publish","format-standard","has-post-thumbnail","hentry","category-arquitectura","category-interiorismo","category-reforma-integral","category-rehabilitacion","category-vivienda","category-vivienda-saludable","tag-adaptar-el-minimalismo","tag-ahorrar-energia","tag-arquitectura-minimalista","tag-arquitectura-y-diseno-del-hogar","tag-combinar-estilos-con-minimalismo","tag-concepto-de-minimalismo","tag-consumo-consciente","tag-diseno-abierto","tag-diseno-atemporal","tag-enfoque-minimalista","tag-filosofia-de-vida","tag-generar-menos-residuos","tag-menos-es-mas","tag-minimalismo","tag-personas-minimalistas","tag-recursos-naturales","tag-redisenar-tu-vivienda","tag-sostenibilidad","tag-viviendas-minimalistas"],"yoast_head":"<!-- This site is optimized with the Yoast SEO plugin v27.5 - https:\/\/yoast.com\/product\/yoast-seo-wordpress\/ -->\n<title>Arquitectura minimalista: viviendas que priorizan lo esencial<\/title>\n<meta name=\"description\" content=\"Descubre c\u00f3mo la arquitectura minimalista crea espacios funcionales y tranquilos, de cualquier tama\u00f1o de vivienda, priorizando lo esencial.\" \/>\n<meta name=\"robots\" content=\"index, follow, max-snippet:-1, max-image-preview:large, max-video-preview:-1\" \/>\n<link rel=\"canonical\" href=\"https:\/\/inandoutarchitects.com\/ca\/arquitectura-minimalista\/\" \/>\n<meta property=\"og:locale\" content=\"ca_ES\" \/>\n<meta property=\"og:type\" content=\"article\" \/>\n<meta property=\"og:title\" content=\"Arquitectura minimalista: viviendas que priorizan lo esencial\" \/>\n<meta property=\"og:description\" content=\"Descubre c\u00f3mo la arquitectura minimalista crea espacios funcionales y tranquilos, de cualquier tama\u00f1o de vivienda, priorizando lo esencial.\" \/>\n<meta property=\"og:url\" content=\"https:\/\/inandoutarchitects.com\/ca\/arquitectura-minimalista\/\" \/>\n<meta property=\"og:site_name\" content=\"In&amp;Out Architects\" \/>\n<meta property=\"article:published_time\" content=\"2022-06-01T21:25:00+00:00\" \/>\n<meta property=\"article:modified_time\" content=\"2025-05-02T07:57:16+00:00\" \/>\n<meta property=\"og:image\" content=\"https:\/\/inandoutarchitects.com\/wp-content\/uploads\/2023\/12\/BANO-VIC-Barcelona-2024-3-scaled.jpg\" \/>\n\t<meta property=\"og:image:width\" content=\"2560\" \/>\n\t<meta property=\"og:image:height\" content=\"1710\" \/>\n\t<meta property=\"og:image:type\" content=\"image\/jpeg\" \/>\n<meta name=\"author\" content=\"In&amp;Out Architects\" \/>\n<meta name=\"twitter:card\" content=\"summary_large_image\" \/>\n<meta name=\"twitter:label1\" content=\"Escrit per\" \/>\n\t<meta name=\"twitter:data1\" content=\"In&amp;Out Architects\" \/>\n\t<meta name=\"twitter:label2\" content=\"Temps estimat de lectura\" \/>\n\t<meta name=\"twitter:data2\" content=\"7 minuts\" \/>\n<script type=\"application\/ld+json\" class=\"yoast-schema-graph\">{\"@context\":\"https:\\\/\\\/schema.org\",\"@graph\":[{\"@type\":\"Article\",\"@id\":\"https:\\\/\\\/inandoutarchitects.com\\\/arquitectura-minimalista\\\/#article\",\"isPartOf\":{\"@id\":\"https:\\\/\\\/inandoutarchitects.com\\\/arquitectura-minimalista\\\/\"},\"author\":{\"name\":\"In&amp;Out Architects\",\"@id\":\"https:\\\/\\\/inandoutarchitects.com\\\/#\\\/schema\\\/person\\\/292e3263f0aea9984c4295935178554a\"},\"headline\":\"ARQUITECTURA MINIMALISTA\",\"datePublished\":\"2022-06-01T21:25:00+00:00\",\"dateModified\":\"2025-05-02T07:57:16+00:00\",\"mainEntityOfPage\":{\"@id\":\"https:\\\/\\\/inandoutarchitects.com\\\/arquitectura-minimalista\\\/\"},\"wordCount\":1362,\"publisher\":{\"@id\":\"https:\\\/\\\/inandoutarchitects.com\\\/#organization\"},\"image\":{\"@id\":\"https:\\\/\\\/inandoutarchitects.com\\\/arquitectura-minimalista\\\/#primaryimage\"},\"thumbnailUrl\":\"https:\\\/\\\/inandoutarchitects.com\\\/wp-content\\\/uploads\\\/2023\\\/12\\\/BANO-VIC-Barcelona-2024-3-scaled.jpg\",\"keywords\":[\"adaptar el minimalismo\",\"ahorrar energ\u00eda\",\"arquitectura minimalista\",\"arquitectura y dise\u00f1o del hogar\",\"combinar estilos con minimalismo\",\"concepto de minimalismo\",\"consumo consciente\",\"dise\u00f1o abierto\",\"dise\u00f1o atemporal\",\"enfoque minimalista\",\"filosof\u00eda de vida\",\"generar menos residuos\",\"menos es m\u00e1s\",\"Minimalismo\",\"personas minimalistas\",\"recursos naturales\",\"redise\u00f1ar tu vivienda\",\"Sostenibilidad\",\"viviendas minimalistas\"],\"articleSection\":[\"Arquitectura\",\"Interiorismo\",\"Reforma Integral\",\"Rehabilitaci\u00f3n\",\"Vivienda\",\"Vivienda saludable\"],\"inLanguage\":\"ca\"},{\"@type\":\"WebPage\",\"@id\":\"https:\\\/\\\/inandoutarchitects.com\\\/arquitectura-minimalista\\\/\",\"url\":\"https:\\\/\\\/inandoutarchitects.com\\\/arquitectura-minimalista\\\/\",\"name\":\"Arquitectura minimalista: viviendas que priorizan lo esencial\",\"isPartOf\":{\"@id\":\"https:\\\/\\\/inandoutarchitects.com\\\/#website\"},\"primaryImageOfPage\":{\"@id\":\"https:\\\/\\\/inandoutarchitects.com\\\/arquitectura-minimalista\\\/#primaryimage\"},\"image\":{\"@id\":\"https:\\\/\\\/inandoutarchitects.com\\\/arquitectura-minimalista\\\/#primaryimage\"},\"thumbnailUrl\":\"https:\\\/\\\/inandoutarchitects.com\\\/wp-content\\\/uploads\\\/2023\\\/12\\\/BANO-VIC-Barcelona-2024-3-scaled.jpg\",\"datePublished\":\"2022-06-01T21:25:00+00:00\",\"dateModified\":\"2025-05-02T07:57:16+00:00\",\"description\":\"Descubre c\u00f3mo la arquitectura minimalista crea espacios funcionales y tranquilos, de cualquier tama\u00f1o de vivienda, priorizando lo esencial.\",\"breadcrumb\":{\"@id\":\"https:\\\/\\\/inandoutarchitects.com\\\/arquitectura-minimalista\\\/#breadcrumb\"},\"inLanguage\":\"ca\",\"potentialAction\":[{\"@type\":\"ReadAction\",\"target\":[\"https:\\\/\\\/inandoutarchitects.com\\\/arquitectura-minimalista\\\/\"]}]},{\"@type\":\"ImageObject\",\"inLanguage\":\"ca\",\"@id\":\"https:\\\/\\\/inandoutarchitects.com\\\/arquitectura-minimalista\\\/#primaryimage\",\"url\":\"https:\\\/\\\/inandoutarchitects.com\\\/wp-content\\\/uploads\\\/2023\\\/12\\\/BANO-VIC-Barcelona-2024-3-scaled.jpg\",\"contentUrl\":\"https:\\\/\\\/inandoutarchitects.com\\\/wp-content\\\/uploads\\\/2023\\\/12\\\/BANO-VIC-Barcelona-2024-3-scaled.jpg\",\"width\":2560,\"height\":1710,\"caption\":\"Reforma bany\"},{\"@type\":\"BreadcrumbList\",\"@id\":\"https:\\\/\\\/inandoutarchitects.com\\\/arquitectura-minimalista\\\/#breadcrumb\",\"itemListElement\":[{\"@type\":\"ListItem\",\"position\":1,\"name\":\"Portada\",\"item\":\"https:\\\/\\\/inandoutarchitects.com\\\/\"},{\"@type\":\"ListItem\",\"position\":2,\"name\":\"ARQUITECTURA MINIMALISTA\"}]},{\"@type\":\"WebSite\",\"@id\":\"https:\\\/\\\/inandoutarchitects.com\\\/#website\",\"url\":\"https:\\\/\\\/inandoutarchitects.com\\\/\",\"name\":\"In&amp;Out Architects\",\"description\":\"\",\"publisher\":{\"@id\":\"https:\\\/\\\/inandoutarchitects.com\\\/#organization\"},\"potentialAction\":[{\"@type\":\"SearchAction\",\"target\":{\"@type\":\"EntryPoint\",\"urlTemplate\":\"https:\\\/\\\/inandoutarchitects.com\\\/?s={search_term_string}\"},\"query-input\":{\"@type\":\"PropertyValueSpecification\",\"valueRequired\":true,\"valueName\":\"search_term_string\"}}],\"inLanguage\":\"ca\"},{\"@type\":\"Organization\",\"@id\":\"https:\\\/\\\/inandoutarchitects.com\\\/#organization\",\"name\":\"In&amp;Out Architects\",\"url\":\"https:\\\/\\\/inandoutarchitects.com\\\/\",\"logo\":{\"@type\":\"ImageObject\",\"inLanguage\":\"ca\",\"@id\":\"https:\\\/\\\/inandoutarchitects.com\\\/#\\\/schema\\\/logo\\\/image\\\/\",\"url\":\"https:\\\/\\\/inandoutarchitects.com\\\/wp-content\\\/uploads\\\/2023\\\/08\\\/cropped-Enmascarar-grupo-8.png\",\"contentUrl\":\"https:\\\/\\\/inandoutarchitects.com\\\/wp-content\\\/uploads\\\/2023\\\/08\\\/cropped-Enmascarar-grupo-8.png\",\"width\":83,\"height\":83,\"caption\":\"In&amp;Out Architects\"},\"image\":{\"@id\":\"https:\\\/\\\/inandoutarchitects.com\\\/#\\\/schema\\\/logo\\\/image\\\/\"}},{\"@type\":\"Person\",\"@id\":\"https:\\\/\\\/inandoutarchitects.com\\\/#\\\/schema\\\/person\\\/292e3263f0aea9984c4295935178554a\",\"name\":\"In&amp;Out Architects\",\"image\":{\"@type\":\"ImageObject\",\"inLanguage\":\"ca\",\"@id\":\"https:\\\/\\\/secure.gravatar.com\\\/avatar\\\/178e3b4da81df952ecf530155c11623ff7880803ec5ed98698457e47aee069a4?s=96&d=mm&r=g\",\"url\":\"https:\\\/\\\/secure.gravatar.com\\\/avatar\\\/178e3b4da81df952ecf530155c11623ff7880803ec5ed98698457e47aee069a4?s=96&d=mm&r=g\",\"contentUrl\":\"https:\\\/\\\/secure.gravatar.com\\\/avatar\\\/178e3b4da81df952ecf530155c11623ff7880803ec5ed98698457e47aee069a4?s=96&d=mm&r=g\",\"caption\":\"In&amp;Out Architects\"},\"url\":\"https:\\\/\\\/inandoutarchitects.com\\\/ca\\\/author\\\/usuario\\\/\"}]}<\/script>\n<!-- \/ Yoast SEO plugin. -->","yoast_head_json":{"title":"Arquitectura minimalista: viviendas que priorizan lo esencial","description":"Descubre c\u00f3mo la arquitectura minimalista crea espacios funcionales y tranquilos, de cualquier tama\u00f1o de vivienda, priorizando lo esencial.","robots":{"index":"index","follow":"follow","max-snippet":"max-snippet:-1","max-image-preview":"max-image-preview:large","max-video-preview":"max-video-preview:-1"},"canonical":"https:\/\/inandoutarchitects.com\/ca\/arquitectura-minimalista\/","og_locale":"ca_ES","og_type":"article","og_title":"Arquitectura minimalista: viviendas que priorizan lo esencial","og_description":"Descubre c\u00f3mo la arquitectura minimalista crea espacios funcionales y tranquilos, de cualquier tama\u00f1o de vivienda, priorizando lo esencial.","og_url":"https:\/\/inandoutarchitects.com\/ca\/arquitectura-minimalista\/","og_site_name":"In&amp;Out Architects","article_published_time":"2022-06-01T21:25:00+00:00","article_modified_time":"2025-05-02T07:57:16+00:00","og_image":[{"width":2560,"height":1710,"url":"https:\/\/inandoutarchitects.com\/wp-content\/uploads\/2023\/12\/BANO-VIC-Barcelona-2024-3-scaled.jpg","type":"image\/jpeg"}],"author":"In&amp;Out Architects","twitter_card":"summary_large_image","twitter_misc":{"Escrit per":"In&amp;Out Architects","Temps estimat de lectura":"7 minuts"},"schema":{"@context":"https:\/\/schema.org","@graph":[{"@type":"Article","@id":"https:\/\/inandoutarchitects.com\/arquitectura-minimalista\/#article","isPartOf":{"@id":"https:\/\/inandoutarchitects.com\/arquitectura-minimalista\/"},"author":{"name":"In&amp;Out Architects","@id":"https:\/\/inandoutarchitects.com\/#\/schema\/person\/292e3263f0aea9984c4295935178554a"},"headline":"ARQUITECTURA MINIMALISTA","datePublished":"2022-06-01T21:25:00+00:00","dateModified":"2025-05-02T07:57:16+00:00","mainEntityOfPage":{"@id":"https:\/\/inandoutarchitects.com\/arquitectura-minimalista\/"},"wordCount":1362,"publisher":{"@id":"https:\/\/inandoutarchitects.com\/#organization"},"image":{"@id":"https:\/\/inandoutarchitects.com\/arquitectura-minimalista\/#primaryimage"},"thumbnailUrl":"https:\/\/inandoutarchitects.com\/wp-content\/uploads\/2023\/12\/BANO-VIC-Barcelona-2024-3-scaled.jpg","keywords":["adaptar el minimalismo","ahorrar energ\u00eda","arquitectura minimalista","arquitectura y dise\u00f1o del hogar","combinar estilos con minimalismo","concepto de minimalismo","consumo consciente","dise\u00f1o abierto","dise\u00f1o atemporal","enfoque minimalista","filosof\u00eda de vida","generar menos residuos","menos es m\u00e1s","Minimalismo","personas minimalistas","recursos naturales","redise\u00f1ar tu vivienda","Sostenibilidad","viviendas minimalistas"],"articleSection":["Arquitectura","Interiorismo","Reforma Integral","Rehabilitaci\u00f3n","Vivienda","Vivienda saludable"],"inLanguage":"ca"},{"@type":"WebPage","@id":"https:\/\/inandoutarchitects.com\/arquitectura-minimalista\/","url":"https:\/\/inandoutarchitects.com\/arquitectura-minimalista\/","name":"Arquitectura minimalista: viviendas que priorizan lo esencial","isPartOf":{"@id":"https:\/\/inandoutarchitects.com\/#website"},"primaryImageOfPage":{"@id":"https:\/\/inandoutarchitects.com\/arquitectura-minimalista\/#primaryimage"},"image":{"@id":"https:\/\/inandoutarchitects.com\/arquitectura-minimalista\/#primaryimage"},"thumbnailUrl":"https:\/\/inandoutarchitects.com\/wp-content\/uploads\/2023\/12\/BANO-VIC-Barcelona-2024-3-scaled.jpg","datePublished":"2022-06-01T21:25:00+00:00","dateModified":"2025-05-02T07:57:16+00:00","description":"Descubre c\u00f3mo la arquitectura minimalista crea espacios funcionales y tranquilos, de cualquier tama\u00f1o de vivienda, priorizando lo esencial.","breadcrumb":{"@id":"https:\/\/inandoutarchitects.com\/arquitectura-minimalista\/#breadcrumb"},"inLanguage":"ca","potentialAction":[{"@type":"ReadAction","target":["https:\/\/inandoutarchitects.com\/arquitectura-minimalista\/"]}]},{"@type":"ImageObject","inLanguage":"ca","@id":"https:\/\/inandoutarchitects.com\/arquitectura-minimalista\/#primaryimage","url":"https:\/\/inandoutarchitects.com\/wp-content\/uploads\/2023\/12\/BANO-VIC-Barcelona-2024-3-scaled.jpg","contentUrl":"https:\/\/inandoutarchitects.com\/wp-content\/uploads\/2023\/12\/BANO-VIC-Barcelona-2024-3-scaled.jpg","width":2560,"height":1710,"caption":"Reforma bany"},{"@type":"BreadcrumbList","@id":"https:\/\/inandoutarchitects.com\/arquitectura-minimalista\/#breadcrumb","itemListElement":[{"@type":"ListItem","position":1,"name":"Portada","item":"https:\/\/inandoutarchitects.com\/"},{"@type":"ListItem","position":2,"name":"ARQUITECTURA MINIMALISTA"}]},{"@type":"WebSite","@id":"https:\/\/inandoutarchitects.com\/#website","url":"https:\/\/inandoutarchitects.com\/","name":"In&amp;Out Architects,","description":"","publisher":{"@id":"https:\/\/inandoutarchitects.com\/#organization"},"potentialAction":[{"@type":"SearchAction","target":{"@type":"EntryPoint","urlTemplate":"https:\/\/inandoutarchitects.com\/?s={search_term_string}"},"query-input":{"@type":"PropertyValueSpecification","valueRequired":true,"valueName":"search_term_string"}}],"inLanguage":"ca"},{"@type":"Organization","@id":"https:\/\/inandoutarchitects.com\/#organization","name":"In&amp;Out Architects,","url":"https:\/\/inandoutarchitects.com\/","logo":{"@type":"ImageObject","inLanguage":"ca","@id":"https:\/\/inandoutarchitects.com\/#\/schema\/logo\/image\/","url":"https:\/\/inandoutarchitects.com\/wp-content\/uploads\/2023\/08\/cropped-Enmascarar-grupo-8.png","contentUrl":"https:\/\/inandoutarchitects.com\/wp-content\/uploads\/2023\/08\/cropped-Enmascarar-grupo-8.png","width":83,"height":83,"caption":"In&amp;Out Architects"},"image":{"@id":"https:\/\/inandoutarchitects.com\/#\/schema\/logo\/image\/"}},{"@type":"Person","@id":"https:\/\/inandoutarchitects.com\/#\/schema\/person\/292e3263f0aea9984c4295935178554a","name":"In&amp;Out Architects,","image":{"@type":"ImageObject","inLanguage":"ca","@id":"https:\/\/secure.gravatar.com\/avatar\/178e3b4da81df952ecf530155c11623ff7880803ec5ed98698457e47aee069a4?s=96&d=mm&r=g","url":"https:\/\/secure.gravatar.com\/avatar\/178e3b4da81df952ecf530155c11623ff7880803ec5ed98698457e47aee069a4?s=96&d=mm&r=g","contentUrl":"https:\/\/secure.gravatar.com\/avatar\/178e3b4da81df952ecf530155c11623ff7880803ec5ed98698457e47aee069a4?s=96&d=mm&r=g","caption":"In&amp;Out Architects"},"url":"https:\/\/inandoutarchitects.com\/ca\/author\/usuario\/"}]}},"jetpack_featured_media_url":"https:\/\/inandoutarchitects.com\/wp-content\/uploads\/2023\/12\/BANO-VIC-Barcelona-2024-3-scaled.jpg","jetpack_sharing_enabled":true,"_links":{"self":[{"href":"https:\/\/inandoutarchitects.com\/ca\/wp-json\/wp\/v2\/posts\/917","targetHints":{"allow":["GET"]}}],"collection":[{"href":"https:\/\/inandoutarchitects.com\/ca\/wp-json\/wp\/v2\/posts"}],"about":[{"href":"https:\/\/inandoutarchitects.com\/ca\/wp-json\/wp\/v2\/types\/post"}],"author":[{"embeddable":true,"href":"https:\/\/inandoutarchitects.com\/ca\/wp-json\/wp\/v2\/users\/2"}],"replies":[{"embeddable":true,"href":"https:\/\/inandoutarchitects.com\/ca\/wp-json\/wp\/v2\/comments?post=917"}],"version-history":[{"count":12,"href":"https:\/\/inandoutarchitects.com\/ca\/wp-json\/wp\/v2\/posts\/917\/revisions"}],"predecessor-version":[{"id":2682,"href":"https:\/\/inandoutarchitects.com\/ca\/wp-json\/wp\/v2\/posts\/917\/revisions\/2682"}],"wp:featuredmedia":[{"embeddable":true,"href":"https:\/\/inandoutarchitects.com\/ca\/wp-json\/wp\/v2\/media\/2077"}],"wp:attachment":[{"href":"https:\/\/inandoutarchitects.com\/ca\/wp-json\/wp\/v2\/media?parent=917"}],"wp:term":[{"taxonomy":"category","embeddable":true,"href":"https:\/\/inandoutarchitects.com\/ca\/wp-json\/wp\/v2\/categories?post=917"},{"taxonomy":"post_tag","embeddable":true,"href":"https:\/\/inandoutarchitects.com\/ca\/wp-json\/wp\/v2\/tags?post=917"}],"curies":[{"name":"wp","href":"https:\/\/api.w.org\/{rel}","templated":true}]}}