{"id":856,"date":"2022-02-02T22:47:00","date_gmt":"2022-02-02T22:47:00","guid":{"rendered":"https:\/\/inandoutarchitects.com\/?p=856"},"modified":"2025-05-02T07:47:24","modified_gmt":"2025-05-02T07:47:24","slug":"recomendaciones-para-reformar-bano","status":"publish","type":"post","link":"https:\/\/inandoutarchitects.com\/ca\/recomendaciones-para-reformar-bano\/","title":{"rendered":"RECOMENDACIONES PARA REFORMAR EL BA\u00d1O"},"content":{"rendered":"<div style=\"height:27px\" aria-hidden=\"true\" class=\"wp-block-spacer\"><\/div>\n\n\n\n<h2 class=\"wp-block-heading has-text-align-center has-background\" style=\"background-color:#f1c400\"><strong>El ba\u00f1o como elemento funcional de la casa<\/strong><\/h2>\n\n\n\n<div style=\"height:20px\" aria-hidden=\"true\" class=\"wp-block-spacer\"><\/div>\n\n\n\n<p>El cuarto de ba\u00f1o es la estancia donde realizamos nuestra rutina de cuidado personal y donde tambi\u00e9n disfrutamos de algunos momentos de relax. Es por ello <strong>una estancia \u00edntima y personal donde nos gusta sentirnos a gusto<\/strong>. Por eso cuando esa sensaci\u00f3n de confort se ha perdido, nos invade la necesidad de actualizarlo. Llegados a este punto, es conveniente tener presente ciertas <strong>recomendaciones para reformar el ba\u00f1o <\/strong>antes de tomar decisiones.&nbsp;<\/p>\n\n\n\n<div style=\"height:31px\" aria-hidden=\"true\" class=\"wp-block-spacer\"><\/div>\n\n\n<div class=\"wp-block-image\">\n<figure class=\"aligncenter size-large is-resized\"><img fetchpriority=\"high\" decoding=\"async\" width=\"768\" height=\"1024\" src=\"https:\/\/inandoutarchitects.com\/wp-content\/uploads\/2023\/12\/BANO-VIC-Barcelona-2024-1-768x1024.jpg\" alt=\"Reforma ba\u00f1o\" class=\"wp-image-2075\" style=\"width:452px;height:auto\" srcset=\"https:\/\/inandoutarchitects.com\/wp-content\/uploads\/2023\/12\/BANO-VIC-Barcelona-2024-1-768x1024.jpg 768w, https:\/\/inandoutarchitects.com\/wp-content\/uploads\/2023\/12\/BANO-VIC-Barcelona-2024-1-scaled-600x800.jpg 600w, https:\/\/inandoutarchitects.com\/wp-content\/uploads\/2023\/12\/BANO-VIC-Barcelona-2024-1-225x300.jpg 225w, https:\/\/inandoutarchitects.com\/wp-content\/uploads\/2023\/12\/BANO-VIC-Barcelona-2024-1-1152x1536.jpg 1152w, https:\/\/inandoutarchitects.com\/wp-content\/uploads\/2023\/12\/BANO-VIC-Barcelona-2024-1-1536x2048.jpg 1536w, https:\/\/inandoutarchitects.com\/wp-content\/uploads\/2023\/12\/BANO-VIC-Barcelona-2024-1-9x12.jpg 9w, https:\/\/inandoutarchitects.com\/wp-content\/uploads\/2023\/12\/BANO-VIC-Barcelona-2024-1-scaled.jpg 1920w\" sizes=\"(max-width: 768px) 100vw, 768px\" \/><figcaption class=\"wp-element-caption\">Reforma bany<\/figcaption><\/figure>\n<\/div>\n\n\n<div style=\"height:20px\" aria-hidden=\"true\" class=\"wp-block-spacer\"><\/div>\n\n\n\n<p>La distribuci\u00f3n de la casa es uno de los condicionantes claves, pero existen otras cuestiones importantes:<\/p>\n\n\n\n<ul class=\"wp-block-list\">\n<li>Qu\u00e9 elementos componen el nuevo ba\u00f1o.<\/li>\n\n\n\n<li>D\u00f3nde se encuentran los <strong>sistemas de desag\u00fce y entrada de agua <\/strong>del edificio.&nbsp;<\/li>\n\n\n\n<li>Qu\u00e9 tipo de mobiliario se quiere incluir.<\/li>\n\n\n\n<li><strong>Acceso al ba\u00f1o<\/strong>.<\/li>\n<\/ul>\n\n\n\n<p>En este art\u00edculo abordaremos algunas de las preocupaciones que nos han transmitido nuestros clientes y las soluciones que desde <strong>IN&amp;OUT ARQUITECTS<\/strong> les aportamos.<\/p>\n\n\n\n<div style=\"height:21px\" aria-hidden=\"true\" class=\"wp-block-spacer\"><\/div>\n\n\n\n<h2 class=\"wp-block-heading has-text-align-center has-background\" style=\"background-color:#f1c400\"><strong><strong>Cambio de ubicaci\u00f3n del ba\u00f1o<\/strong><\/strong><\/h2>\n\n\n\n<div style=\"height:23px\" aria-hidden=\"true\" class=\"wp-block-spacer\"><\/div>\n\n\n\n<p>Cuando se plantea el <strong>cambio de ubicaci\u00f3n del ba\u00f1o<\/strong> en un edificio ya construido, el principal obst\u00e1culo que podemos encontrar es la situaci\u00f3n de los <a href=\"https:\/\/www.mundojuridico.info\/las-bajantes-del-edificio-son-un-elemento-comun\/\" target=\"_blank\" rel=\"noreferrer noopener\"><strong>bajantes comunitarios<\/strong><\/a>.<\/p>\n\n\n\n<p>Este es uno de los aspectos que requiere la <strong>revisi\u00f3n de un arquitecto<\/strong>. Con s\u00f3lo una inspecci\u00f3n ocular sabe ubicar los bajantes. Y, adem\u00e1s, puede proponer las opciones m\u00e1s \u00f3ptimas de acuerdo a las caracter\u00edsticas de la vivienda.<\/p>\n\n\n\n<p>El <a href=\"https:\/\/inandoutarchitects.com\/ca\/diseno\/\" target=\"_blank\" rel=\"noreferrer noopener\"><strong>dise\u00f1o de la reforma<\/strong><\/a> puede incluir cambios estructurales en la vivienda, como tirar un tabique o desplazar el w\u00e1ter. Solventando cierta clase de inconvenientes se consigue convertir el ba\u00f1o en una estancia m\u00e1s pr\u00e1ctica.<\/p>\n\n\n\n<p>Cuando la vivienda es una casa independiente es m\u00e1s f\u00e1cil realizar cambios en la ubicaci\u00f3n del ba\u00f1o. Nuestras <strong>recomendaciones para reformar el ba\u00f1o<\/strong> en este tema pasan por comprobar la <strong>pendiente del bajante. <\/strong>Para que el desag\u00fce sea efectivo, es importante calcular<strong> <\/strong>la pendiente m\u00ednima de saneamiento.<\/p>\n\n\n\n<div style=\"height:28px\" aria-hidden=\"true\" class=\"wp-block-spacer\"><\/div>\n\n\n<div class=\"wp-block-image\">\n<figure class=\"aligncenter size-full is-resized\"><img decoding=\"async\" width=\"1024\" height=\"637\" src=\"https:\/\/inandoutarchitects.com\/wp-content\/uploads\/2023\/09\/01-1.jpg\" alt=\"Ba\u00f1o y cocina\" class=\"wp-image-857\" style=\"width:841px;height:523px\" title=\"Ba\u00f1o y cocina\" srcset=\"https:\/\/inandoutarchitects.com\/wp-content\/uploads\/2023\/09\/01-1.jpg 1024w, https:\/\/inandoutarchitects.com\/wp-content\/uploads\/2023\/09\/01-1-600x373.jpg 600w, https:\/\/inandoutarchitects.com\/wp-content\/uploads\/2023\/09\/01-1-300x187.jpg 300w, https:\/\/inandoutarchitects.com\/wp-content\/uploads\/2023\/09\/01-1-768x478.jpg 768w\" sizes=\"(max-width: 1024px) 100vw, 1024px\" \/><\/figure>\n<\/div>\n\n\n<div style=\"height:25px\" aria-hidden=\"true\" class=\"wp-block-spacer\"><\/div>\n\n\n\n<h2 class=\"wp-block-heading has-text-align-center has-background\" style=\"background-color:#f1c400\"><strong><strong><strong>Habitaci\u00f3n tipo suite con ba\u00f1o incluido<\/strong><\/strong><\/strong><\/h2>\n\n\n\n<div style=\"height:29px\" aria-hidden=\"true\" class=\"wp-block-spacer\"><\/div>\n\n\n\n<p>Las <strong>habitaciones con ba\u00f1o incluido<\/strong> son una buena opci\u00f3n. De hecho es una de nuestras <strong>recomendaciones para reformar el ba\u00f1o<\/strong> en una vivienda con <strong>m\u00e1s de un cuarto de ba\u00f1o<\/strong>.<\/p>\n\n\n\n<p>Los motivos principales son:<\/p>\n\n\n\n<ul class=\"wp-block-list\">\n<li>Se consigue <strong>revalorizar el inmueble.<\/strong><\/li>\n\n\n\n<li>Se a\u00f1ade un plus de comodidad separando la zona privada del resto de la casa\/piso.<\/li>\n\n\n\n<li>Las visitas o el resto de familiares quedar\u00e1n al margen de la intimidad del propietario.<\/li>\n<\/ul>\n\n\n\n<div style=\"height:29px\" aria-hidden=\"true\" class=\"wp-block-spacer\"><\/div>\n\n\n\n<h2 class=\"wp-block-heading has-text-align-center has-background\" style=\"background-color:#f1c400\"><strong><strong><strong><strong>Un \u00fanico ba\u00f1o en la vivienda<\/strong><\/strong><\/strong><\/strong><\/h2>\n\n\n\n<div style=\"height:28px\" aria-hidden=\"true\" class=\"wp-block-spacer\"><\/div>\n\n\n\n<p>En una vivienda con un \u00fanico ba\u00f1o a compartir entre varias personas plantea potenciales problemas de convivencia. Asimismo, el <strong>tama\u00f1o del ba\u00f1o <\/strong>es clave si lo que pretendemos es diferenciar los elementos que tenemos que compartir.<\/p>\n\n\n\n<p>Os ofrecemos algunas soluciones:<\/p>\n\n\n\n<ul class=\"wp-block-list\">\n<li>Separar la <strong>zona de ducha<\/strong> de la <strong>zona de aseo personal<\/strong>: lavabo, espejo, bid\u00e9.&nbsp;<\/li>\n\n\n\n<li>Colocar una puerta corredera o mampara para diferenciar el <strong>espacio de WC<\/strong> y lavabo.<\/li>\n\n\n\n<li>Situar <strong>armarios divisorios<\/strong> que se aprovechen para crear diferentes \u00e1reas.<\/li>\n<\/ul>\n\n\n\n<div style=\"height:23px\" aria-hidden=\"true\" class=\"wp-block-spacer\"><\/div>\n\n\n<div class=\"wp-block-image\">\n<figure class=\"aligncenter size-large\"><img decoding=\"async\" width=\"1024\" height=\"396\" src=\"https:\/\/inandoutarchitects.com\/wp-content\/uploads\/2023\/09\/Bano-blog-COLORES-2-scaled-1-1024x396.jpg\" alt=\"Dise\u00f1o ba\u00f1o\" class=\"wp-image-858\" title=\"Dise\u00f1o ba\u00f1o\" srcset=\"https:\/\/inandoutarchitects.com\/wp-content\/uploads\/2023\/09\/Bano-blog-COLORES-2-scaled-1-1024x396.jpg 1024w, https:\/\/inandoutarchitects.com\/wp-content\/uploads\/2023\/09\/Bano-blog-COLORES-2-scaled-1-600x232.jpg 600w, https:\/\/inandoutarchitects.com\/wp-content\/uploads\/2023\/09\/Bano-blog-COLORES-2-scaled-1-300x116.jpg 300w, https:\/\/inandoutarchitects.com\/wp-content\/uploads\/2023\/09\/Bano-blog-COLORES-2-scaled-1-768x297.jpg 768w, https:\/\/inandoutarchitects.com\/wp-content\/uploads\/2023\/09\/Bano-blog-COLORES-2-scaled-1-1536x594.jpg 1536w, https:\/\/inandoutarchitects.com\/wp-content\/uploads\/2023\/09\/Bano-blog-COLORES-2-scaled-1-2048x792.jpg 2048w\" sizes=\"(max-width: 1024px) 100vw, 1024px\" \/><\/figure>\n<\/div>\n\n\n<div style=\"height:26px\" aria-hidden=\"true\" class=\"wp-block-spacer\"><\/div>\n\n\n\n<h2 class=\"wp-block-heading has-text-align-center has-background\" style=\"background-color:#f1c400\"><strong><strong><strong><strong><strong>Composici\u00f3n y medidas del interior del ba\u00f1o<\/strong><\/strong><\/strong><\/strong><\/strong><\/h2>\n\n\n\n<div style=\"height:24px\" aria-hidden=\"true\" class=\"wp-block-spacer\"><\/div>\n\n\n\n<p>Las <strong>dimensiones del ba\u00f1o<\/strong> limitan la cantidad de elementos con los que poder equiparlo. Como tambi\u00e9n es un condicionante las <a href=\"https:\/\/www.boe.es\/buscar\/doc.php?id=BOE-A-2006-5515\" target=\"_blank\" rel=\"noreferrer noopener\">medidas reglamentarias<\/a> de distancia entre los diferentes componentes.\u00a0<\/p>\n\n\n\n<p>Se considera un <strong>ba\u00f1o peque\u00f1o<\/strong> aquel que mide 135x150cm y est\u00e1 equipado con los elementos b\u00e1sicos de ducha rectangular, inodoro y lavabo. Y lo m\u00e1s probables es que necesite una <strong>puerta corredera.<\/strong><\/p>\n\n\n\n<p>En el caso de un ba\u00f1o en el que se quiera <strong>instalar una ba\u00f1era<\/strong>, las medidas m\u00ednimas deben ser 150x150cm.<\/p>\n\n\n\n<div style=\"height:26px\" aria-hidden=\"true\" class=\"wp-block-spacer\"><\/div>\n\n\n<div class=\"wp-block-image\">\n<figure class=\"aligncenter size-large is-resized\"><img loading=\"lazy\" decoding=\"async\" width=\"768\" height=\"1024\" src=\"https:\/\/inandoutarchitects.com\/wp-content\/uploads\/2023\/12\/BANO-THAI-Barcelona-2023-10-768x1024.jpg\" alt=\"Reforma ba\u00f1o\" class=\"wp-image-2086\" style=\"width:461px;height:auto\" srcset=\"https:\/\/inandoutarchitects.com\/wp-content\/uploads\/2023\/12\/BANO-THAI-Barcelona-2023-10-768x1024.jpg 768w, https:\/\/inandoutarchitects.com\/wp-content\/uploads\/2023\/12\/BANO-THAI-Barcelona-2023-10-scaled-600x800.jpg 600w, https:\/\/inandoutarchitects.com\/wp-content\/uploads\/2023\/12\/BANO-THAI-Barcelona-2023-10-225x300.jpg 225w, https:\/\/inandoutarchitects.com\/wp-content\/uploads\/2023\/12\/BANO-THAI-Barcelona-2023-10-1152x1536.jpg 1152w, https:\/\/inandoutarchitects.com\/wp-content\/uploads\/2023\/12\/BANO-THAI-Barcelona-2023-10-1536x2048.jpg 1536w, https:\/\/inandoutarchitects.com\/wp-content\/uploads\/2023\/12\/BANO-THAI-Barcelona-2023-10-9x12.jpg 9w, https:\/\/inandoutarchitects.com\/wp-content\/uploads\/2023\/12\/BANO-THAI-Barcelona-2023-10-scaled.jpg 1920w\" sizes=\"(max-width: 768px) 100vw, 768px\" \/><figcaption class=\"wp-element-caption\">Reforma bany<\/figcaption><\/figure>\n<\/div>\n\n\n<div style=\"height:26px\" aria-hidden=\"true\" class=\"wp-block-spacer\"><\/div>\n\n\n\n<h3 class=\"wp-block-heading\"><strong>&nbsp;Medidas m\u00ednimas que deben cumplir los sanitarios y distancia entre ellos<\/strong><\/h3>\n\n\n\n<div style=\"height:26px\" aria-hidden=\"true\" class=\"wp-block-spacer\"><\/div>\n\n\n\n<ul class=\"wp-block-list\">\n<li><strong>Inodoro y bid\u00e9<\/strong>: se debe calcular un espacio libre m\u00ednimo de 70 cm de ancho y 1 '20cm de largo. Si se sit\u00faa junto a la pared la distancia m\u00ednima debe ser de 20 cm.&nbsp;<\/li>\n\n\n\n<li>Los <strong>inodoros suspendidos<\/strong> se colocan a 45 cm del suelo.&nbsp;<\/li>\n\n\n\n<li><strong>Lavabos de un seno<\/strong>: suelen ocupar 60 cm de ancho y 45 cm de fondo, de modo que el espacio para la encimera ser\u00e1 como m\u00ednimo de 70 cm de ancho.&nbsp;<\/li>\n\n\n\n<li><strong>Lavabos de doble seno<\/strong>: son de forma est\u00e1ndar de 90 cm. La distancia entre las dos grifer\u00edas ser\u00e1 de 60 cm, de modo que la encimera ser\u00e1 como m\u00ednimo de 1 '20cm.<\/li>\n\n\n\n<li><strong>Ba\u00f1era<\/strong>: existen muchos modelos, pero la medida est\u00e1ndar es de 200x70cm, con una altura de 42cm.&nbsp;<\/li>\n\n\n\n<li><strong>Ducha<\/strong>: ofrece mayores posibilidades para su adaptabilidad. El espacio m\u00ednimo debe ser de 70x70cm y su espacio de acceso, sea de puerta, mampara o cortina, de 60 cm.<\/li>\n<\/ul>\n\n\n\n<div style=\"height:26px\" aria-hidden=\"true\" class=\"wp-block-spacer\"><\/div>\n\n\n\n<h3 class=\"wp-block-heading\"><strong>3 Recomendaciones para reformar el ba\u00f1o economizando el espacio:<\/strong><\/h3>\n\n\n\n<div style=\"height:22px\" aria-hidden=\"true\" class=\"wp-block-spacer\"><\/div>\n\n\n\n<p>Actualmente se pueden encontrar infinidad de modelos de <strong>sanitarios<\/strong> en el mercado y tambi\u00e9n existen f\u00f3rmulas de ahorro de espacio aconsejables para el ba\u00f1o.&nbsp;&nbsp;<\/p>\n\n\n\n<ol class=\"wp-block-list\">\n<li><strong>Inodoros con cisterna empotrada<\/strong> a pared o tabique.<\/li>\n\n\n\n<li><strong>Inodoros compactos y suspendidos<\/strong>, algo m\u00e1s peque\u00f1os que los est\u00e1ndares.<\/li>\n\n\n\n<li>El uso de <a href=\"https:\/\/acortar.link\/9wPsA9\" target=\"_blank\" rel=\"noreferrer noopener\"><strong>smart toiletes<\/strong><\/a><strong> <\/strong>o duchetas sanitarias.\u00a0<\/li>\n<\/ol>\n\n\n\n<div style=\"height:30px\" aria-hidden=\"true\" class=\"wp-block-spacer\"><\/div>\n\n\n<div class=\"wp-block-image\">\n<figure class=\"aligncenter size-large is-resized\"><img loading=\"lazy\" decoding=\"async\" width=\"768\" height=\"1024\" src=\"https:\/\/inandoutarchitects.com\/wp-content\/uploads\/2023\/12\/BANO-LAR-Barcelona-2023-3-768x1024.jpg\" alt=\"reforma ba\u00f1o barcelona\" class=\"wp-image-1994\" style=\"width:490px;height:auto\" srcset=\"https:\/\/inandoutarchitects.com\/wp-content\/uploads\/2023\/12\/BANO-LAR-Barcelona-2023-3-768x1024.jpg 768w, https:\/\/inandoutarchitects.com\/wp-content\/uploads\/2023\/12\/BANO-LAR-Barcelona-2023-3-scaled-600x800.jpg 600w, https:\/\/inandoutarchitects.com\/wp-content\/uploads\/2023\/12\/BANO-LAR-Barcelona-2023-3-225x300.jpg 225w, https:\/\/inandoutarchitects.com\/wp-content\/uploads\/2023\/12\/BANO-LAR-Barcelona-2023-3-1152x1536.jpg 1152w, https:\/\/inandoutarchitects.com\/wp-content\/uploads\/2023\/12\/BANO-LAR-Barcelona-2023-3-1536x2048.jpg 1536w, https:\/\/inandoutarchitects.com\/wp-content\/uploads\/2023\/12\/BANO-LAR-Barcelona-2023-3-9x12.jpg 9w, https:\/\/inandoutarchitects.com\/wp-content\/uploads\/2023\/12\/BANO-LAR-Barcelona-2023-3-scaled.jpg 1920w\" sizes=\"(max-width: 768px) 100vw, 768px\" \/><figcaption class=\"wp-element-caption\">Reforma ba\u00f1o Barcelona<\/figcaption><\/figure>\n<\/div>\n\n\n<div style=\"height:30px\" aria-hidden=\"true\" class=\"wp-block-spacer\"><\/div>\n\n\n\n<h2 class=\"wp-block-heading has-text-align-center has-background\" style=\"background-color:#f1c400\"><strong><strong><strong><strong><strong><strong>Mobiliario del ba\u00f1o<\/strong><\/strong><\/strong><\/strong><\/strong><\/strong><\/h2>\n\n\n\n<div style=\"height:29px\" aria-hidden=\"true\" class=\"wp-block-spacer\"><\/div>\n\n\n\n<p>Es importante tener en cuenta el tipo de mobiliario que necesitamos colocar en el interior del ba\u00f1o.<\/p>\n\n\n\n<p>En primer lugar, se definir\u00e1n los aspectos pr\u00e1cticos de uso. A continuaci\u00f3n, y seg\u00fan el espacio del aseo\/ba\u00f1o y <strong>distancia de sanitarios<\/strong>, se podr\u00e1 valorar el tipo de mobiliario.<\/p>\n\n\n\n<p>La <strong>posici\u00f3n del plato de ducha o ba\u00f1era<\/strong> condiciona la composici\u00f3n y distribuci\u00f3n del resto de componentes del ba\u00f1o. El acceso a su interior debe ser c\u00f3modo y debe contar con espacio suficiente en el exterior para facilitar el secado del cuerpo.&nbsp;<\/p>\n\n\n\n<p>Los muebles pueden ser suspendidos o sobre el suelo, altos o bajos, pero siempre proporcionales al espacio del que se dispone.&nbsp;<\/p>\n\n\n\n<p>La altura de las paredes del ba\u00f1o determinar\u00e1 el n\u00famero de componentes totales y el color de la estancia. Estas son nuestras <strong>recomendaciones para reformar el ba\u00f1o<\/strong> cuando las paredes no son altas:<\/p>\n\n\n\n<ul class=\"wp-block-list\">\n<li>Evitar recargar la estancia y seguir el lema \u201cmenos es m\u00e1s\u201d.&nbsp;<\/li>\n\n\n\n<li>Usar tonos claros para que proporcionen amplitud.<\/li>\n<\/ul>\n\n\n\n<p>El tipo de puerta y su ubicaci\u00f3n es relevante para valorar qu\u00e9 elementos preferimos que queden m\u00e1s a la vista. Es decir, siempre que sea posible, priorizar la visi\u00f3n del mueble y el espejo al abrir la puerta del ba\u00f1o.<\/p>\n\n\n\n<div style=\"height:29px\" aria-hidden=\"true\" class=\"wp-block-spacer\"><\/div>\n\n\n<div class=\"wp-block-image\">\n<figure class=\"aligncenter size-large is-resized\"><img loading=\"lazy\" decoding=\"async\" width=\"768\" height=\"1024\" src=\"https:\/\/inandoutarchitects.com\/wp-content\/uploads\/2023\/12\/BANO-PAM-Barcelona-2022-2-768x1024.jpg\" alt=\"reforma ba\u00f1o barcelona\" class=\"wp-image-1999\" style=\"width:473px;height:auto\" srcset=\"https:\/\/inandoutarchitects.com\/wp-content\/uploads\/2023\/12\/BANO-PAM-Barcelona-2022-2-768x1024.jpg 768w, https:\/\/inandoutarchitects.com\/wp-content\/uploads\/2023\/12\/BANO-PAM-Barcelona-2022-2-scaled-600x800.jpg 600w, https:\/\/inandoutarchitects.com\/wp-content\/uploads\/2023\/12\/BANO-PAM-Barcelona-2022-2-225x300.jpg 225w, https:\/\/inandoutarchitects.com\/wp-content\/uploads\/2023\/12\/BANO-PAM-Barcelona-2022-2-1152x1536.jpg 1152w, https:\/\/inandoutarchitects.com\/wp-content\/uploads\/2023\/12\/BANO-PAM-Barcelona-2022-2-1536x2048.jpg 1536w, https:\/\/inandoutarchitects.com\/wp-content\/uploads\/2023\/12\/BANO-PAM-Barcelona-2022-2-9x12.jpg 9w, https:\/\/inandoutarchitects.com\/wp-content\/uploads\/2023\/12\/BANO-PAM-Barcelona-2022-2-scaled.jpg 1920w\" sizes=\"(max-width: 768px) 100vw, 768px\" \/><figcaption class=\"wp-element-caption\">Reforma ba\u00f1o Barcelona<\/figcaption><\/figure>\n<\/div>\n\n\n<div style=\"height:29px\" aria-hidden=\"true\" class=\"wp-block-spacer\"><\/div>\n\n\n\n<h2 class=\"wp-block-heading has-text-align-center has-background\" style=\"background-color:#f1c400\"><strong><strong><strong><strong><strong><strong><strong>La lavadora en el ba\u00f1o \u00bfs\u00ed o no?<\/strong><\/strong><\/strong><\/strong><\/strong><\/strong><\/strong><\/h2>\n\n\n\n<div style=\"height:25px\" aria-hidden=\"true\" class=\"wp-block-spacer\"><\/div>\n\n\n\n<p>Muchas viviendas carecen de un <strong>lavadero<\/strong>, <strong>zona de lavado<\/strong>, galer\u00eda o patio donde colocar la <strong>lavadora y\/o secadora<\/strong>.<\/p>\n\n\n\n<p>La cocina fue durante mucho tiempo la estancia preferida para colocar este electrodom\u00e9stico. Usualmente se empotraba en la encimera quedando integrada como el resto de mobiliario.<\/p>\n\n\n\n<p>Cuando las <strong>dimensiones del ba\u00f1o<\/strong> lo permiten, resulta \u00fatil colocar la <strong>lavadora y\/o secadora<\/strong> en alguno de sus rincones. Esta disposici\u00f3n, permite lavar en el lavamanos las piezas delicadas para introducirlas all\u00ed mismo dentro de la secadora.&nbsp;<\/p>\n\n\n\n<p>Lo m\u00e1s importante es valorar qu\u00e9 tipo de rutina se sigue a la hora de <strong>lavar la ropa<\/strong> para decidir si el ba\u00f1o puede cumplir tambi\u00e9n la funci\u00f3n de <strong>lavadero<\/strong>.<\/p>\n\n\n\n<ul class=\"wp-block-list\">\n<li>D\u00f3nde se tiende la ropa.<\/li>\n\n\n\n<li>C\u00f3mo se accede al lugar donde se tiende.<\/li>\n\n\n\n<li>\u00bfSe dispone de secadora?<\/li>\n<\/ul>\n\n\n\n<div style=\"height:27px\" aria-hidden=\"true\" class=\"wp-block-spacer\"><\/div>\n\n\n\n<h2 class=\"wp-block-heading has-text-align-center has-background\" style=\"background-color:#40c1ac\"><strong>La iluminaci\u00f3n: un factor indispensable y est\u00e9tico<\/strong><\/h2>\n\n\n\n<div style=\"height:29px\" aria-hidden=\"true\" class=\"wp-block-spacer\"><\/div>\n\n\n\n<p>Necesariamente, la iluminaci\u00f3n debe proporcionar suficiente visibilidad para cada una de las funcionalidades de la estancia. Esta es la clave principal que nos ayuda a decidir sobre el tipo de iluminaci\u00f3n, as\u00ed como su enclave.<\/p>\n\n\n\n<p>Escoger un <a href=\"https:\/\/espejoled.com\/\"><strong>espejo <\/strong><\/a><strong><a href=\"https:\/\/espejoled.com\/\" target=\"_blank\" rel=\"noreferrer noopener\">l<\/a><\/strong><a href=\"https:\/\/espejoled.com\/\"><strong>ed<\/strong><\/a> puede ser una buena opci\u00f3n. Proporciona luz y al mismo tiempo cumple una funci\u00f3n est\u00e9tica. Otorga al ambiente un aire de modernidad y confort.<\/p>\n\n\n\n<p>La oferta de <strong>iluminaci\u00f3n para ba\u00f1o<\/strong> en el mercado es extensa. Nuestras<strong> recomendaciones para reformar el ba\u00f1o<\/strong> en el \u00e1mbito de la iluminaci\u00f3n est\u00e1n ligadas a la existencia de una ventana que d\u00e9 al exterior. Lo mejor es la luz natural y, en su ausencia, elegir bombillas y luminarias de luz fr\u00eda y neutra.<\/p>\n\n\n\n<p>Si est\u00e1s pensando en reformar tu ba\u00f1o, en <strong>In&amp;Out Architects,<\/strong> somos expertas en <strong>reformas, en rehabilitaci\u00f3n de viviendas e interiorismo<\/strong>.<\/p>\n\n\n\n<p>Ll\u00e1manos para <a href=\"https:\/\/inandoutarchitects.com\/ca\/consultorias\/\" target=\"_blank\" rel=\"noreferrer noopener\"><strong>solicitar nuestro Servicio de consultor\u00eda<\/strong><\/a>y resolver cualquier duda.\u00a0<\/p>\n\n\n\n<p>Espacios grandes, medianos o peque\u00f1os, todos merecen una oportunidad de mejora. Y nosotras contamos con la experiencia que necesitas para planificar la reforma de tu ba\u00f1o de forma exitosa.<\/p>\n\n\n\n<div style=\"height:79px\" aria-hidden=\"true\" class=\"wp-block-spacer\"><\/div>\n\n\n<div class=\"wp-block-image\">\n<figure class=\"aligncenter size-large is-resized\"><a href=\"https:\/\/inandoutarchitects.com\/ca\/nosotras\/\" target=\"_blank\" rel=\"noreferrer noopener\"><img loading=\"lazy\" decoding=\"async\" width=\"1024\" height=\"1024\" src=\"https:\/\/inandoutarchitects.com\/wp-content\/uploads\/2023\/09\/OFIJ3758-1024x1024.jpg\" alt=\"In&amp;Out Architects\" class=\"wp-image-981\" style=\"width:416px;height:auto\" srcset=\"https:\/\/inandoutarchitects.com\/wp-content\/uploads\/2023\/09\/OFIJ3758-1024x1024.jpg 1024w, https:\/\/inandoutarchitects.com\/wp-content\/uploads\/2023\/09\/OFIJ3758-300x300.jpg 300w, https:\/\/inandoutarchitects.com\/wp-content\/uploads\/2023\/09\/OFIJ3758-100x100.jpg 100w, https:\/\/inandoutarchitects.com\/wp-content\/uploads\/2023\/09\/OFIJ3758-600x600.jpg 600w, https:\/\/inandoutarchitects.com\/wp-content\/uploads\/2023\/09\/OFIJ3758-150x150.jpg 150w, https:\/\/inandoutarchitects.com\/wp-content\/uploads\/2023\/09\/OFIJ3758-768x768.jpg 768w, https:\/\/inandoutarchitects.com\/wp-content\/uploads\/2023\/09\/OFIJ3758-650x650.jpg 650w, https:\/\/inandoutarchitects.com\/wp-content\/uploads\/2023\/09\/OFIJ3758.jpg 1134w\" sizes=\"(max-width: 1024px) 100vw, 1024px\" \/><\/a><figcaption class=\"wp-element-caption\">In&amp;Out Architects,<\/figcaption><\/figure>\n<\/div>\n\n\n<div style=\"height:78px\" aria-hidden=\"true\" class=\"wp-block-spacer\"><\/div>","protected":false},"excerpt":{"rendered":"<p>Descubre las mejores recomendaciones para reformar el ba\u00f1o, desde distribuci\u00f3n y mobiliario hasta iluminaci\u00f3n y dise\u00f1o eficiente.<\/p>","protected":false},"author":2,"featured_media":2071,"comment_status":"closed","ping_status":"closed","sticky":false,"template":"","format":"standard","meta":{"inline_featured_image":false,"_monsterinsights_skip_tracking":false,"_monsterinsights_sitenote_active":false,"_monsterinsights_sitenote_note":"","_monsterinsights_sitenote_category":0,"_uf_show_specific_survey":0,"_uf_disable_surveys":false,"_jetpack_memberships_contains_paid_content":false,"footnotes":""},"categories":[19,9,12,13,14,15],"tags":[338,336,352,335,347,332,359,345,364,334,339,360,356,355,353,351,350,357,354,361,363,341,342,340,348,337,349,333,358,346,344,343,362],"class_list":["post-856","post","type-post","status-publish","format-standard","has-post-thumbnail","hentry","category-arquitectura","category-bano","category-interiorismo","category-reforma-integral","category-rehabilitacion","category-vivienda","tag-acceso-al-bano","tag-bajantes-comunitarios","tag-banera","tag-bano-como-elemento-funcional-de-la-casa","tag-bano-pequeno","tag-cambio-de-ubicacion-del-bano","tag-ducha","tag-espacio-de-wc","tag-funcion-de-lavadero","tag-funcionalidad-del-bano","tag-habitaciones-con-bano-incluido","tag-iluminacion-para-bano","tag-inodoro-con-cisterna-empotrada","tag-inodoro-suspendido","tag-inodoro-y-bide","tag-instalar-una-banera","tag-lavabo","tag-lavabos-de-doble-seno","tag-lavabos-de-un-seno","tag-lavadero","tag-lavadora-y-o-secadora","tag-mas-de-un-bano","tag-muebles-divisorios","tag-pendiente-del-bajante","tag-puerta-corredera","tag-revision-de-un-arquitecto","tag-sanitarios","tag-sistemas-de-desague-y-entrada-de-agua","tag-smart-toiletes","tag-tamano-del-bano","tag-zona-de-aseo-personal","tag-zona-de-ducha","tag-zona-de-lavado-de-ropa"],"yoast_head":"<!-- This site is optimized with the Yoast SEO plugin v27.5 - https:\/\/yoast.com\/product\/yoast-seo-wordpress\/ -->\n<title>RECOMENDACIONES PARA REFORMAR EL BA\u00d1O - In&amp;Out Architects<\/title>\n<meta name=\"description\" content=\"Descubre las mejores recomendaciones para reformar el ba\u00f1o, desde distribuci\u00f3n y mobiliario hasta iluminaci\u00f3n y dise\u00f1o eficiente.\" \/>\n<meta name=\"robots\" content=\"index, follow, max-snippet:-1, max-image-preview:large, max-video-preview:-1\" \/>\n<link rel=\"canonical\" href=\"https:\/\/inandoutarchitects.com\/ca\/recomendaciones-para-reformar-bano\/\" \/>\n<meta property=\"og:locale\" content=\"ca_ES\" \/>\n<meta property=\"og:type\" content=\"article\" \/>\n<meta property=\"og:title\" content=\"RECOMENDACIONES PARA REFORMAR EL BA\u00d1O - In&amp;Out Architects\" \/>\n<meta property=\"og:description\" content=\"Descubre las mejores recomendaciones para reformar el ba\u00f1o, desde distribuci\u00f3n y mobiliario hasta iluminaci\u00f3n y dise\u00f1o eficiente.\" \/>\n<meta property=\"og:url\" content=\"https:\/\/inandoutarchitects.com\/ca\/recomendaciones-para-reformar-bano\/\" \/>\n<meta property=\"og:site_name\" content=\"In&amp;Out Architects\" \/>\n<meta property=\"article:published_time\" content=\"2022-02-02T22:47:00+00:00\" \/>\n<meta property=\"article:modified_time\" content=\"2025-05-02T07:47:24+00:00\" \/>\n<meta property=\"og:image\" content=\"https:\/\/inandoutarchitects.com\/wp-content\/uploads\/2023\/12\/BANO-ALI-Barcelona-2023-3-scaled.jpg\" \/>\n\t<meta property=\"og:image:width\" content=\"1444\" \/>\n\t<meta property=\"og:image:height\" content=\"2560\" \/>\n\t<meta property=\"og:image:type\" content=\"image\/jpeg\" \/>\n<meta name=\"author\" content=\"In&amp;Out Architects\" \/>\n<meta name=\"twitter:card\" content=\"summary_large_image\" \/>\n<meta name=\"twitter:label1\" content=\"Escrit per\" \/>\n\t<meta name=\"twitter:data1\" content=\"In&amp;Out Architects\" \/>\n\t<meta name=\"twitter:label2\" content=\"Temps estimat de lectura\" \/>\n\t<meta name=\"twitter:data2\" content=\"8 minuts\" \/>\n<script type=\"application\/ld+json\" class=\"yoast-schema-graph\">{\"@context\":\"https:\\\/\\\/schema.org\",\"@graph\":[{\"@type\":\"Article\",\"@id\":\"https:\\\/\\\/inandoutarchitects.com\\\/recomendaciones-para-reformar-bano\\\/#article\",\"isPartOf\":{\"@id\":\"https:\\\/\\\/inandoutarchitects.com\\\/recomendaciones-para-reformar-bano\\\/\"},\"author\":{\"name\":\"In&amp;Out Architects\",\"@id\":\"https:\\\/\\\/inandoutarchitects.com\\\/#\\\/schema\\\/person\\\/292e3263f0aea9984c4295935178554a\"},\"headline\":\"RECOMENDACIONES PARA REFORMAR EL BA\u00d1O\",\"datePublished\":\"2022-02-02T22:47:00+00:00\",\"dateModified\":\"2025-05-02T07:47:24+00:00\",\"mainEntityOfPage\":{\"@id\":\"https:\\\/\\\/inandoutarchitects.com\\\/recomendaciones-para-reformar-bano\\\/\"},\"wordCount\":1458,\"publisher\":{\"@id\":\"https:\\\/\\\/inandoutarchitects.com\\\/#organization\"},\"image\":{\"@id\":\"https:\\\/\\\/inandoutarchitects.com\\\/recomendaciones-para-reformar-bano\\\/#primaryimage\"},\"thumbnailUrl\":\"https:\\\/\\\/inandoutarchitects.com\\\/wp-content\\\/uploads\\\/2023\\\/12\\\/BANO-ALI-Barcelona-2023-3-scaled.jpg\",\"keywords\":[\"acceso al ba\u00f1o\",\"bajantes comunitarios\",\"ba\u00f1era\",\"ba\u00f1o como elemento funcional de la casa\",\"ba\u00f1o peque\u00f1o\",\"cambio de ubicaci\u00f3n del ba\u00f1o\",\"ducha\",\"espacio de wc\",\"funci\u00f3n de lavadero\",\"funcionalidad del ba\u00f1o\",\"habitaciones con ba\u00f1o incluido\",\"iluminaci\u00f3n para ba\u00f1o\",\"inodoro con cisterna empotrada\",\"inodoro suspendido\",\"inodoro y bid\u00e9\",\"instalar una ba\u00f1era\",\"lavabo\",\"lavabos de doble seno\",\"lavabos de un seno\",\"lavadero\",\"lavadora y\\\/o secadora\",\"m\u00e1s de un ba\u00f1o\",\"muebles divisorios\",\"pendiente del bajante\",\"puerta corredera\",\"revisi\u00f3n de un arquitecto\",\"sanitarios\",\"sistemas de desag\u00fce y entrada de agua\",\"Smart toiletes\",\"tama\u00f1o del ba\u00f1o\",\"zona de aseo personal\",\"zona de ducha\",\"zona de lavado de ropa\"],\"articleSection\":[\"Arquitectura\",\"Ba\u00f1o\",\"Interiorismo\",\"Reforma Integral\",\"Rehabilitaci\u00f3n\",\"Vivienda\"],\"inLanguage\":\"ca\"},{\"@type\":\"WebPage\",\"@id\":\"https:\\\/\\\/inandoutarchitects.com\\\/recomendaciones-para-reformar-bano\\\/\",\"url\":\"https:\\\/\\\/inandoutarchitects.com\\\/recomendaciones-para-reformar-bano\\\/\",\"name\":\"RECOMENDACIONES PARA REFORMAR EL BA\u00d1O - In&amp;Out Architects\",\"isPartOf\":{\"@id\":\"https:\\\/\\\/inandoutarchitects.com\\\/#website\"},\"primaryImageOfPage\":{\"@id\":\"https:\\\/\\\/inandoutarchitects.com\\\/recomendaciones-para-reformar-bano\\\/#primaryimage\"},\"image\":{\"@id\":\"https:\\\/\\\/inandoutarchitects.com\\\/recomendaciones-para-reformar-bano\\\/#primaryimage\"},\"thumbnailUrl\":\"https:\\\/\\\/inandoutarchitects.com\\\/wp-content\\\/uploads\\\/2023\\\/12\\\/BANO-ALI-Barcelona-2023-3-scaled.jpg\",\"datePublished\":\"2022-02-02T22:47:00+00:00\",\"dateModified\":\"2025-05-02T07:47:24+00:00\",\"description\":\"Descubre las mejores recomendaciones para reformar el ba\u00f1o, desde distribuci\u00f3n y mobiliario hasta iluminaci\u00f3n y dise\u00f1o eficiente.\",\"breadcrumb\":{\"@id\":\"https:\\\/\\\/inandoutarchitects.com\\\/recomendaciones-para-reformar-bano\\\/#breadcrumb\"},\"inLanguage\":\"ca\",\"potentialAction\":[{\"@type\":\"ReadAction\",\"target\":[\"https:\\\/\\\/inandoutarchitects.com\\\/recomendaciones-para-reformar-bano\\\/\"]}]},{\"@type\":\"ImageObject\",\"inLanguage\":\"ca\",\"@id\":\"https:\\\/\\\/inandoutarchitects.com\\\/recomendaciones-para-reformar-bano\\\/#primaryimage\",\"url\":\"https:\\\/\\\/inandoutarchitects.com\\\/wp-content\\\/uploads\\\/2023\\\/12\\\/BANO-ALI-Barcelona-2023-3-scaled.jpg\",\"contentUrl\":\"https:\\\/\\\/inandoutarchitects.com\\\/wp-content\\\/uploads\\\/2023\\\/12\\\/BANO-ALI-Barcelona-2023-3-scaled.jpg\",\"width\":1444,\"height\":2560,\"caption\":\"reforma ba\u00f1o barcelona\"},{\"@type\":\"BreadcrumbList\",\"@id\":\"https:\\\/\\\/inandoutarchitects.com\\\/recomendaciones-para-reformar-bano\\\/#breadcrumb\",\"itemListElement\":[{\"@type\":\"ListItem\",\"position\":1,\"name\":\"Portada\",\"item\":\"https:\\\/\\\/inandoutarchitects.com\\\/\"},{\"@type\":\"ListItem\",\"position\":2,\"name\":\"RECOMENDACIONES PARA REFORMAR EL BA\u00d1O\"}]},{\"@type\":\"WebSite\",\"@id\":\"https:\\\/\\\/inandoutarchitects.com\\\/#website\",\"url\":\"https:\\\/\\\/inandoutarchitects.com\\\/\",\"name\":\"In&amp;Out Architects\",\"description\":\"\",\"publisher\":{\"@id\":\"https:\\\/\\\/inandoutarchitects.com\\\/#organization\"},\"potentialAction\":[{\"@type\":\"SearchAction\",\"target\":{\"@type\":\"EntryPoint\",\"urlTemplate\":\"https:\\\/\\\/inandoutarchitects.com\\\/?s={search_term_string}\"},\"query-input\":{\"@type\":\"PropertyValueSpecification\",\"valueRequired\":true,\"valueName\":\"search_term_string\"}}],\"inLanguage\":\"ca\"},{\"@type\":\"Organization\",\"@id\":\"https:\\\/\\\/inandoutarchitects.com\\\/#organization\",\"name\":\"In&amp;Out Architects\",\"url\":\"https:\\\/\\\/inandoutarchitects.com\\\/\",\"logo\":{\"@type\":\"ImageObject\",\"inLanguage\":\"ca\",\"@id\":\"https:\\\/\\\/inandoutarchitects.com\\\/#\\\/schema\\\/logo\\\/image\\\/\",\"url\":\"https:\\\/\\\/inandoutarchitects.com\\\/wp-content\\\/uploads\\\/2023\\\/08\\\/cropped-Enmascarar-grupo-8.png\",\"contentUrl\":\"https:\\\/\\\/inandoutarchitects.com\\\/wp-content\\\/uploads\\\/2023\\\/08\\\/cropped-Enmascarar-grupo-8.png\",\"width\":83,\"height\":83,\"caption\":\"In&amp;Out Architects\"},\"image\":{\"@id\":\"https:\\\/\\\/inandoutarchitects.com\\\/#\\\/schema\\\/logo\\\/image\\\/\"}},{\"@type\":\"Person\",\"@id\":\"https:\\\/\\\/inandoutarchitects.com\\\/#\\\/schema\\\/person\\\/292e3263f0aea9984c4295935178554a\",\"name\":\"In&amp;Out Architects\",\"image\":{\"@type\":\"ImageObject\",\"inLanguage\":\"ca\",\"@id\":\"https:\\\/\\\/secure.gravatar.com\\\/avatar\\\/178e3b4da81df952ecf530155c11623ff7880803ec5ed98698457e47aee069a4?s=96&d=mm&r=g\",\"url\":\"https:\\\/\\\/secure.gravatar.com\\\/avatar\\\/178e3b4da81df952ecf530155c11623ff7880803ec5ed98698457e47aee069a4?s=96&d=mm&r=g\",\"contentUrl\":\"https:\\\/\\\/secure.gravatar.com\\\/avatar\\\/178e3b4da81df952ecf530155c11623ff7880803ec5ed98698457e47aee069a4?s=96&d=mm&r=g\",\"caption\":\"In&amp;Out Architects\"},\"url\":\"https:\\\/\\\/inandoutarchitects.com\\\/ca\\\/author\\\/usuario\\\/\"}]}<\/script>\n<!-- \/ Yoast SEO plugin. -->","yoast_head_json":{"title":"RECOMENDACIONES PARA REFORMAR EL BA\u00d1O - In&amp;Out Architects","description":"Descubre las mejores recomendaciones para reformar el ba\u00f1o, desde distribuci\u00f3n y mobiliario hasta iluminaci\u00f3n y dise\u00f1o eficiente.","robots":{"index":"index","follow":"follow","max-snippet":"max-snippet:-1","max-image-preview":"max-image-preview:large","max-video-preview":"max-video-preview:-1"},"canonical":"https:\/\/inandoutarchitects.com\/ca\/recomendaciones-para-reformar-bano\/","og_locale":"ca_ES","og_type":"article","og_title":"RECOMENDACIONES PARA REFORMAR EL BA\u00d1O - In&amp;Out Architects","og_description":"Descubre las mejores recomendaciones para reformar el ba\u00f1o, desde distribuci\u00f3n y mobiliario hasta iluminaci\u00f3n y dise\u00f1o eficiente.","og_url":"https:\/\/inandoutarchitects.com\/ca\/recomendaciones-para-reformar-bano\/","og_site_name":"In&amp;Out Architects","article_published_time":"2022-02-02T22:47:00+00:00","article_modified_time":"2025-05-02T07:47:24+00:00","og_image":[{"width":1444,"height":2560,"url":"https:\/\/inandoutarchitects.com\/wp-content\/uploads\/2023\/12\/BANO-ALI-Barcelona-2023-3-scaled.jpg","type":"image\/jpeg"}],"author":"In&amp;Out Architects","twitter_card":"summary_large_image","twitter_misc":{"Escrit per":"In&amp;Out Architects","Temps estimat de lectura":"8 minuts"},"schema":{"@context":"https:\/\/schema.org","@graph":[{"@type":"Article","@id":"https:\/\/inandoutarchitects.com\/recomendaciones-para-reformar-bano\/#article","isPartOf":{"@id":"https:\/\/inandoutarchitects.com\/recomendaciones-para-reformar-bano\/"},"author":{"name":"In&amp;Out Architects","@id":"https:\/\/inandoutarchitects.com\/#\/schema\/person\/292e3263f0aea9984c4295935178554a"},"headline":"RECOMENDACIONES PARA REFORMAR EL BA\u00d1O","datePublished":"2022-02-02T22:47:00+00:00","dateModified":"2025-05-02T07:47:24+00:00","mainEntityOfPage":{"@id":"https:\/\/inandoutarchitects.com\/recomendaciones-para-reformar-bano\/"},"wordCount":1458,"publisher":{"@id":"https:\/\/inandoutarchitects.com\/#organization"},"image":{"@id":"https:\/\/inandoutarchitects.com\/recomendaciones-para-reformar-bano\/#primaryimage"},"thumbnailUrl":"https:\/\/inandoutarchitects.com\/wp-content\/uploads\/2023\/12\/BANO-ALI-Barcelona-2023-3-scaled.jpg","keywords":["acceso al ba\u00f1o","bajantes comunitarios","ba\u00f1era","ba\u00f1o como elemento funcional de la casa","ba\u00f1o peque\u00f1o","cambio de ubicaci\u00f3n del ba\u00f1o","ducha","espacio de wc","funci\u00f3n de lavadero","funcionalidad del ba\u00f1o","habitaciones con ba\u00f1o incluido","iluminaci\u00f3n para ba\u00f1o","inodoro con cisterna empotrada","inodoro suspendido","inodoro y bid\u00e9","instalar una ba\u00f1era","lavabo","lavabos de doble seno","lavabos de un seno","lavadero","lavadora y\/o secadora","m\u00e1s de un ba\u00f1o","muebles divisorios","pendiente del bajante","puerta corredera","revisi\u00f3n de un arquitecto","sanitarios","sistemas de desag\u00fce y entrada de agua","Smart toiletes","tama\u00f1o del ba\u00f1o","zona de aseo personal","zona de ducha","zona de lavado de ropa"],"articleSection":["Arquitectura","Ba\u00f1o","Interiorismo","Reforma Integral","Rehabilitaci\u00f3n","Vivienda"],"inLanguage":"ca"},{"@type":"WebPage","@id":"https:\/\/inandoutarchitects.com\/recomendaciones-para-reformar-bano\/","url":"https:\/\/inandoutarchitects.com\/recomendaciones-para-reformar-bano\/","name":"RECOMENDACIONES PARA REFORMAR EL BA\u00d1O - In&amp;Out Architects","isPartOf":{"@id":"https:\/\/inandoutarchitects.com\/#website"},"primaryImageOfPage":{"@id":"https:\/\/inandoutarchitects.com\/recomendaciones-para-reformar-bano\/#primaryimage"},"image":{"@id":"https:\/\/inandoutarchitects.com\/recomendaciones-para-reformar-bano\/#primaryimage"},"thumbnailUrl":"https:\/\/inandoutarchitects.com\/wp-content\/uploads\/2023\/12\/BANO-ALI-Barcelona-2023-3-scaled.jpg","datePublished":"2022-02-02T22:47:00+00:00","dateModified":"2025-05-02T07:47:24+00:00","description":"Descubre las mejores recomendaciones para reformar el ba\u00f1o, desde distribuci\u00f3n y mobiliario hasta iluminaci\u00f3n y dise\u00f1o eficiente.","breadcrumb":{"@id":"https:\/\/inandoutarchitects.com\/recomendaciones-para-reformar-bano\/#breadcrumb"},"inLanguage":"ca","potentialAction":[{"@type":"ReadAction","target":["https:\/\/inandoutarchitects.com\/recomendaciones-para-reformar-bano\/"]}]},{"@type":"ImageObject","inLanguage":"ca","@id":"https:\/\/inandoutarchitects.com\/recomendaciones-para-reformar-bano\/#primaryimage","url":"https:\/\/inandoutarchitects.com\/wp-content\/uploads\/2023\/12\/BANO-ALI-Barcelona-2023-3-scaled.jpg","contentUrl":"https:\/\/inandoutarchitects.com\/wp-content\/uploads\/2023\/12\/BANO-ALI-Barcelona-2023-3-scaled.jpg","width":1444,"height":2560,"caption":"reforma ba\u00f1o barcelona"},{"@type":"BreadcrumbList","@id":"https:\/\/inandoutarchitects.com\/recomendaciones-para-reformar-bano\/#breadcrumb","itemListElement":[{"@type":"ListItem","position":1,"name":"Portada","item":"https:\/\/inandoutarchitects.com\/"},{"@type":"ListItem","position":2,"name":"RECOMENDACIONES PARA REFORMAR EL BA\u00d1O"}]},{"@type":"WebSite","@id":"https:\/\/inandoutarchitects.com\/#website","url":"https:\/\/inandoutarchitects.com\/","name":"In&amp;Out Architects,","description":"","publisher":{"@id":"https:\/\/inandoutarchitects.com\/#organization"},"potentialAction":[{"@type":"SearchAction","target":{"@type":"EntryPoint","urlTemplate":"https:\/\/inandoutarchitects.com\/?s={search_term_string}"},"query-input":{"@type":"PropertyValueSpecification","valueRequired":true,"valueName":"search_term_string"}}],"inLanguage":"ca"},{"@type":"Organization","@id":"https:\/\/inandoutarchitects.com\/#organization","name":"In&amp;Out Architects,","url":"https:\/\/inandoutarchitects.com\/","logo":{"@type":"ImageObject","inLanguage":"ca","@id":"https:\/\/inandoutarchitects.com\/#\/schema\/logo\/image\/","url":"https:\/\/inandoutarchitects.com\/wp-content\/uploads\/2023\/08\/cropped-Enmascarar-grupo-8.png","contentUrl":"https:\/\/inandoutarchitects.com\/wp-content\/uploads\/2023\/08\/cropped-Enmascarar-grupo-8.png","width":83,"height":83,"caption":"In&amp;Out Architects"},"image":{"@id":"https:\/\/inandoutarchitects.com\/#\/schema\/logo\/image\/"}},{"@type":"Person","@id":"https:\/\/inandoutarchitects.com\/#\/schema\/person\/292e3263f0aea9984c4295935178554a","name":"In&amp;Out Architects,","image":{"@type":"ImageObject","inLanguage":"ca","@id":"https:\/\/secure.gravatar.com\/avatar\/178e3b4da81df952ecf530155c11623ff7880803ec5ed98698457e47aee069a4?s=96&d=mm&r=g","url":"https:\/\/secure.gravatar.com\/avatar\/178e3b4da81df952ecf530155c11623ff7880803ec5ed98698457e47aee069a4?s=96&d=mm&r=g","contentUrl":"https:\/\/secure.gravatar.com\/avatar\/178e3b4da81df952ecf530155c11623ff7880803ec5ed98698457e47aee069a4?s=96&d=mm&r=g","caption":"In&amp;Out Architects"},"url":"https:\/\/inandoutarchitects.com\/ca\/author\/usuario\/"}]}},"jetpack_featured_media_url":"https:\/\/inandoutarchitects.com\/wp-content\/uploads\/2023\/12\/BANO-ALI-Barcelona-2023-3-scaled.jpg","jetpack_sharing_enabled":true,"_links":{"self":[{"href":"https:\/\/inandoutarchitects.com\/ca\/wp-json\/wp\/v2\/posts\/856","targetHints":{"allow":["GET"]}}],"collection":[{"href":"https:\/\/inandoutarchitects.com\/ca\/wp-json\/wp\/v2\/posts"}],"about":[{"href":"https:\/\/inandoutarchitects.com\/ca\/wp-json\/wp\/v2\/types\/post"}],"author":[{"embeddable":true,"href":"https:\/\/inandoutarchitects.com\/ca\/wp-json\/wp\/v2\/users\/2"}],"replies":[{"embeddable":true,"href":"https:\/\/inandoutarchitects.com\/ca\/wp-json\/wp\/v2\/comments?post=856"}],"version-history":[{"count":12,"href":"https:\/\/inandoutarchitects.com\/ca\/wp-json\/wp\/v2\/posts\/856\/revisions"}],"predecessor-version":[{"id":2687,"href":"https:\/\/inandoutarchitects.com\/ca\/wp-json\/wp\/v2\/posts\/856\/revisions\/2687"}],"wp:featuredmedia":[{"embeddable":true,"href":"https:\/\/inandoutarchitects.com\/ca\/wp-json\/wp\/v2\/media\/2071"}],"wp:attachment":[{"href":"https:\/\/inandoutarchitects.com\/ca\/wp-json\/wp\/v2\/media?parent=856"}],"wp:term":[{"taxonomy":"category","embeddable":true,"href":"https:\/\/inandoutarchitects.com\/ca\/wp-json\/wp\/v2\/categories?post=856"},{"taxonomy":"post_tag","embeddable":true,"href":"https:\/\/inandoutarchitects.com\/ca\/wp-json\/wp\/v2\/tags?post=856"}],"curies":[{"name":"wp","href":"https:\/\/api.w.org\/{rel}","templated":true}]}}