{"id":826,"date":"2022-01-26T22:34:00","date_gmt":"2022-01-26T22:34:00","guid":{"rendered":"https:\/\/inandoutarchitects.com\/?p=826"},"modified":"2025-05-02T07:47:28","modified_gmt":"2025-05-02T07:47:28","slug":"consejos-reforma-cocina","status":"publish","type":"post","link":"https:\/\/inandoutarchitects.com\/ca\/consejos-reforma-cocina\/","title":{"rendered":"RECOMENDACIONES PARA LA REFORMA DE LA COCINA"},"content":{"rendered":"<div style=\"height:40px\" aria-hidden=\"true\" class=\"wp-block-spacer\"><\/div>\n\n\n\n<p><strong>La reforma de la cocina<\/strong> puede representar una renovaci\u00f3n emocionante y transformadora del hogar. Sin embargo, para que esta transformaci\u00f3n sea un \u00e9xito se requiere una planificaci\u00f3n meticulosa y atenci\u00f3n a todos los detalles.<\/p>\n\n\n\n<p>Qu\u00e9 duda cabe que la cocina es el coraz\u00f3n de la casa, y <a href=\"https:\/\/inandoutarchitects.com\/ca\/que-reformar-primero-piso\/\" target=\"_blank\" rel=\"noreferrer noopener\">uno de los espacios que m\u00e1s necesitan de reforma<\/a>. En esta estancia, adem\u00e1s de preparar la comida, se re\u00fane la familia compartiendo momentos inolvidables. Por eso, <strong>en In&amp;Out Architects <\/strong>nos gusta cuidar los detalles para crear una atm\u00f3sfera de convivencia.<\/p>\n\n\n\n<div style=\"height:40px\" aria-hidden=\"true\" class=\"wp-block-spacer\"><\/div>\n\n\n\n<h2 class=\"wp-block-heading has-text-align-center has-background\" style=\"background-color:#f1c400\"><strong><strong>3 aspectos fundamentales para la reforma de la cocina<\/strong><\/strong><\/h2>\n\n\n\n<div style=\"height:35px\" aria-hidden=\"true\" class=\"wp-block-spacer\"><\/div>\n\n\n\n<p>Al <strong>planificar la reforma de la cocina<\/strong> se pretende que el resultado final sea tanto funcional como est\u00e9ticamente agradable. Para conseguirlo es importante tener en cuenta 3 aspectos esenciales:<\/p>\n\n\n\n<ol class=\"wp-block-list\">\n<li>La distribuci\u00f3n del espacio.&nbsp;<\/li>\n\n\n\n<li>La elecci\u00f3n de los materiales y mobiliario.<\/li>\n\n\n\n<li>La selecci\u00f3n y colocaci\u00f3n de los electrodom\u00e9sticos.<\/li>\n<\/ol>\n\n\n\n<div style=\"height:42px\" aria-hidden=\"true\" class=\"wp-block-spacer\"><\/div>\n\n\n<div class=\"wp-block-image\">\n<figure class=\"aligncenter size-full is-resized\"><img fetchpriority=\"high\" decoding=\"async\" width=\"1024\" height=\"473\" src=\"https:\/\/inandoutarchitects.com\/wp-content\/uploads\/2023\/09\/06-cocinas-1024x473-1.jpg\" alt=\"Dise\u00f1o cocina\" class=\"wp-image-828\" style=\"width:762px;height:352px\" title=\"Dise\u00f1o cocina\" srcset=\"https:\/\/inandoutarchitects.com\/wp-content\/uploads\/2023\/09\/06-cocinas-1024x473-1.jpg 1024w, https:\/\/inandoutarchitects.com\/wp-content\/uploads\/2023\/09\/06-cocinas-1024x473-1-600x277.jpg 600w, https:\/\/inandoutarchitects.com\/wp-content\/uploads\/2023\/09\/06-cocinas-1024x473-1-300x139.jpg 300w, https:\/\/inandoutarchitects.com\/wp-content\/uploads\/2023\/09\/06-cocinas-1024x473-1-768x355.jpg 768w\" sizes=\"(max-width: 1024px) 100vw, 1024px\" \/><\/figure>\n<\/div>\n\n\n<div style=\"height:36px\" aria-hidden=\"true\" class=\"wp-block-spacer\"><\/div>\n\n\n\n<h3 class=\"wp-block-heading\"><strong>Distribuci\u00f3n del espacio en la cocina<\/strong><\/h3>\n\n\n\n<div style=\"height:36px\" aria-hidden=\"true\" class=\"wp-block-spacer\"><\/div>\n\n\n\n<p>La \u00f3ptima <strong>distribuci\u00f3n del espacio en la cocina<\/strong> est\u00e1 estrechamente ligada con las 3 actividades principales que se realizan en ella:<\/p>\n\n\n\n<ul class=\"wp-block-list\">\n<li><strong>Cocci\u00f3n<\/strong>: determinar\u00e1 el lugar para colocar la placa o cocina.<\/li>\n\n\n\n<li><strong>Limpieza<\/strong>: determinar\u00e1 d\u00f3nde situar el fregadero.<\/li>\n\n\n\n<li><strong>Refrigeraci\u00f3n<\/strong>: situar\u00e1 el emplazamiento de la nevera.<\/li>\n<\/ul>\n\n\n\n<p>Normalmente, la mejor manera de distribuir estas zonas es formando un tri\u00e1ngulo. Sin embargo, la forma de la estancia determinar\u00e1 su viabilidad. Por ejemplo, ser\u00e1 imposible en las <strong>cocinas lineales<\/strong>, donde todos los muebles y electrodom\u00e9sticos est\u00e1n alineados en una sola pared.&nbsp;<\/p>\n\n\n\n<div style=\"height:44px\" aria-hidden=\"true\" class=\"wp-block-spacer\"><\/div>\n\n\n<div class=\"wp-block-image\">\n<figure class=\"aligncenter size-full is-resized\"><img decoding=\"async\" width=\"1024\" height=\"783\" src=\"https:\/\/inandoutarchitects.com\/wp-content\/uploads\/2023\/09\/01-PLANTAS-1024x783-1.jpg\" alt=\"Dise\u00f1o cocina\" class=\"wp-image-827\" style=\"width:654px;height:500px\" title=\"Dise\u00f1o cocina\" srcset=\"https:\/\/inandoutarchitects.com\/wp-content\/uploads\/2023\/09\/01-PLANTAS-1024x783-1.jpg 1024w, https:\/\/inandoutarchitects.com\/wp-content\/uploads\/2023\/09\/01-PLANTAS-1024x783-1-600x459.jpg 600w, https:\/\/inandoutarchitects.com\/wp-content\/uploads\/2023\/09\/01-PLANTAS-1024x783-1-300x229.jpg 300w, https:\/\/inandoutarchitects.com\/wp-content\/uploads\/2023\/09\/01-PLANTAS-1024x783-1-768x587.jpg 768w\" sizes=\"(max-width: 1024px) 100vw, 1024px\" \/><\/figure>\n<\/div>\n\n\n<div style=\"height:49px\" aria-hidden=\"true\" class=\"wp-block-spacer\"><\/div>\n\n\n\n<p>Este tipo de repartici\u00f3n seguida es ideal para espacios largos y estrechos. Si da lugar, conviene dejar el mayor espacio posible entre el fregadero y la placa de cocina. Esto permitir\u00e1 dar una mayor dimensi\u00f3n a la encimera, la principal zona de trabajo.&nbsp;<\/p>\n\n\n\n<p><strong>La cocina puede incluir comedor <\/strong>diario y\/o lugar de desayuno. En ese caso, es indispensable calcular correctamente las zonas de paso para evitar que interfiera en la <strong>preparaci\u00f3n de alimentos<\/strong>.<\/p>\n\n\n\n<div style=\"height:44px\" aria-hidden=\"true\" class=\"wp-block-spacer\"><\/div>\n\n\n\n<h2 class=\"wp-block-heading has-text-align-center has-background\" style=\"background-color:#f1c400\"><strong><strong><strong>Consideraciones para elegir el mobiliario<\/strong><\/strong><\/strong><\/h2>\n\n\n\n<div style=\"height:43px\" aria-hidden=\"true\" class=\"wp-block-spacer\"><\/div>\n\n\n\n<p>A <strong>la reforma de la cocina<\/strong>, la elecci\u00f3n del<strong> mobiliario<\/strong> <strong>de la cocina<\/strong> debe reflejar un estilo personal. Y adem\u00e1s debe ir en consonancia con el dise\u00f1o general del resto de la vivienda. Las opciones pueden variar desde el minimalismo, al estilo moderno, r\u00fastico o tradicional.<\/p>\n\n\n\n<p>Lo m\u00e1s aconsejable es saber aprovechar al m\u00e1ximo el espacio disponible, especialmente si se trata de <strong>cocinas peque\u00f1as.<\/strong> En este caso, recomendamos los armarios esquineros, los cajones profundos y las estanter\u00edas extra\u00edbles.<\/p>\n\n\n\n<p>En relaci\u00f3n al presupuesto, hoy en d\u00eda es f\u00e1cil encontrar un equilibrio entre calidad y coste. Existen en el mercado gran variedad de opciones asequibles a cualquier presupuesto.&nbsp;<\/p>\n\n\n\n<div style=\"height:49px\" aria-hidden=\"true\" class=\"wp-block-spacer\"><\/div>\n\n\n<div class=\"wp-block-image\">\n<figure class=\"aligncenter size-full is-resized\"><img decoding=\"async\" width=\"1024\" height=\"903\" src=\"https:\/\/inandoutarchitects.com\/wp-content\/uploads\/2023\/09\/02-cajon-puerta-1024x903-1.jpg\" alt=\"Dise\u00f1o cocina\" class=\"wp-image-830\" style=\"width:709px;height:625px\" title=\"Dise\u00f1o cocina\" srcset=\"https:\/\/inandoutarchitects.com\/wp-content\/uploads\/2023\/09\/02-cajon-puerta-1024x903-1.jpg 1024w, https:\/\/inandoutarchitects.com\/wp-content\/uploads\/2023\/09\/02-cajon-puerta-1024x903-1-600x529.jpg 600w, https:\/\/inandoutarchitects.com\/wp-content\/uploads\/2023\/09\/02-cajon-puerta-1024x903-1-300x265.jpg 300w, https:\/\/inandoutarchitects.com\/wp-content\/uploads\/2023\/09\/02-cajon-puerta-1024x903-1-768x677.jpg 768w\" sizes=\"(max-width: 1024px) 100vw, 1024px\" \/><\/figure>\n<\/div>\n\n\n<div style=\"height:37px\" aria-hidden=\"true\" class=\"wp-block-spacer\"><\/div>\n\n\n\n<p>Destacaremos algunas alternativas de diferentes materiales y tipos de mobiliario.<\/p>\n\n\n\n<div style=\"height:37px\" aria-hidden=\"true\" class=\"wp-block-spacer\"><\/div>\n\n\n\n<h3 class=\"wp-block-heading\"><strong>5 Tipos de mobiliario de cocina: ventajas y materiales recomendados<\/strong>.<\/h3>\n\n\n\n<div style=\"height:49px\" aria-hidden=\"true\" class=\"wp-block-spacer\"><\/div>\n\n\n\n<ol class=\"wp-block-list\">\n<li><strong>Armarios y alacenas de MDF, madera maciza y laminados de alta presi\u00f3n: <\/strong>son elementos esenciales para el almacenamiento y deben ser resistentes adem\u00e1s de est\u00e9ticos. Estos materiales tienen durabilidad, son de f\u00e1cil mantenimiento y los hay de todos los estilos y colores. Por orden de m\u00e1s econ\u00f3mico a menos seria: laminados, estratificados, maderas y lacados.<\/li>\n\n\n\n<li><a href=\"https:\/\/www.arredo3.es\/guias\/materiales-para-encimeras\" target=\"_blank\" rel=\"noreferrer noopener\"><strong>Encimeras de granito, cuarzo, acero inoxidable, laminado o madera tratada<\/strong><\/a><strong>: <\/strong>puesto que es una zona de trabajo que soporta un uso intensivo, deben ser pr\u00e1cticas y f\u00e1ciles de limpiar. Y cuanto m\u00e1s resistentes a las manchas, al calor y los rayones, mejor. Tenemos marcas como Levantina, Cosentino o The Size en el mercado con m\u00faltiples opciones d\u00f3nde cada una tiene sus ventajas y desventajas.<\/li>\n\n\n\n<li><strong>Islas de cocina multifuncionales: <\/strong>suelen ser del mismo material que las encimeras. Es un espacio adicional para trabajar y puede incluir asientos o electrodom\u00e9sticos integrados como vinotecas.<\/li>\n\n\n\n<li><strong>Estantes abiertos de madera, vidrio o metal: <\/strong>son ideales para cocinas peque\u00f1as y para a\u00f1adir objetos de decoraci\u00f3n. Facilitan el acceso a la vajilla o utensilios y crean sensaci\u00f3n de amplitud.<\/li>\n\n\n\n<li><a href=\"https:\/\/arcococinas.com\/tecnologia-integrada-para-conseguir-una-cocina-inteligente\/\" target=\"_blank\" rel=\"noreferrer noopener\"><strong>Muebles con tecnolog\u00eda integrada<\/strong><\/a><strong>: <\/strong>los muebles con cargadores inal\u00e1mbricos, enchufes ocultos, iluminaci\u00f3n LED, controles t\u00e1ctiles, etc., mejoran la funcionalidad y la convivencia. Es una forma de crear un espacio moderno que facilite las tareas cotidianas.&nbsp;<\/li>\n<\/ol>\n\n\n\n<div style=\"height:49px\" aria-hidden=\"true\" class=\"wp-block-spacer\"><\/div>\n\n\n<div class=\"wp-block-image\">\n<figure class=\"aligncenter size-full is-resized\"><img loading=\"lazy\" decoding=\"async\" width=\"1024\" height=\"903\" src=\"https:\/\/inandoutarchitects.com\/wp-content\/uploads\/2023\/09\/04-puerta-practicable-altos-1024x903-1.jpg\" alt=\"Dise\u00f1o cocina\" class=\"wp-image-832\" style=\"width:500px;height:441px\" title=\"Dise\u00f1o cocina\" srcset=\"https:\/\/inandoutarchitects.com\/wp-content\/uploads\/2023\/09\/04-puerta-practicable-altos-1024x903-1.jpg 1024w, https:\/\/inandoutarchitects.com\/wp-content\/uploads\/2023\/09\/04-puerta-practicable-altos-1024x903-1-600x529.jpg 600w, https:\/\/inandoutarchitects.com\/wp-content\/uploads\/2023\/09\/04-puerta-practicable-altos-1024x903-1-300x265.jpg 300w, https:\/\/inandoutarchitects.com\/wp-content\/uploads\/2023\/09\/04-puerta-practicable-altos-1024x903-1-768x677.jpg 768w\" sizes=\"(max-width: 1024px) 100vw, 1024px\" \/><\/figure>\n<\/div>\n\n\n<div style=\"height:48px\" aria-hidden=\"true\" class=\"wp-block-spacer\"><\/div>\n\n\n\n<h2 class=\"wp-block-heading has-text-align-center has-background\" style=\"background-color:#f1c400\"><strong><strong><strong><strong>\u00bfQu\u00e9 electrodom\u00e9sticos son indispensables en la reforma de la cocina?<\/strong><\/strong><\/strong><\/strong><\/h2>\n\n\n\n<div style=\"height:46px\" aria-hidden=\"true\" class=\"wp-block-spacer\"><\/div>\n\n\n\n<p>Uno de los componentes clave en la <strong>reforma de la cocina<\/strong> es la selecci\u00f3n de los <strong>electrodom\u00e9sticos<\/strong>.&nbsp;<\/p>\n\n\n\n<p>Se trata de elegir aquellos <strong>electrodom\u00e9sticos<\/strong> imprescindibles que satisfagan las necesidades diarias, se ajusten al presupuesto y aporten una mejora de la est\u00e9tica.<\/p>\n\n\n\n<div style=\"height:44px\" aria-hidden=\"true\" class=\"wp-block-spacer\"><\/div>\n\n\n\n<h3 class=\"wp-block-heading\"><strong>Electrodom\u00e9sticos indispensables en una cocina actual<\/strong><\/h3>\n\n\n\n<div style=\"height:52px\" aria-hidden=\"true\" class=\"wp-block-spacer\"><\/div>\n\n\n\n<ul class=\"wp-block-list\">\n<li><strong>Nevera\/congelador: <\/strong>es importante valorar la capacidad, el tipo de puerta (francesa, doble, lado a lado) y el congelador exterior\/interior. Asimismo, determinar otras prestaciones como el dispensador de agua o hielo, control de temperatura, transparencia de las puertas.<\/li>\n\n\n\n<li><strong>Horno: <\/strong>se puede elegir entre varias opciones: de gas o el\u00e9ctrico. Y hornos dobles o con funciones de convecci\u00f3n. Estos \u00faltimos incorporan un ventilador que permite cocinar de manera m\u00e1s r\u00e1pida y sencilla.<\/li>\n\n\n\n<li><strong>Placa de cocci\u00f3n: <\/strong>pueden ser de gas, vitrocer\u00e1mica o inducci\u00f3n. Incluso ahora hay en el mercado modelos mixtos de gas e inducci\u00f3n, o gas y vitrocer\u00e1mica.<\/li>\n\n\n\n<li><strong>Lavavajillas: <\/strong>son recomendables los modelos silenciosos, programables y eficientes, que tengan m\u00faltiples ciclos de lavado.<\/li>\n\n\n\n<li><strong>Campana extractora: <\/strong>es un elemento importante para la ventilaci\u00f3n. Recomendamos elegir una campana de buena potencia, lo m\u00e1s silenciosa posible y con un dise\u00f1o acorde al de la cocina.<\/li>\n\n\n\n<li><strong>Microondas: <\/strong>puede estar integrado en el mobiliario o ser de sobremesa. En funci\u00f3n del uso que se le quiera dar, tendr\u00e1 m\u00e1s o menos prestaciones.&nbsp;<\/li>\n\n\n\n<li><strong>Peque\u00f1os electrodom\u00e9sticos: <\/strong>los utensilios como batidoras, cafeteras, robots de cocina, etc., deben ser preferentemente funcionales, y, si est\u00e1n acordes con el estilo de la cocina, mejor.<\/li>\n<\/ul>\n\n\n\n<div style=\"height:40px\" aria-hidden=\"true\" class=\"wp-block-spacer\"><\/div>\n\n\n<div class=\"wp-block-image\">\n<figure class=\"aligncenter size-full is-resized\"><img loading=\"lazy\" decoding=\"async\" width=\"1024\" height=\"604\" src=\"https:\/\/inandoutarchitects.com\/wp-content\/uploads\/2023\/09\/03-posicion-horno-1024x604-1.jpg\" alt=\"Dise\u00f1o cocina\" class=\"wp-image-831\" style=\"width:673px;height:397px\" title=\"Dise\u00f1o cocina\" srcset=\"https:\/\/inandoutarchitects.com\/wp-content\/uploads\/2023\/09\/03-posicion-horno-1024x604-1.jpg 1024w, https:\/\/inandoutarchitects.com\/wp-content\/uploads\/2023\/09\/03-posicion-horno-1024x604-1-600x354.jpg 600w, https:\/\/inandoutarchitects.com\/wp-content\/uploads\/2023\/09\/03-posicion-horno-1024x604-1-300x177.jpg 300w, https:\/\/inandoutarchitects.com\/wp-content\/uploads\/2023\/09\/03-posicion-horno-1024x604-1-768x453.jpg 768w\" sizes=\"(max-width: 1024px) 100vw, 1024px\" \/><\/figure>\n<\/div>\n\n\n<div style=\"height:38px\" aria-hidden=\"true\" class=\"wp-block-spacer\"><\/div>\n\n\n\n<h3 class=\"wp-block-heading\"><strong><strong>Aspectos b\u00e1sicos en la selecci\u00f3n de electrodom\u00e9sticos en la reforma de la cocina<\/strong><\/strong><\/h3>\n\n\n\n<p>Las necesidades y el estilo de vida determinan qu\u00e9 tipo de <strong>electrodom\u00e9sticos<\/strong> son esenciales a la hora de pensar en la <strong>reforma de la cocina<\/strong>. Tambi\u00e9n hay que tener en cuenta el n\u00famero de personas que vayan a utilizarlos y con qu\u00e9 frecuencia.&nbsp;<\/p>\n\n\n\n<p>Naturalmente, los h\u00e1bitos culinarios de cada usuario tambi\u00e9n influyen en la selecci\u00f3n de hornos, cocina, microondas, etc. Algo que es imprescindible para un cocinero, o para incluso un cocinitas, no lo es para quien apenas come en casa.<\/p>\n\n\n\n<p>Tambi\u00e9n el espacio puede ser un h\u00e1ndicap. Por eso, para lograr el ajuste perfecto de los <strong>electrodom\u00e9sticos<\/strong> en el mobiliario, recomendamos que sean los profesionales quienes tomen las medidas.&nbsp;<\/p>\n\n\n\n<div style=\"height:49px\" aria-hidden=\"true\" class=\"wp-block-spacer\"><\/div>\n\n\n\n<h4 class=\"wp-block-heading\"><strong><strong><strong>5 Recomendaciones adicionales para la elecci\u00f3n de electrodom\u00e9sticos<\/strong><\/strong><\/strong><\/h4>\n\n\n\n<div style=\"height:44px\" aria-hidden=\"true\" class=\"wp-block-spacer\"><\/div>\n\n\n\n<ol class=\"wp-block-list\">\n<li><strong>Eficiencia energ\u00e9tica: <\/strong>Ayudan a reducir el impacto ambiental y reducen costes de energ\u00eda a largo plazo.<\/li>\n\n\n\n<li><strong>Fiabilidad de la marca: <\/strong>Conviene asegurarse de que la marca ofrece buenas garant\u00edas y un eficiente servicio de atenci\u00f3n al cliente.&nbsp;<\/li>\n\n\n\n<li><strong>Ruido: <\/strong>Elige modelos silenciosos o con niveles bajos de ruido.<\/li>\n\n\n\n<li><strong>Limpieza y mantenimiento: <\/strong>escoge electrodom\u00e9sticos con superficies f\u00e1ciles de limpiar, con servicio t\u00e9cnico para reparaciones y repuestos para su mantenimiento.<\/li>\n\n\n\n<li><strong>Seguridad: <\/strong>recomendamos aquellos que tienen funciones como el apagado autom\u00e1tico, protecci\u00f3n de sobrecalentamiento y cerraduras de seguridad, especialmente en hogares con ni\u00f1os.&nbsp;<\/li>\n<\/ol>\n\n\n\n<div style=\"height:40px\" aria-hidden=\"true\" class=\"wp-block-spacer\"><\/div>\n\n\n\n<h2 class=\"wp-block-heading has-text-align-center has-light-green-cyan-background-color has-background\"><strong><strong><strong><strong><strong>Conclusiones<\/strong><\/strong><\/strong><\/strong><\/strong><\/h2>\n\n\n\n<div style=\"height:45px\" aria-hidden=\"true\" class=\"wp-block-spacer\"><\/div>\n\n\n\n<p>\u00bfQu\u00e9 es mejor, muebles bajos con puertas o con cajones? \u00bfQu\u00e9 tipo de separadores, organizadores incluir en los armarios? \u00bfEs mejor una columna para el horno y el microondas? \u00bfQu\u00e9 mecanismo de apertura de puertas pongo en los muebles de mi cocina?: \u00bfBatiente? \u00bfAbatible vertical? \u00bfExtra\u00edble? \u00bfTipo persiana?\u00bfEscamoteable? \u00bfCorredera? \u00bfMe cabe una isla?<\/p>\n\n\n\n<div style=\"height:40px\" aria-hidden=\"true\" class=\"wp-block-spacer\"><\/div>\n\n\n<div class=\"wp-block-image\">\n<figure class=\"aligncenter size-full is-resized\"><img loading=\"lazy\" decoding=\"async\" width=\"1024\" height=\"454\" src=\"https:\/\/inandoutarchitects.com\/wp-content\/uploads\/2023\/09\/05-puerta-abatible-altos-1024x454-1.jpg\" alt=\"Dise\u00f1o cocina\" class=\"wp-image-829\" style=\"width:735px;height:326px\" title=\"Dise\u00f1o cocina\" srcset=\"https:\/\/inandoutarchitects.com\/wp-content\/uploads\/2023\/09\/05-puerta-abatible-altos-1024x454-1.jpg 1024w, https:\/\/inandoutarchitects.com\/wp-content\/uploads\/2023\/09\/05-puerta-abatible-altos-1024x454-1-600x266.jpg 600w, https:\/\/inandoutarchitects.com\/wp-content\/uploads\/2023\/09\/05-puerta-abatible-altos-1024x454-1-300x133.jpg 300w, https:\/\/inandoutarchitects.com\/wp-content\/uploads\/2023\/09\/05-puerta-abatible-altos-1024x454-1-768x341.jpg 768w\" sizes=\"(max-width: 1024px) 100vw, 1024px\" \/><\/figure>\n<\/div>\n\n\n<div style=\"height:39px\" aria-hidden=\"true\" class=\"wp-block-spacer\"><\/div>\n\n\n\n<p>Son muchas las dudas que surgen a la hora de plantear la <strong><a href=\"https:\/\/smartcuines.com\/\" target=\"_blank\" rel=\"noreferrer noopener\">reforma de la cocina<\/a><\/strong>. Son cuestiones que agobian incluso antes de empezar con la renovaci\u00f3n.<\/p>\n\n\n\n<p>Si quieres disfrutar de la reforma de tu cocina y dormir pl\u00e1cidamente porque sabes que est\u00e1s en buenas manos, conf\u00eda en <strong>In&amp;Out Architects,<\/strong>.<\/p>\n\n\n\n<p>Somos arquitectas e interioristas con experiencia y empat\u00eda. Visualiza c\u00f3mo quieres tu cocina y ponte en contacto con nosotras a trav\u00e9s de <a href=\"https:\/\/inandoutarchitects.com\/ca\/consultorias\/\" target=\"_blank\" rel=\"noreferrer noopener\"><strong>nuestro Servicio de Consultor\u00eda<\/strong><\/a>. No esperes ni un minuto m\u00e1s.<\/p>\n\n\n\n<div style=\"height:76px\" aria-hidden=\"true\" class=\"wp-block-spacer\"><\/div>\n\n\n<div class=\"wp-block-image\">\n<figure class=\"aligncenter size-large is-resized\"><a href=\"https:\/\/inandoutarchitects.com\/ca\/nosotras\/\" target=\"_blank\" rel=\"noreferrer noopener\"><img loading=\"lazy\" decoding=\"async\" width=\"1024\" height=\"1024\" src=\"https:\/\/inandoutarchitects.com\/wp-content\/uploads\/2023\/09\/OFIJ3758-1024x1024.jpg\" alt=\"In&amp;Out Architects\" class=\"wp-image-981\" style=\"width:416px;height:auto\" srcset=\"https:\/\/inandoutarchitects.com\/wp-content\/uploads\/2023\/09\/OFIJ3758-1024x1024.jpg 1024w, https:\/\/inandoutarchitects.com\/wp-content\/uploads\/2023\/09\/OFIJ3758-300x300.jpg 300w, https:\/\/inandoutarchitects.com\/wp-content\/uploads\/2023\/09\/OFIJ3758-100x100.jpg 100w, https:\/\/inandoutarchitects.com\/wp-content\/uploads\/2023\/09\/OFIJ3758-600x600.jpg 600w, https:\/\/inandoutarchitects.com\/wp-content\/uploads\/2023\/09\/OFIJ3758-150x150.jpg 150w, https:\/\/inandoutarchitects.com\/wp-content\/uploads\/2023\/09\/OFIJ3758-768x768.jpg 768w, https:\/\/inandoutarchitects.com\/wp-content\/uploads\/2023\/09\/OFIJ3758-650x650.jpg 650w, https:\/\/inandoutarchitects.com\/wp-content\/uploads\/2023\/09\/OFIJ3758.jpg 1134w\" sizes=\"(max-width: 1024px) 100vw, 1024px\" \/><\/a><figcaption class=\"wp-element-caption\">In&amp;Out Architects,<\/figcaption><\/figure>\n<\/div>\n\n\n<div style=\"height:78px\" aria-hidden=\"true\" class=\"wp-block-spacer\"><\/div>\n\n\n\n<p><\/p>","protected":false},"excerpt":{"rendered":"<p>Planifica la reforma de la cocina con estos consejos sobre distribuci\u00f3n, mobiliario y electrodom\u00e9sticos. Haz de tu cocina un espacio funcional y est\u00e9tico.<\/p>","protected":false},"author":2,"featured_media":2056,"comment_status":"closed","ping_status":"closed","sticky":false,"template":"","format":"standard","meta":{"inline_featured_image":false,"_monsterinsights_skip_tracking":false,"_monsterinsights_sitenote_active":false,"_monsterinsights_sitenote_note":"","_monsterinsights_sitenote_category":0,"_uf_show_specific_survey":0,"_uf_disable_surveys":false,"_jetpack_memberships_contains_paid_content":false,"footnotes":""},"categories":[10,12,1],"tags":[367,371,375,369,379,376,377,378,366,374,372,368,373,39,365,370],"class_list":["post-826","post","type-post","status-publish","format-standard","has-post-thumbnail","hentry","category-cocina","category-interiorismo","category-uncategorized","tag-coccion","tag-cocinas-lineales","tag-cocinas-pequenas","tag-distribucion-en-una-cocina","tag-electrodomesticos","tag-espacio-de-encimera","tag-fregadero","tag-la-cocina-puede-incluir-comedor","tag-limpieza","tag-mobiliario-de-la-cocina","tag-placa-de-cocina","tag-planificar-la-reforma-de-una-cocina","tag-preparacion-de-alimentos","tag-reforma","tag-reformar-la-cocina","tag-refrigeracion"],"yoast_head":"<!-- This site is optimized with the Yoast SEO plugin v27.5 - https:\/\/yoast.com\/product\/yoast-seo-wordpress\/ -->\n<title>RECOMENDACIONES PARA LA REFORMA DE LA COCINA - In&amp;Out Architects<\/title>\n<meta name=\"description\" content=\"Planifica la reforma de la cocina con estos consejos sobre distribuci\u00f3n, mobiliario y electrodom\u00e9sticos. Haz de tu cocina un espacio funcional y est\u00e9tico.\" \/>\n<meta name=\"robots\" content=\"index, follow, max-snippet:-1, max-image-preview:large, max-video-preview:-1\" \/>\n<link rel=\"canonical\" href=\"https:\/\/inandoutarchitects.com\/ca\/consejos-reforma-cocina\/\" \/>\n<meta property=\"og:locale\" content=\"ca_ES\" \/>\n<meta property=\"og:type\" content=\"article\" \/>\n<meta property=\"og:title\" content=\"RECOMENDACIONES PARA LA REFORMA DE LA COCINA - In&amp;Out Architects\" \/>\n<meta property=\"og:description\" content=\"Planifica la reforma de la cocina con estos consejos sobre distribuci\u00f3n, mobiliario y electrodom\u00e9sticos. Haz de tu cocina un espacio funcional y est\u00e9tico.\" \/>\n<meta property=\"og:url\" content=\"https:\/\/inandoutarchitects.com\/ca\/consejos-reforma-cocina\/\" \/>\n<meta property=\"og:site_name\" content=\"In&amp;Out Architects\" \/>\n<meta property=\"article:published_time\" content=\"2022-01-26T22:34:00+00:00\" \/>\n<meta property=\"article:modified_time\" content=\"2025-05-02T07:47:28+00:00\" \/>\n<meta property=\"og:image\" content=\"https:\/\/inandoutarchitects.com\/wp-content\/uploads\/2023\/12\/COCINA-OLG-Barcelona-2021-1.jpg\" \/>\n\t<meta property=\"og:image:width\" content=\"2048\" \/>\n\t<meta property=\"og:image:height\" content=\"1536\" \/>\n\t<meta property=\"og:image:type\" content=\"image\/jpeg\" \/>\n<meta name=\"author\" content=\"In&amp;Out Architects\" \/>\n<meta name=\"twitter:card\" content=\"summary_large_image\" \/>\n<meta name=\"twitter:label1\" content=\"Escrit per\" \/>\n\t<meta name=\"twitter:data1\" content=\"In&amp;Out Architects\" \/>\n\t<meta name=\"twitter:label2\" content=\"Temps estimat de lectura\" \/>\n\t<meta name=\"twitter:data2\" content=\"8 minuts\" \/>\n<script type=\"application\/ld+json\" class=\"yoast-schema-graph\">{\"@context\":\"https:\\\/\\\/schema.org\",\"@graph\":[{\"@type\":\"Article\",\"@id\":\"https:\\\/\\\/inandoutarchitects.com\\\/consejos-reforma-cocina\\\/#article\",\"isPartOf\":{\"@id\":\"https:\\\/\\\/inandoutarchitects.com\\\/consejos-reforma-cocina\\\/\"},\"author\":{\"name\":\"In&amp;Out Architects\",\"@id\":\"https:\\\/\\\/inandoutarchitects.com\\\/#\\\/schema\\\/person\\\/292e3263f0aea9984c4295935178554a\"},\"headline\":\"RECOMENDACIONES PARA LA REFORMA DE LA COCINA\",\"datePublished\":\"2022-01-26T22:34:00+00:00\",\"dateModified\":\"2025-05-02T07:47:28+00:00\",\"mainEntityOfPage\":{\"@id\":\"https:\\\/\\\/inandoutarchitects.com\\\/consejos-reforma-cocina\\\/\"},\"wordCount\":1395,\"publisher\":{\"@id\":\"https:\\\/\\\/inandoutarchitects.com\\\/#organization\"},\"image\":{\"@id\":\"https:\\\/\\\/inandoutarchitects.com\\\/consejos-reforma-cocina\\\/#primaryimage\"},\"thumbnailUrl\":\"https:\\\/\\\/inandoutarchitects.com\\\/wp-content\\\/uploads\\\/2023\\\/12\\\/COCINA-OLG-Barcelona-2021-1.jpg\",\"keywords\":[\"cocci\u00f3n\",\"cocinas lineales\",\"cocinas peque\u00f1as\",\"distribuci\u00f3n en una cocina\",\"electrodom\u00e9sticos\",\"espacio de encimera\",\"fregadero\",\"la cocina puede incluir comedor\",\"limpieza\",\"mobiliario de la cocina\",\"placa de cocina\",\"planificar la reforma de una cocina\",\"preparaci\u00f3n de alimentos\",\"reforma\",\"Reformar la cocina\",\"refrigeraci\u00f3n\"],\"articleSection\":[\"Cocina\",\"Interiorismo\",\"Uncategorized\"],\"inLanguage\":\"ca\"},{\"@type\":\"WebPage\",\"@id\":\"https:\\\/\\\/inandoutarchitects.com\\\/consejos-reforma-cocina\\\/\",\"url\":\"https:\\\/\\\/inandoutarchitects.com\\\/consejos-reforma-cocina\\\/\",\"name\":\"RECOMENDACIONES PARA LA REFORMA DE LA COCINA - In&amp;Out Architects\",\"isPartOf\":{\"@id\":\"https:\\\/\\\/inandoutarchitects.com\\\/#website\"},\"primaryImageOfPage\":{\"@id\":\"https:\\\/\\\/inandoutarchitects.com\\\/consejos-reforma-cocina\\\/#primaryimage\"},\"image\":{\"@id\":\"https:\\\/\\\/inandoutarchitects.com\\\/consejos-reforma-cocina\\\/#primaryimage\"},\"thumbnailUrl\":\"https:\\\/\\\/inandoutarchitects.com\\\/wp-content\\\/uploads\\\/2023\\\/12\\\/COCINA-OLG-Barcelona-2021-1.jpg\",\"datePublished\":\"2022-01-26T22:34:00+00:00\",\"dateModified\":\"2025-05-02T07:47:28+00:00\",\"description\":\"Planifica la reforma de la cocina con estos consejos sobre distribuci\u00f3n, mobiliario y electrodom\u00e9sticos. Haz de tu cocina un espacio funcional y est\u00e9tico.\",\"breadcrumb\":{\"@id\":\"https:\\\/\\\/inandoutarchitects.com\\\/consejos-reforma-cocina\\\/#breadcrumb\"},\"inLanguage\":\"ca\",\"potentialAction\":[{\"@type\":\"ReadAction\",\"target\":[\"https:\\\/\\\/inandoutarchitects.com\\\/consejos-reforma-cocina\\\/\"]}]},{\"@type\":\"ImageObject\",\"inLanguage\":\"ca\",\"@id\":\"https:\\\/\\\/inandoutarchitects.com\\\/consejos-reforma-cocina\\\/#primaryimage\",\"url\":\"https:\\\/\\\/inandoutarchitects.com\\\/wp-content\\\/uploads\\\/2023\\\/12\\\/COCINA-OLG-Barcelona-2021-1.jpg\",\"contentUrl\":\"https:\\\/\\\/inandoutarchitects.com\\\/wp-content\\\/uploads\\\/2023\\\/12\\\/COCINA-OLG-Barcelona-2021-1.jpg\",\"width\":2048,\"height\":1536,\"caption\":\"reforma cocina barcelona\"},{\"@type\":\"BreadcrumbList\",\"@id\":\"https:\\\/\\\/inandoutarchitects.com\\\/consejos-reforma-cocina\\\/#breadcrumb\",\"itemListElement\":[{\"@type\":\"ListItem\",\"position\":1,\"name\":\"Portada\",\"item\":\"https:\\\/\\\/inandoutarchitects.com\\\/\"},{\"@type\":\"ListItem\",\"position\":2,\"name\":\"RECOMENDACIONES PARA LA REFORMA DE LA COCINA\"}]},{\"@type\":\"WebSite\",\"@id\":\"https:\\\/\\\/inandoutarchitects.com\\\/#website\",\"url\":\"https:\\\/\\\/inandoutarchitects.com\\\/\",\"name\":\"In&amp;Out Architects\",\"description\":\"\",\"publisher\":{\"@id\":\"https:\\\/\\\/inandoutarchitects.com\\\/#organization\"},\"potentialAction\":[{\"@type\":\"SearchAction\",\"target\":{\"@type\":\"EntryPoint\",\"urlTemplate\":\"https:\\\/\\\/inandoutarchitects.com\\\/?s={search_term_string}\"},\"query-input\":{\"@type\":\"PropertyValueSpecification\",\"valueRequired\":true,\"valueName\":\"search_term_string\"}}],\"inLanguage\":\"ca\"},{\"@type\":\"Organization\",\"@id\":\"https:\\\/\\\/inandoutarchitects.com\\\/#organization\",\"name\":\"In&amp;Out Architects\",\"url\":\"https:\\\/\\\/inandoutarchitects.com\\\/\",\"logo\":{\"@type\":\"ImageObject\",\"inLanguage\":\"ca\",\"@id\":\"https:\\\/\\\/inandoutarchitects.com\\\/#\\\/schema\\\/logo\\\/image\\\/\",\"url\":\"https:\\\/\\\/inandoutarchitects.com\\\/wp-content\\\/uploads\\\/2023\\\/08\\\/cropped-Enmascarar-grupo-8.png\",\"contentUrl\":\"https:\\\/\\\/inandoutarchitects.com\\\/wp-content\\\/uploads\\\/2023\\\/08\\\/cropped-Enmascarar-grupo-8.png\",\"width\":83,\"height\":83,\"caption\":\"In&amp;Out Architects\"},\"image\":{\"@id\":\"https:\\\/\\\/inandoutarchitects.com\\\/#\\\/schema\\\/logo\\\/image\\\/\"}},{\"@type\":\"Person\",\"@id\":\"https:\\\/\\\/inandoutarchitects.com\\\/#\\\/schema\\\/person\\\/292e3263f0aea9984c4295935178554a\",\"name\":\"In&amp;Out Architects\",\"image\":{\"@type\":\"ImageObject\",\"inLanguage\":\"ca\",\"@id\":\"https:\\\/\\\/secure.gravatar.com\\\/avatar\\\/178e3b4da81df952ecf530155c11623ff7880803ec5ed98698457e47aee069a4?s=96&d=mm&r=g\",\"url\":\"https:\\\/\\\/secure.gravatar.com\\\/avatar\\\/178e3b4da81df952ecf530155c11623ff7880803ec5ed98698457e47aee069a4?s=96&d=mm&r=g\",\"contentUrl\":\"https:\\\/\\\/secure.gravatar.com\\\/avatar\\\/178e3b4da81df952ecf530155c11623ff7880803ec5ed98698457e47aee069a4?s=96&d=mm&r=g\",\"caption\":\"In&amp;Out Architects\"},\"url\":\"https:\\\/\\\/inandoutarchitects.com\\\/ca\\\/author\\\/usuario\\\/\"}]}<\/script>\n<!-- \/ Yoast SEO plugin. -->","yoast_head_json":{"title":"RECOMENDACIONES PARA LA REFORMA DE LA COCINA - In&amp;Out Architects","description":"Planifica la reforma de la cocina con estos consejos sobre distribuci\u00f3n, mobiliario y electrodom\u00e9sticos. Haz de tu cocina un espacio funcional y est\u00e9tico.","robots":{"index":"index","follow":"follow","max-snippet":"max-snippet:-1","max-image-preview":"max-image-preview:large","max-video-preview":"max-video-preview:-1"},"canonical":"https:\/\/inandoutarchitects.com\/ca\/consejos-reforma-cocina\/","og_locale":"ca_ES","og_type":"article","og_title":"RECOMENDACIONES PARA LA REFORMA DE LA COCINA - In&amp;Out Architects","og_description":"Planifica la reforma de la cocina con estos consejos sobre distribuci\u00f3n, mobiliario y electrodom\u00e9sticos. Haz de tu cocina un espacio funcional y est\u00e9tico.","og_url":"https:\/\/inandoutarchitects.com\/ca\/consejos-reforma-cocina\/","og_site_name":"In&amp;Out Architects","article_published_time":"2022-01-26T22:34:00+00:00","article_modified_time":"2025-05-02T07:47:28+00:00","og_image":[{"width":2048,"height":1536,"url":"https:\/\/inandoutarchitects.com\/wp-content\/uploads\/2023\/12\/COCINA-OLG-Barcelona-2021-1.jpg","type":"image\/jpeg"}],"author":"In&amp;Out Architects","twitter_card":"summary_large_image","twitter_misc":{"Escrit per":"In&amp;Out Architects","Temps estimat de lectura":"8 minuts"},"schema":{"@context":"https:\/\/schema.org","@graph":[{"@type":"Article","@id":"https:\/\/inandoutarchitects.com\/consejos-reforma-cocina\/#article","isPartOf":{"@id":"https:\/\/inandoutarchitects.com\/consejos-reforma-cocina\/"},"author":{"name":"In&amp;Out Architects","@id":"https:\/\/inandoutarchitects.com\/#\/schema\/person\/292e3263f0aea9984c4295935178554a"},"headline":"RECOMENDACIONES PARA LA REFORMA DE LA COCINA","datePublished":"2022-01-26T22:34:00+00:00","dateModified":"2025-05-02T07:47:28+00:00","mainEntityOfPage":{"@id":"https:\/\/inandoutarchitects.com\/consejos-reforma-cocina\/"},"wordCount":1395,"publisher":{"@id":"https:\/\/inandoutarchitects.com\/#organization"},"image":{"@id":"https:\/\/inandoutarchitects.com\/consejos-reforma-cocina\/#primaryimage"},"thumbnailUrl":"https:\/\/inandoutarchitects.com\/wp-content\/uploads\/2023\/12\/COCINA-OLG-Barcelona-2021-1.jpg","keywords":["cocci\u00f3n","cocinas lineales","cocinas peque\u00f1as","distribuci\u00f3n en una cocina","electrodom\u00e9sticos","espacio de encimera","fregadero","la cocina puede incluir comedor","limpieza","mobiliario de la cocina","placa de cocina","planificar la reforma de una cocina","preparaci\u00f3n de alimentos","reforma","Reformar la cocina","refrigeraci\u00f3n"],"articleSection":["Cocina","Interiorismo","Uncategorized"],"inLanguage":"ca"},{"@type":"WebPage","@id":"https:\/\/inandoutarchitects.com\/consejos-reforma-cocina\/","url":"https:\/\/inandoutarchitects.com\/consejos-reforma-cocina\/","name":"RECOMENDACIONES PARA LA REFORMA DE LA COCINA - In&amp;Out Architects","isPartOf":{"@id":"https:\/\/inandoutarchitects.com\/#website"},"primaryImageOfPage":{"@id":"https:\/\/inandoutarchitects.com\/consejos-reforma-cocina\/#primaryimage"},"image":{"@id":"https:\/\/inandoutarchitects.com\/consejos-reforma-cocina\/#primaryimage"},"thumbnailUrl":"https:\/\/inandoutarchitects.com\/wp-content\/uploads\/2023\/12\/COCINA-OLG-Barcelona-2021-1.jpg","datePublished":"2022-01-26T22:34:00+00:00","dateModified":"2025-05-02T07:47:28+00:00","description":"Planifica la reforma de la cocina con estos consejos sobre distribuci\u00f3n, mobiliario y electrodom\u00e9sticos. Haz de tu cocina un espacio funcional y est\u00e9tico.","breadcrumb":{"@id":"https:\/\/inandoutarchitects.com\/consejos-reforma-cocina\/#breadcrumb"},"inLanguage":"ca","potentialAction":[{"@type":"ReadAction","target":["https:\/\/inandoutarchitects.com\/consejos-reforma-cocina\/"]}]},{"@type":"ImageObject","inLanguage":"ca","@id":"https:\/\/inandoutarchitects.com\/consejos-reforma-cocina\/#primaryimage","url":"https:\/\/inandoutarchitects.com\/wp-content\/uploads\/2023\/12\/COCINA-OLG-Barcelona-2021-1.jpg","contentUrl":"https:\/\/inandoutarchitects.com\/wp-content\/uploads\/2023\/12\/COCINA-OLG-Barcelona-2021-1.jpg","width":2048,"height":1536,"caption":"reforma cocina barcelona"},{"@type":"BreadcrumbList","@id":"https:\/\/inandoutarchitects.com\/consejos-reforma-cocina\/#breadcrumb","itemListElement":[{"@type":"ListItem","position":1,"name":"Portada","item":"https:\/\/inandoutarchitects.com\/"},{"@type":"ListItem","position":2,"name":"RECOMENDACIONES PARA LA REFORMA DE LA COCINA"}]},{"@type":"WebSite","@id":"https:\/\/inandoutarchitects.com\/#website","url":"https:\/\/inandoutarchitects.com\/","name":"In&amp;Out Architects,","description":"","publisher":{"@id":"https:\/\/inandoutarchitects.com\/#organization"},"potentialAction":[{"@type":"SearchAction","target":{"@type":"EntryPoint","urlTemplate":"https:\/\/inandoutarchitects.com\/?s={search_term_string}"},"query-input":{"@type":"PropertyValueSpecification","valueRequired":true,"valueName":"search_term_string"}}],"inLanguage":"ca"},{"@type":"Organization","@id":"https:\/\/inandoutarchitects.com\/#organization","name":"In&amp;Out Architects,","url":"https:\/\/inandoutarchitects.com\/","logo":{"@type":"ImageObject","inLanguage":"ca","@id":"https:\/\/inandoutarchitects.com\/#\/schema\/logo\/image\/","url":"https:\/\/inandoutarchitects.com\/wp-content\/uploads\/2023\/08\/cropped-Enmascarar-grupo-8.png","contentUrl":"https:\/\/inandoutarchitects.com\/wp-content\/uploads\/2023\/08\/cropped-Enmascarar-grupo-8.png","width":83,"height":83,"caption":"In&amp;Out Architects"},"image":{"@id":"https:\/\/inandoutarchitects.com\/#\/schema\/logo\/image\/"}},{"@type":"Person","@id":"https:\/\/inandoutarchitects.com\/#\/schema\/person\/292e3263f0aea9984c4295935178554a","name":"In&amp;Out Architects,","image":{"@type":"ImageObject","inLanguage":"ca","@id":"https:\/\/secure.gravatar.com\/avatar\/178e3b4da81df952ecf530155c11623ff7880803ec5ed98698457e47aee069a4?s=96&d=mm&r=g","url":"https:\/\/secure.gravatar.com\/avatar\/178e3b4da81df952ecf530155c11623ff7880803ec5ed98698457e47aee069a4?s=96&d=mm&r=g","contentUrl":"https:\/\/secure.gravatar.com\/avatar\/178e3b4da81df952ecf530155c11623ff7880803ec5ed98698457e47aee069a4?s=96&d=mm&r=g","caption":"In&amp;Out Architects"},"url":"https:\/\/inandoutarchitects.com\/ca\/author\/usuario\/"}]}},"jetpack_featured_media_url":"https:\/\/inandoutarchitects.com\/wp-content\/uploads\/2023\/12\/COCINA-OLG-Barcelona-2021-1.jpg","jetpack_sharing_enabled":true,"_links":{"self":[{"href":"https:\/\/inandoutarchitects.com\/ca\/wp-json\/wp\/v2\/posts\/826","targetHints":{"allow":["GET"]}}],"collection":[{"href":"https:\/\/inandoutarchitects.com\/ca\/wp-json\/wp\/v2\/posts"}],"about":[{"href":"https:\/\/inandoutarchitects.com\/ca\/wp-json\/wp\/v2\/types\/post"}],"author":[{"embeddable":true,"href":"https:\/\/inandoutarchitects.com\/ca\/wp-json\/wp\/v2\/users\/2"}],"replies":[{"embeddable":true,"href":"https:\/\/inandoutarchitects.com\/ca\/wp-json\/wp\/v2\/comments?post=826"}],"version-history":[{"count":25,"href":"https:\/\/inandoutarchitects.com\/ca\/wp-json\/wp\/v2\/posts\/826\/revisions"}],"predecessor-version":[{"id":2691,"href":"https:\/\/inandoutarchitects.com\/ca\/wp-json\/wp\/v2\/posts\/826\/revisions\/2691"}],"wp:featuredmedia":[{"embeddable":true,"href":"https:\/\/inandoutarchitects.com\/ca\/wp-json\/wp\/v2\/media\/2056"}],"wp:attachment":[{"href":"https:\/\/inandoutarchitects.com\/ca\/wp-json\/wp\/v2\/media?parent=826"}],"wp:term":[{"taxonomy":"category","embeddable":true,"href":"https:\/\/inandoutarchitects.com\/ca\/wp-json\/wp\/v2\/categories?post=826"},{"taxonomy":"post_tag","embeddable":true,"href":"https:\/\/inandoutarchitects.com\/ca\/wp-json\/wp\/v2\/tags?post=826"}],"curies":[{"name":"wp","href":"https:\/\/api.w.org\/{rel}","templated":true}]}}