{"id":3422,"date":"2024-10-31T16:29:10","date_gmt":"2024-10-31T16:29:10","guid":{"rendered":"https:\/\/inandoutarchitects.com\/?p=3422"},"modified":"2025-05-02T07:51:21","modified_gmt":"2025-05-02T07:51:21","slug":"tendencias-en-cocinas-para-2025","status":"publish","type":"post","link":"https:\/\/inandoutarchitects.com\/ca\/tendencias-en-cocinas-para-2025\/","title":{"rendered":"CINCO NUEVAS TENDENCIAS EN COCINAS PARA ESTE A\u00d1O"},"content":{"rendered":"<div style=\"height:40px\" aria-hidden=\"true\" class=\"wp-block-spacer\"><\/div>\n\n\n\n<h2 class=\"wp-block-heading has-text-align-center has-luminous-vivid-amber-background-color has-background\"><strong><strong><strong><strong><strong>Feria H\u00e1bitat Valencia. Espacio Cocina SICI<\/strong><\/strong><\/strong><\/strong><\/strong><\/h2>\n\n\n\n<div style=\"height:46px\" aria-hidden=\"true\" class=\"wp-block-spacer\"><\/div>\n\n\n\n<p>A principios de octubre fuimos a la <a href=\"https:\/\/www.feriahabitatvalencia.com\/\"><strong>Feria H\u00e1bitat de Valencia<\/strong><\/a> y visitamos el<strong> <\/strong><a href=\"https:\/\/espaciococina.feriavalencia.com\/\"><strong>Espacio Cocina SICI<\/strong><\/a><strong> <\/strong>para conocer las <strong>nuevas tendencias en cocinas para 2025.&nbsp;<\/strong><\/p>\n\n\n\n<p><strong>La Feria H\u00e1bitat Valencia es la Feria<\/strong><strong> Internacional del Mueble e Iluminaci\u00f3n de Valencia. <\/strong>El principal escaparate internacional de la industria del h\u00e1bitat en Espa\u00f1a. Ofrece una amplia gama de muebles, iluminaci\u00f3n, decoraci\u00f3n, tapizados y productos para el descanso.<\/p>\n\n\n\n<div style=\"height:45px\" aria-hidden=\"true\" class=\"wp-block-spacer\"><\/div>\n\n\n<div class=\"wp-block-image\">\n<figure class=\"aligncenter size-large is-resized\"><img fetchpriority=\"high\" decoding=\"async\" width=\"768\" height=\"1024\" src=\"https:\/\/inandoutarchitects.com\/wp-content\/uploads\/2024\/10\/IMG_6927-768x1024.jpg\" alt=\"tendencias 2025\" class=\"wp-image-3431\" style=\"width:500px\" srcset=\"https:\/\/inandoutarchitects.com\/wp-content\/uploads\/2024\/10\/IMG_6927-768x1024.jpg 768w, https:\/\/inandoutarchitects.com\/wp-content\/uploads\/2024\/10\/IMG_6927-225x300.jpg 225w, https:\/\/inandoutarchitects.com\/wp-content\/uploads\/2024\/10\/IMG_6927-1152x1536.jpg 1152w, https:\/\/inandoutarchitects.com\/wp-content\/uploads\/2024\/10\/IMG_6927-1536x2048.jpg 1536w, https:\/\/inandoutarchitects.com\/wp-content\/uploads\/2024\/10\/IMG_6927-9x12.jpg 9w, https:\/\/inandoutarchitects.com\/wp-content\/uploads\/2024\/10\/IMG_6927-600x800.jpg 600w, https:\/\/inandoutarchitects.com\/wp-content\/uploads\/2024\/10\/IMG_6927-scaled.jpg 1920w\" sizes=\"(max-width: 768px) 100vw, 768px\" \/><figcaption class=\"wp-element-caption\">tendencias 2025<\/figcaption><\/figure>\n<\/div>\n\n\n<div style=\"height:45px\" aria-hidden=\"true\" class=\"wp-block-spacer\"><\/div>\n\n\n\n<p><strong>El Espacio Cocina SICI es un aforo destinado a mostrar una potente oferta comercial<\/strong> que cuenta con las principales marcas nacionales e internacionales de mobiliario, complementos y equipamientos para la cocina.<\/p>\n\n\n\n<p>En este evento internacional pudimos comprobar c\u00f3mo la cocina sigue evolucionando al fusionar<strong> est\u00e9tica, funcionalidad y sostenibilidad<\/strong>.&nbsp;<\/p>\n\n\n\n<p>Justo son los 3 valores en los que las arquitectas e interioristas de <strong>In&amp;Out Architects, <\/strong>nos basamos a la hora de emprender un nuevo proyecto. As\u00ed que, \u00a1\u00a1no pod\u00edamos faltar!!<\/p>\n\n\n\n<p>De nuestra visita podemos extraer <strong>5 nuevas tendencias en cocinas para 2025<\/strong> que vamos a presentar a continuaci\u00f3n.&nbsp;&nbsp;<\/p>\n\n\n\n<div style=\"height:24px\" aria-hidden=\"true\" class=\"wp-block-spacer\"><\/div>\n\n\n\n<h2 class=\"wp-block-heading has-text-align-center has-luminous-vivid-amber-background-color has-background\"><strong><strong><strong><strong><strong>Tendencia 1: La cocina como espacio esencial en los hogares modernos<\/strong><\/strong><\/strong><\/strong><\/strong><\/h2>\n\n\n\n<div style=\"height:35px\" aria-hidden=\"true\" class=\"wp-block-spacer\"><\/div>\n\n\n\n<p>En la <strong>Feria H\u00e1bitat de Valencia<\/strong> y en concreto en el <strong>Espacio Cocina SICI<\/strong>, hemos visto c\u00f3mo<strong> la cocina tiene un papel protagonista en la casa.<\/strong> Esta idea ha ido ganando terreno con los a\u00f1os y en esta exhibici\u00f3n se evidenci\u00f3 a trav\u00e9s de la presentaci\u00f3n en espacios conjuntos de:\u00a0<\/p>\n\n\n\n<div style=\"height:27px\" aria-hidden=\"true\" class=\"wp-block-spacer\"><\/div>\n\n\n\n<ul class=\"wp-block-list\">\n<li>Los diversos <em>showrooms<\/em> de mobiliario de cocina.<\/li>\n\n\n\n<li>Los <em>stands<\/em> de electrodom\u00e9sticos.<\/li>\n\n\n\n<li>La exposici\u00f3n de encimeras.<\/li>\n<\/ul>\n\n\n\n<div style=\"height:29px\" aria-hidden=\"true\" class=\"wp-block-spacer\"><\/div>\n\n\n\n<h3 class=\"wp-block-heading\"><strong>5 Destacadas tendencias en cocinas para 2025<\/strong><\/h3>\n\n\n\n<div style=\"height:30px\" aria-hidden=\"true\" class=\"wp-block-spacer\"><\/div>\n\n\n\n<p>Las nuevas <strong>tendencias en cocinas para 2025<\/strong> reflejan cambios en el <strong>dise\u00f1o de cocina<\/strong> y tambi\u00e9n en la forma en que interactuamos en ella.<\/p>\n\n\n\n<p>De hecho, <strong>los 3 valores esenciales de las cocinas del futuro, funcionalidad<\/strong>, <strong>tecnolog\u00eda <\/strong>i <strong>respeto por el medio ambiente, se pueden definir en 5 conceptos:<\/strong><\/p>\n\n\n\n<ol class=\"wp-block-list\">\n<li><strong>Cocinas sostenibles y ecol\u00f3gicas.<\/strong><\/li>\n\n\n\n<li><strong>Integraci\u00f3n de la tecnolog\u00eda.<\/strong><\/li>\n\n\n\n<li><strong>Dise\u00f1o multifuncional.<\/strong><\/li>\n\n\n\n<li><strong>Personalizaci\u00f3n.<\/strong><\/li>\n\n\n\n<li><strong>Eficiencia energ\u00e9tica.<\/strong><\/li>\n<\/ol>\n\n\n\n<div style=\"height:39px\" aria-hidden=\"true\" class=\"wp-block-spacer\"><\/div>\n\n\n<div class=\"wp-block-image\">\n<figure class=\"aligncenter size-large is-resized\"><img decoding=\"async\" width=\"768\" height=\"1024\" src=\"https:\/\/inandoutarchitects.com\/wp-content\/uploads\/2024\/10\/IMG_6913-768x1024.jpg\" alt=\"tendencias 2025\" class=\"wp-image-3428\" style=\"width:500px\" srcset=\"https:\/\/inandoutarchitects.com\/wp-content\/uploads\/2024\/10\/IMG_6913-768x1024.jpg 768w, https:\/\/inandoutarchitects.com\/wp-content\/uploads\/2024\/10\/IMG_6913-225x300.jpg 225w, https:\/\/inandoutarchitects.com\/wp-content\/uploads\/2024\/10\/IMG_6913-1152x1536.jpg 1152w, https:\/\/inandoutarchitects.com\/wp-content\/uploads\/2024\/10\/IMG_6913-1536x2048.jpg 1536w, https:\/\/inandoutarchitects.com\/wp-content\/uploads\/2024\/10\/IMG_6913-9x12.jpg 9w, https:\/\/inandoutarchitects.com\/wp-content\/uploads\/2024\/10\/IMG_6913-600x800.jpg 600w, https:\/\/inandoutarchitects.com\/wp-content\/uploads\/2024\/10\/IMG_6913-scaled.jpg 1920w\" sizes=\"(max-width: 768px) 100vw, 768px\" \/><figcaption class=\"wp-element-caption\">tendencias 2025<\/figcaption><\/figure>\n<\/div>\n\n\n<div style=\"height:39px\" aria-hidden=\"true\" class=\"wp-block-spacer\"><\/div>\n\n\n\n<h2 class=\"wp-block-heading has-text-align-center has-luminous-vivid-amber-background-color has-background\"><strong><strong><strong><strong><strong>Tendencia 2: Cocinas abiertas y espacios complementarios<\/strong><\/strong><\/strong><\/strong><\/strong><\/h2>\n\n\n\n<div style=\"height:44px\" aria-hidden=\"true\" class=\"wp-block-spacer\"><\/div>\n\n\n\n<p>La<strong> <\/strong><a href=\"https:\/\/inandoutarchitects.com\/ca\/cocina-salon-juntos\/\"><strong>cocina abierta al sal\u00f3n<\/strong><\/a> es de las <strong>tendencias en cocinas para 2025<\/strong> m\u00e1s demandadas. Sin embargo, esta apertura hace que se le deba encontrar un lugar a ciertas dependencias antes incluidas en ella. Es el caso del <strong>lavadero y la despensa<\/strong>, ubicados ahora separadamente, y esto implica otro tipo de distribuci\u00f3n.<\/p>\n\n\n\n<p>Se trata principalmente de cubrir las necesidades de nuestros clientes de trabajo, almacenamiento y organizaci\u00f3n. En definitiva, de <strong>optimizar el espacio<\/strong> con est\u00e9tica y funcionalidad.<\/p>\n\n\n\n<div style=\"height:37px\" aria-hidden=\"true\" class=\"wp-block-spacer\"><\/div>\n\n\n\n<h3 class=\"wp-block-heading\"><strong>Distribuci\u00f3n de espacios en la cocina<\/strong><\/h3>\n\n\n\n<div style=\"height:30px\" aria-hidden=\"true\" class=\"wp-block-spacer\"><\/div>\n\n\n\n<p>Las cocinas contempor\u00e1neas introducen cada vez m\u00e1s la creaci\u00f3n de <strong>espacios independientes dentro de la cocina.&nbsp;<\/strong><\/p>\n\n\n\n<p>Las propuestas que observamos en la feria buscaban separar y especializar \u00e1reas para actividades espec\u00edficas.<\/p>\n\n\n\n<ul class=\"wp-block-list\">\n<li>\u00c1reas dedicadas a guisar.<\/li>\n\n\n\n<li>Rincones para el caf\u00e9.<\/li>\n\n\n\n<li>Almacenamiento oculto.<\/li>\n\n\n\n<li>Etc.<\/li>\n<\/ul>\n\n\n\n<div style=\"height:33px\" aria-hidden=\"true\" class=\"wp-block-spacer\"><\/div>\n\n\n\n<p>Estos espacios independientes mejoran la funcionalidad al mismo tiempo que aportan un toque de personalizaci\u00f3n y estilo \u00fanico a cada cocina.<\/p>\n\n\n\n<div style=\"height:33px\" aria-hidden=\"true\" class=\"wp-block-spacer\"><\/div>\n\n\n<div class=\"wp-block-image\">\n<figure class=\"aligncenter size-large is-resized\"><img decoding=\"async\" width=\"768\" height=\"1024\" src=\"https:\/\/inandoutarchitects.com\/wp-content\/uploads\/2024\/10\/IMG_6863-768x1024.jpg\" alt=\"tendencias 2025\" class=\"wp-image-3425\" style=\"width:500px\" srcset=\"https:\/\/inandoutarchitects.com\/wp-content\/uploads\/2024\/10\/IMG_6863-768x1024.jpg 768w, https:\/\/inandoutarchitects.com\/wp-content\/uploads\/2024\/10\/IMG_6863-225x300.jpg 225w, https:\/\/inandoutarchitects.com\/wp-content\/uploads\/2024\/10\/IMG_6863-1152x1536.jpg 1152w, https:\/\/inandoutarchitects.com\/wp-content\/uploads\/2024\/10\/IMG_6863-1536x2048.jpg 1536w, https:\/\/inandoutarchitects.com\/wp-content\/uploads\/2024\/10\/IMG_6863-9x12.jpg 9w, https:\/\/inandoutarchitects.com\/wp-content\/uploads\/2024\/10\/IMG_6863-600x800.jpg 600w, https:\/\/inandoutarchitects.com\/wp-content\/uploads\/2024\/10\/IMG_6863-scaled.jpg 1920w\" sizes=\"(max-width: 768px) 100vw, 768px\" \/><figcaption class=\"wp-element-caption\">tendencias 2025<\/figcaption><\/figure>\n<\/div>\n\n\n<div style=\"height:33px\" aria-hidden=\"true\" class=\"wp-block-spacer\"><\/div>\n\n\n\n<h3 class=\"wp-block-heading\"><strong>Vuelven los lavaderos independientes<\/strong><\/h3>\n\n\n\n<div style=\"height:28px\" aria-hidden=\"true\" class=\"wp-block-spacer\"><\/div>\n\n\n\n<p>La lavadora de nuevo requiere un espacio aparte. Se ha dejado de contemplar la integraci\u00f3n de este electrodom\u00e9stico en la cocina.&nbsp;<\/p>\n\n\n\n<p>Las<strong> tendencias en cocinas para 2025 <\/strong>muestran una visi\u00f3n separada de 2 funciones antes unidas en un mismo espacio. La funci\u00f3n de lavado y cuidado de la ropa se disocia del resto de cometidos a realizar en la cocina. Esto permite una mejor organizaci\u00f3n y un uso m\u00e1s eficiente de cada estancia.<\/p>\n\n\n\n<p>En algunos casos las cocinas tienen accesos ocultos a otras dependencias y otras opciones distribuyen el espacio en una estancia compartimentada.<\/p>\n\n\n\n<div style=\"height:37px\" aria-hidden=\"true\" class=\"wp-block-spacer\"><\/div>\n\n\n<div class=\"wp-block-image\">\n<figure class=\"aligncenter size-large is-resized\"><img loading=\"lazy\" decoding=\"async\" width=\"768\" height=\"1024\" src=\"https:\/\/inandoutarchitects.com\/wp-content\/uploads\/2024\/10\/IMG_6954-768x1024.jpg\" alt=\"tendencias 2025\" class=\"wp-image-3434\" style=\"width:500px\" srcset=\"https:\/\/inandoutarchitects.com\/wp-content\/uploads\/2024\/10\/IMG_6954-768x1024.jpg 768w, https:\/\/inandoutarchitects.com\/wp-content\/uploads\/2024\/10\/IMG_6954-225x300.jpg 225w, https:\/\/inandoutarchitects.com\/wp-content\/uploads\/2024\/10\/IMG_6954-1152x1536.jpg 1152w, https:\/\/inandoutarchitects.com\/wp-content\/uploads\/2024\/10\/IMG_6954-1536x2048.jpg 1536w, https:\/\/inandoutarchitects.com\/wp-content\/uploads\/2024\/10\/IMG_6954-9x12.jpg 9w, https:\/\/inandoutarchitects.com\/wp-content\/uploads\/2024\/10\/IMG_6954-600x800.jpg 600w, https:\/\/inandoutarchitects.com\/wp-content\/uploads\/2024\/10\/IMG_6954-scaled.jpg 1920w\" sizes=\"(max-width: 768px) 100vw, 768px\" \/><figcaption class=\"wp-element-caption\">tendencias 2025<\/figcaption><\/figure>\n<\/div>\n\n\n<div style=\"height:37px\" aria-hidden=\"true\" class=\"wp-block-spacer\"><\/div>\n\n\n\n<h3 class=\"wp-block-heading\"><strong>Las despensas est\u00e1n de nuevo en tendencia<\/strong><\/h3>\n\n\n\n<div style=\"height:28px\" aria-hidden=\"true\" class=\"wp-block-spacer\"><\/div>\n\n\n\n<p><strong>La despensa<\/strong>, ese <strong>rinc\u00f3n de almacenamiento<\/strong> que las abuelas gestionaban, est\u00e1 de vuelta, pero en una versi\u00f3n renovada y adaptada a las necesidades actuales.<\/p>\n\n\n\n<p>Las<strong> tendencias en cocinas para 2025<\/strong> apuestan por la creaci\u00f3n de <strong>despensas independientes<\/strong> para almacenamiento. Se rescata el concepto tradicional, pero con un dise\u00f1o contempor\u00e1neo y funcional.<\/p>\n\n\n\n<p><strong>Los ejemplos de despensas<\/strong> que tuvimos oportunidad de ver en la feria permiten mantener el orden y la eficiencia en la cocina. Adem\u00e1s, ofrecen espacios bien dise\u00f1ados para almacenar productos frescos, secos y de larga duraci\u00f3n.<\/p>\n\n\n\n<div style=\"height:40px\" aria-hidden=\"true\" class=\"wp-block-spacer\"><\/div>\n\n\n<div class=\"wp-block-image\">\n<figure class=\"aligncenter size-large is-resized\"><img loading=\"lazy\" decoding=\"async\" width=\"768\" height=\"1024\" src=\"https:\/\/inandoutarchitects.com\/wp-content\/uploads\/2024\/10\/IMG_6958-768x1024.jpg\" alt=\"tendencias 2025\" class=\"wp-image-3435\" style=\"width:500px\" srcset=\"https:\/\/inandoutarchitects.com\/wp-content\/uploads\/2024\/10\/IMG_6958-768x1024.jpg 768w, https:\/\/inandoutarchitects.com\/wp-content\/uploads\/2024\/10\/IMG_6958-225x300.jpg 225w, https:\/\/inandoutarchitects.com\/wp-content\/uploads\/2024\/10\/IMG_6958-1152x1536.jpg 1152w, https:\/\/inandoutarchitects.com\/wp-content\/uploads\/2024\/10\/IMG_6958-1536x2048.jpg 1536w, https:\/\/inandoutarchitects.com\/wp-content\/uploads\/2024\/10\/IMG_6958-9x12.jpg 9w, https:\/\/inandoutarchitects.com\/wp-content\/uploads\/2024\/10\/IMG_6958-600x800.jpg 600w, https:\/\/inandoutarchitects.com\/wp-content\/uploads\/2024\/10\/IMG_6958-scaled.jpg 1920w\" sizes=\"(max-width: 768px) 100vw, 768px\" \/><figcaption class=\"wp-element-caption\">tendencias 2025<\/figcaption><\/figure>\n<\/div>\n\n\n<div style=\"height:40px\" aria-hidden=\"true\" class=\"wp-block-spacer\"><\/div>\n\n\n\n<h3 class=\"wp-block-heading\"><strong>Cocinas exteriores<\/strong><\/h3>\n\n\n\n<div style=\"height:28px\" aria-hidden=\"true\" class=\"wp-block-spacer\"><\/div>\n\n\n\n<p>Algunas tendencias clave marcan el dise\u00f1o de este tipo de cocina exterior. A la combinaci\u00f3n de <strong>funcionalidad y estilo<\/strong> se suma la necesidad de tener la <strong>durabilidad<\/strong> necesaria para resistir al clima en el exterior.<\/p>\n\n\n\n<p>Los muebles suelen ser de acero inoxidable y madera sostenible (teca o roble). Resultan est\u00e9ticamente atractivos y reflejan el compromiso ecol\u00f3gico.<\/p>\n\n\n\n<p>Este tipo de cocina ya no se limita a la tradicional parrilla. Actualmente se <strong>ofrecen opciones con diferentes espacios integrados:<\/strong><\/p>\n\n\n\n<ul class=\"wp-block-list\">\n<li>Cocina para asar y hornear.<\/li>\n\n\n\n<li>Preparaci\u00f3n de bebidas.<\/li>\n\n\n\n<li>Barras con asientos para socializar mientras se cocina.<\/li>\n<\/ul>\n\n\n\n<div style=\"height:41px\" aria-hidden=\"true\" class=\"wp-block-spacer\"><\/div>\n\n\n\n<p>Tambi\u00e9n<strong> la tecnolog\u00eda juega un papel esencial<\/strong> en las cocinas exteriores incorporando, por ejemplo:<\/p>\n\n\n\n<ul class=\"wp-block-list\">\n<li>Campanas extractoras invisibles.<\/li>\n\n\n\n<li>Electrodom\u00e9sticos como cocinas de inducci\u00f3n.\u00a0<\/li>\n\n\n\n<li>Sistemas de calefacci\u00f3n para disfrutar del espacio todo el a\u00f1o.<\/li>\n<\/ul>\n\n\n\n<div style=\"height:41px\" aria-hidden=\"true\" class=\"wp-block-spacer\"><\/div>\n\n\n\n<p>Los dise\u00f1os m\u00e1s actuales contemplan elementos como fregaderos que se pueden tapar o cajones para guardar el carb\u00f3n o la le\u00f1a, siempre de materiales resistentes al clima.<\/p>\n\n\n\n<div style=\"height:41px\" aria-hidden=\"true\" class=\"wp-block-spacer\"><\/div>\n\n\n<div class=\"wp-block-image\">\n<figure class=\"aligncenter size-large is-resized\"><img loading=\"lazy\" decoding=\"async\" width=\"768\" height=\"1024\" src=\"https:\/\/inandoutarchitects.com\/wp-content\/uploads\/2024\/10\/IMG_6857-768x1024.jpg\" alt=\"tendencias 2025\" class=\"wp-image-3424\" style=\"width:500px\" srcset=\"https:\/\/inandoutarchitects.com\/wp-content\/uploads\/2024\/10\/IMG_6857-768x1024.jpg 768w, https:\/\/inandoutarchitects.com\/wp-content\/uploads\/2024\/10\/IMG_6857-225x300.jpg 225w, https:\/\/inandoutarchitects.com\/wp-content\/uploads\/2024\/10\/IMG_6857-1152x1536.jpg 1152w, https:\/\/inandoutarchitects.com\/wp-content\/uploads\/2024\/10\/IMG_6857-1536x2048.jpg 1536w, https:\/\/inandoutarchitects.com\/wp-content\/uploads\/2024\/10\/IMG_6857-9x12.jpg 9w, https:\/\/inandoutarchitects.com\/wp-content\/uploads\/2024\/10\/IMG_6857-600x800.jpg 600w, https:\/\/inandoutarchitects.com\/wp-content\/uploads\/2024\/10\/IMG_6857-scaled.jpg 1920w\" sizes=\"(max-width: 768px) 100vw, 768px\" \/><figcaption class=\"wp-element-caption\">tendencias 2025<\/figcaption><\/figure>\n<\/div>\n\n\n<div style=\"height:41px\" aria-hidden=\"true\" class=\"wp-block-spacer\"><\/div>\n\n\n\n<h2 class=\"wp-block-heading has-text-align-center has-luminous-vivid-amber-background-color has-background\"><strong><strong><strong><strong><strong>Tendencia 3: La iluminaci\u00f3n en la cocina, funcional y decorativa<\/strong><\/strong><\/strong><\/strong><\/strong><\/h2>\n\n\n\n<div style=\"height:28px\" aria-hidden=\"true\" class=\"wp-block-spacer\"><\/div>\n\n\n\n<p>Las <strong>tendencias en cocinas para 2025<\/strong> muestran una transformaci\u00f3n en la <strong>iluminaci\u00f3n.<\/strong> Se presentan diversas opciones que logran un <strong>equilibrio entre tecnolog\u00eda, eficiencia y dise\u00f1o.<\/strong><\/p>\n\n\n\n<div style=\"height:38px\" aria-hidden=\"true\" class=\"wp-block-spacer\"><\/div>\n\n\n\n<h3 class=\"wp-block-heading\"><strong>4 innovaciones destacadas de la iluminaci\u00f3n en la cocina<\/strong><\/h3>\n\n\n\n<div style=\"height:28px\" aria-hidden=\"true\" class=\"wp-block-spacer\"><\/div>\n\n\n\n<ol class=\"wp-block-list\">\n<li><strong>Iluminaci\u00f3n inteligente y conectada<\/strong>: Sistemas de iluminaci\u00f3n controlados por aplicaciones m\u00f3viles o asistentes de voz como <em>Alexa<\/em> o <em>Google Home<\/em>. Se puede ajustar la intensidad, el color y los modos de luz seg\u00fan el horario o la actividad que se realiza. Con ello se consigue mejorar la eficiencia y el confort.<\/li>\n\n\n\n<li><strong>Iluminaci\u00f3n integrada en el mobiliario<\/strong>: Las <strong>luces LED en los muebles de cocina<\/strong>, gabinetes y estanter\u00edas principalmente, ofrecen una iluminaci\u00f3n sutil y eficiente. Este tipo de iluminaci\u00f3n mejora la visibilidad en las zonas de trabajo y crea un ambiente moderno. La <strong>iluminaci\u00f3n bajo encimeras<\/strong> o dentro de vitrinas aporta un toque decorativo y mejora la funcionalidad.<\/li>\n\n\n\n<li><strong>Sensores de movimiento y eficiencia energ\u00e9tica<\/strong>: Activan la iluminaci\u00f3n al detectar presencia, mejorando la <strong>eficiencia energ\u00e9tica<\/strong>. Es muy \u00fatil en zonas como la despensa o el lavadero, donde no es necesario que la luz est\u00e9 encendida todo el tiempo.<\/li>\n\n\n\n<li><strong>L\u00e1mparas decorativas de gran formato: <\/strong>Se trata de una opci\u00f3n prioritariamente decorativa. L\u00e1mparas colgantes o de gran formato fabricadas en metal o cristal, adem\u00e1s de iluminar, son un elemento protagonista en la decoraci\u00f3n de la cocina. Suelen ser <a href=\"https:\/\/inandoutarchitects.com\/ca\/arquitectura-minimalista\/\"><strong>dise\u00f1os minimalistas<\/strong><\/a><strong> <\/strong>o industriales que aportan car\u00e1cter y sofisticaci\u00f3n.<\/li>\n<\/ol>\n\n\n\n<div style=\"height:41px\" aria-hidden=\"true\" class=\"wp-block-spacer\"><\/div>\n\n\n\n<h2 class=\"wp-block-heading has-text-align-center has-luminous-vivid-amber-background-color has-background\"><strong><strong><strong><strong><strong>Tendencia 4: Innovaci\u00f3n en dise\u00f1o de mobiliario y electrodom\u00e9sticos<\/strong><\/strong><\/strong><\/strong><\/strong><\/h2>\n\n\n\n<div style=\"height:28px\" aria-hidden=\"true\" class=\"wp-block-spacer\"><\/div>\n\n\n\n<p>Respecto al mobiliario de cocina y a los electrodom\u00e9sticos, las <strong>tendencias en cocinas para 2025 <\/strong>reflejan la importancia de la cocina en la vida cotidiana.<\/p>\n\n\n\n<p>Las novedades en muebles de cocina y electrodom\u00e9sticos est\u00e1n enfocados especialmente a <strong>dise\u00f1os sostenibles y funcionales<\/strong> que integren espacios org\u00e1nicos y tecnolog\u00edas avanzadas.<\/p>\n\n\n\n<div style=\"height:42px\" aria-hidden=\"true\" class=\"wp-block-spacer\"><\/div>\n\n\n<div class=\"wp-block-image\">\n<figure class=\"aligncenter size-large is-resized\"><img loading=\"lazy\" decoding=\"async\" width=\"768\" height=\"1024\" src=\"https:\/\/inandoutarchitects.com\/wp-content\/uploads\/2024\/10\/IMG_6900-768x1024.jpg\" alt=\"tendencias 2025\" class=\"wp-image-3427\" style=\"width:500px\" srcset=\"https:\/\/inandoutarchitects.com\/wp-content\/uploads\/2024\/10\/IMG_6900-768x1024.jpg 768w, https:\/\/inandoutarchitects.com\/wp-content\/uploads\/2024\/10\/IMG_6900-225x300.jpg 225w, https:\/\/inandoutarchitects.com\/wp-content\/uploads\/2024\/10\/IMG_6900-1152x1536.jpg 1152w, https:\/\/inandoutarchitects.com\/wp-content\/uploads\/2024\/10\/IMG_6900-1536x2048.jpg 1536w, https:\/\/inandoutarchitects.com\/wp-content\/uploads\/2024\/10\/IMG_6900-9x12.jpg 9w, https:\/\/inandoutarchitects.com\/wp-content\/uploads\/2024\/10\/IMG_6900-600x800.jpg 600w, https:\/\/inandoutarchitects.com\/wp-content\/uploads\/2024\/10\/IMG_6900-scaled.jpg 1920w\" sizes=\"(max-width: 768px) 100vw, 768px\" \/><figcaption class=\"wp-element-caption\">tendencias 2025<\/figcaption><\/figure>\n<\/div>\n\n\n<div style=\"height:42px\" aria-hidden=\"true\" class=\"wp-block-spacer\"><\/div>\n\n\n\n<p>El concepto de espacios multifuncionales convierte la cocina en un lugar de convivencia y relajaci\u00f3n gracias a muebles como:<\/p>\n\n\n\n<ul class=\"wp-block-list\">\n<li><strong>Islas de cocina<\/strong>: con \u00e1reas de trabajo, almacenamiento y hasta entretenimiento.<\/li>\n\n\n\n<li><strong>Muebles modulares<\/strong>: que permiten transformaciones r\u00e1pidas para reuniones familiares o cenas m\u00e1s formales.<\/li>\n\n\n\n<li><strong>Sistemas de almacenaje inteligente<\/strong>: con armarios deslizables y sistemas ocultos que optimizan el espacio.<\/li>\n\n\n\n<li><a href=\"https:\/\/www.elmueble.com\/decoracion\/cocinas-con-desayunador-ideas-practicas-y-estilosas-vistas-en-el-mueble-con-video_48492\"><strong>Desayunadores<\/strong><\/a><strong>:<\/strong> \u00fanicamente para los complementos del desayuno, algunos ocultos y otros vistos.<\/li>\n\n\n\n<li><strong>Sistemas de reciclaje integrados en el mobiliario<\/strong>.<\/li>\n<\/ul>\n\n\n\n<div style=\"height:28px\" aria-hidden=\"true\" class=\"wp-block-spacer\"><\/div>\n\n\n\n<h3 class=\"wp-block-heading\"><strong>Electrodom\u00e9sticos y dom\u00f3tica<\/strong><\/h3>\n\n\n\n<div style=\"height:28px\" aria-hidden=\"true\" class=\"wp-block-spacer\"><\/div>\n\n\n\n<p>La <strong>funcionalidad inteligente combina el dise\u00f1o est\u00e9tico con la tecnolog\u00eda m\u00e1s avanzada<\/strong> gracias a la <strong>dom\u00f3tica<\/strong> y a los electrodom\u00e9sticos. Estos pueden estar ocultos o no en un mueble. Ejemplos:\u00a0<\/p>\n\n\n\n<ul class=\"wp-block-list\">\n<li>Vinotecas.<\/li>\n\n\n\n<li><em>Airfryer<\/em>.<\/li>\n\n\n\n<li>Olla de cocci\u00f3n lenta.<\/li>\n\n\n\n<li>Robot de cocina.<\/li>\n\n\n\n<li>Frigor\u00edficos inteligentes.<\/li>\n\n\n\n<li>Hornos y vitrocer\u00e1micas conectadas que permiten la cocci\u00f3n controlada remota.<\/li>\n\n\n\n<li>Sistemas de extracci\u00f3n y ventilaci\u00f3n que se ajustan autom\u00e1ticamente seg\u00fan la humedad y temperatura de la cocina.<\/li>\n<\/ul>\n\n\n\n<div style=\"height:28px\" aria-hidden=\"true\" class=\"wp-block-spacer\"><\/div>\n\n\n\n<h2 class=\"wp-block-heading has-text-align-center has-luminous-vivid-amber-background-color has-background\"><strong><strong><strong><strong><strong>Tendencia 5: Elementos esenciales y decorativos para la cocina<\/strong><\/strong><\/strong><\/strong><\/strong><\/h2>\n\n\n\n<div style=\"height:28px\" aria-hidden=\"true\" class=\"wp-block-spacer\"><\/div>\n\n\n\n<p>Es un t\u00f3pico decirlo, pero es verdad que en los detalles est\u00e1 la diferencia. En la <strong>Feria H\u00e1bitat Valencia<\/strong> vimos una amplia variedad de acabados, materiales y configuraciones que permiten crear espacios \u00fanicos a medida. Conseguir la personalizaci\u00f3n de la cocina seg\u00fan los par\u00e1metros del cliente le hace due\u00f1o del espacio en su m\u00e1s amplio concepto.&nbsp;<\/p>\n\n\n\n<p>Por ejemplo, el uso de revestimientos como <strong>piezas hidr\u00e1ulicas <\/strong>personaliza el espacio y a\u00f1ade un toque de color y textura. Por otro lado, los <strong>papeles pintados<\/strong> transforman esta \u00e1rea en un lugar exclusivo.<\/p>\n\n\n\n<p>Adem\u00e1s, existe una gran variedad de colores para fregaderos y grifos con diferentes metalizados e incluso mezclas entre ellos. Vimos tambi\u00e9n fregaderos igual que la encimera mimetiz\u00e1ndose con ella \u00a1una pasada!<\/p>\n\n\n\n<p>Tuvimos la oportunidad de conocer novedades como <strong>cerramientos que separan la cocina<\/strong>, pero la comunica visualmente con el resto de la vivienda.&nbsp;<\/p>\n\n\n\n<div style=\"height:39px\" aria-hidden=\"true\" class=\"wp-block-spacer\"><\/div>\n\n\n\n<div class=\"wp-block-columns alignwide are-vertically-aligned-center is-layout-flex wp-container-core-columns-is-layout-9d6595d7 wp-block-columns-is-layout-flex\">\n<div class=\"wp-block-column is-vertically-aligned-center is-layout-flow wp-block-column-is-layout-flow\"><div class=\"wp-block-image\">\n<figure class=\"aligncenter size-large is-resized\"><img loading=\"lazy\" decoding=\"async\" width=\"768\" height=\"1024\" src=\"https:\/\/inandoutarchitects.com\/wp-content\/uploads\/2024\/10\/IMG_6920-768x1024.jpg\" alt=\"tendencias 2025\" class=\"wp-image-3430\" style=\"width:500px\" srcset=\"https:\/\/inandoutarchitects.com\/wp-content\/uploads\/2024\/10\/IMG_6920-768x1024.jpg 768w, https:\/\/inandoutarchitects.com\/wp-content\/uploads\/2024\/10\/IMG_6920-225x300.jpg 225w, https:\/\/inandoutarchitects.com\/wp-content\/uploads\/2024\/10\/IMG_6920-1152x1536.jpg 1152w, https:\/\/inandoutarchitects.com\/wp-content\/uploads\/2024\/10\/IMG_6920-1536x2048.jpg 1536w, https:\/\/inandoutarchitects.com\/wp-content\/uploads\/2024\/10\/IMG_6920-9x12.jpg 9w, https:\/\/inandoutarchitects.com\/wp-content\/uploads\/2024\/10\/IMG_6920-600x800.jpg 600w, https:\/\/inandoutarchitects.com\/wp-content\/uploads\/2024\/10\/IMG_6920-scaled.jpg 1920w\" sizes=\"(max-width: 768px) 100vw, 768px\" \/><figcaption class=\"wp-element-caption\">Cerramiento cocina abierto<\/figcaption><\/figure>\n<\/div><\/div>\n\n\n\n<div class=\"wp-block-column is-vertically-aligned-center is-layout-flow wp-block-column-is-layout-flow\"><div class=\"wp-block-image\">\n<figure class=\"aligncenter size-large is-resized\"><img loading=\"lazy\" decoding=\"async\" width=\"768\" height=\"1024\" src=\"https:\/\/inandoutarchitects.com\/wp-content\/uploads\/2024\/10\/IMG_6918-768x1024.jpg\" alt=\"tendencias 2025\" class=\"wp-image-3429\" style=\"width:500px\" srcset=\"https:\/\/inandoutarchitects.com\/wp-content\/uploads\/2024\/10\/IMG_6918-768x1024.jpg 768w, https:\/\/inandoutarchitects.com\/wp-content\/uploads\/2024\/10\/IMG_6918-225x300.jpg 225w, https:\/\/inandoutarchitects.com\/wp-content\/uploads\/2024\/10\/IMG_6918-1152x1536.jpg 1152w, https:\/\/inandoutarchitects.com\/wp-content\/uploads\/2024\/10\/IMG_6918-1536x2048.jpg 1536w, https:\/\/inandoutarchitects.com\/wp-content\/uploads\/2024\/10\/IMG_6918-9x12.jpg 9w, https:\/\/inandoutarchitects.com\/wp-content\/uploads\/2024\/10\/IMG_6918-600x800.jpg 600w, https:\/\/inandoutarchitects.com\/wp-content\/uploads\/2024\/10\/IMG_6918-scaled.jpg 1920w\" sizes=\"(max-width: 768px) 100vw, 768px\" \/><figcaption class=\"wp-element-caption\">Cerramiento cocina cerrado<\/figcaption><\/figure>\n<\/div><\/div>\n<\/div>\n\n\n\n<div style=\"height:39px\" aria-hidden=\"true\" class=\"wp-block-spacer\"><\/div>\n\n\n\n<p>Tambi\u00e9n comprobamos detalles que pueden cambiar totalmente el aire est\u00e9tico de la cocina. Por ejemplo, los tiradores de los muebles y cajones, que sean visibles o todo lo contrario, que est\u00e9n incorporados dentro de la moldura de madera.<\/p>\n\n\n\n<p>Algunos de los espacios org\u00e1nicos que m\u00e1s llamaron nuestra atenci\u00f3n fueron los muebles con esquinas redondeadas de la exposici\u00f3n de <a href=\"https:\/\/cocinasrekker.com\/portfolio-archive\/cocinas\/\"><strong>cocinas Rekker<\/strong><\/a>. Superficies continuas con menos juntas visibles que da mayor sensaci\u00f3n de amplitud y limpieza.<\/p>\n\n\n\n<div style=\"height:42px\" aria-hidden=\"true\" class=\"wp-block-spacer\"><\/div>\n\n\n<div class=\"wp-block-image\">\n<figure class=\"aligncenter size-large is-resized\"><img loading=\"lazy\" decoding=\"async\" width=\"768\" height=\"1024\" src=\"https:\/\/inandoutarchitects.com\/wp-content\/uploads\/2024\/10\/IMG_6877-768x1024.jpg\" alt=\"tendencias 2025\" class=\"wp-image-3426\" style=\"width:500px\" srcset=\"https:\/\/inandoutarchitects.com\/wp-content\/uploads\/2024\/10\/IMG_6877-768x1024.jpg 768w, https:\/\/inandoutarchitects.com\/wp-content\/uploads\/2024\/10\/IMG_6877-225x300.jpg 225w, https:\/\/inandoutarchitects.com\/wp-content\/uploads\/2024\/10\/IMG_6877-1152x1536.jpg 1152w, https:\/\/inandoutarchitects.com\/wp-content\/uploads\/2024\/10\/IMG_6877-1536x2048.jpg 1536w, https:\/\/inandoutarchitects.com\/wp-content\/uploads\/2024\/10\/IMG_6877-9x12.jpg 9w, https:\/\/inandoutarchitects.com\/wp-content\/uploads\/2024\/10\/IMG_6877-600x800.jpg 600w, https:\/\/inandoutarchitects.com\/wp-content\/uploads\/2024\/10\/IMG_6877-scaled.jpg 1920w\" sizes=\"(max-width: 768px) 100vw, 768px\" \/><figcaption class=\"wp-element-caption\">tendencias 2025<\/figcaption><\/figure>\n<\/div>\n\n\n<div style=\"height:42px\" aria-hidden=\"true\" class=\"wp-block-spacer\"><\/div>\n\n\n\n<h2 class=\"wp-block-heading has-text-align-center has-light-green-cyan-background-color has-background\"><strong><strong><strong><strong><strong><strong>Conclusiones<\/strong><\/strong><\/strong><\/strong><\/strong><\/strong><\/h2>\n\n\n\n<div style=\"height:26px\" aria-hidden=\"true\" class=\"wp-block-spacer\"><\/div>\n\n\n\n<p>La <strong>Feria H\u00e1bitat Valencia<\/strong> i el <strong>Espacio Cocina SICI<\/strong> han revelado las principales <strong>tendencias en cocinas para 2025<\/strong>.<\/p>\n\n\n\n<p>La funcionalidad, la sostenibilidad y la integraci\u00f3n tecnol\u00f3gica son los ejes fundamentales en la evoluci\u00f3n del dise\u00f1o de cocinas.\u00a0<\/p>\n\n\n\n<p>Se destacan los espacios abiertos, las \u00e1reas multifuncionales y la reintroducci\u00f3n de elementos tradicionales como las despensas.\u00a0<\/p>\n\n\n\n<p>La personalizaci\u00f3n y el dise\u00f1o est\u00e9tico ganan protagonismo, adapt\u00e1ndose a las necesidades de cada usuario. Todo ello optimizando el espacio y mejorando la eficiencia energ\u00e9tica, sin dejar de lado la importancia de un estilo atractivo y moderno.<\/p>\n\n\n\n<div style=\"height:45px\" aria-hidden=\"true\" class=\"wp-block-spacer\"><\/div>\n\n\n<div class=\"wp-block-image\">\n<figure class=\"aligncenter size-large is-resized\"><img loading=\"lazy\" decoding=\"async\" width=\"768\" height=\"1024\" src=\"https:\/\/inandoutarchitects.com\/wp-content\/uploads\/2024\/10\/IMG_6942-768x1024.jpg\" alt=\"tendencias 2025\" class=\"wp-image-3433\" style=\"width:500px\" srcset=\"https:\/\/inandoutarchitects.com\/wp-content\/uploads\/2024\/10\/IMG_6942-768x1024.jpg 768w, https:\/\/inandoutarchitects.com\/wp-content\/uploads\/2024\/10\/IMG_6942-225x300.jpg 225w, https:\/\/inandoutarchitects.com\/wp-content\/uploads\/2024\/10\/IMG_6942-1152x1536.jpg 1152w, https:\/\/inandoutarchitects.com\/wp-content\/uploads\/2024\/10\/IMG_6942-1536x2048.jpg 1536w, https:\/\/inandoutarchitects.com\/wp-content\/uploads\/2024\/10\/IMG_6942-9x12.jpg 9w, https:\/\/inandoutarchitects.com\/wp-content\/uploads\/2024\/10\/IMG_6942-600x800.jpg 600w, https:\/\/inandoutarchitects.com\/wp-content\/uploads\/2024\/10\/IMG_6942-scaled.jpg 1920w\" sizes=\"(max-width: 768px) 100vw, 768px\" \/><figcaption class=\"wp-element-caption\">tendencias 2025<\/figcaption><\/figure>\n<\/div>\n\n\n<div style=\"height:45px\" aria-hidden=\"true\" class=\"wp-block-spacer\"><\/div>\n\n\n\n<p>A <a href=\"https:\/\/inandoutarchitects.com\/ca\/diseno\/\"><strong>In&amp;Out Architects,<\/strong><\/a><strong>, <\/strong>nos gusta empaparnos de las \u00faltimas novedades en dise\u00f1o, materiales y tecnolog\u00eda. Como <a href=\"https:\/\/inandoutarchitects.com\/ca\/arquitecto-arquitecto-tecnico-interiorista-decorador\/\"><strong>arquitectes e interioristes<\/strong><\/a>,<strong> <\/strong>queremos ofrecer a nuestros clientes las opciones m\u00e1s innovadoras para adaptarlas a sus preferencias.<\/p>\n\n\n\n<p>Si est\u00e1s pensando en reformar tu casa y as\u00ed transformar tu cocina en un lugar m\u00e1s sostenible, funcional y eficiente, <strong>ll\u00e1manos.<\/strong> Te mostraremos las <strong>tendencias en cocinas para 2025<\/strong> m\u00e1s innovadoras para ti, seg\u00fan tus necesidades y presupuesto.<\/p>\n\n\n\n<div style=\"height:74px\" aria-hidden=\"true\" class=\"wp-block-spacer\"><\/div>\n\n\n<div class=\"wp-block-image\">\n<figure class=\"aligncenter size-large is-resized\"><a href=\"https:\/\/inandoutarchitects.com\/ca\/nosotras\/\" target=\"_blank\" rel=\"noreferrer noopener\"><img loading=\"lazy\" decoding=\"async\" width=\"1024\" height=\"1024\" src=\"https:\/\/inandoutarchitects.com\/wp-content\/uploads\/2023\/09\/OFIJ3758-1024x1024.jpg\" alt=\"In&amp;Out Architects\" class=\"wp-image-981\" style=\"width:408px;height:auto\" srcset=\"https:\/\/inandoutarchitects.com\/wp-content\/uploads\/2023\/09\/OFIJ3758-1024x1024.jpg 1024w, https:\/\/inandoutarchitects.com\/wp-content\/uploads\/2023\/09\/OFIJ3758-300x300.jpg 300w, https:\/\/inandoutarchitects.com\/wp-content\/uploads\/2023\/09\/OFIJ3758-100x100.jpg 100w, https:\/\/inandoutarchitects.com\/wp-content\/uploads\/2023\/09\/OFIJ3758-600x600.jpg 600w, https:\/\/inandoutarchitects.com\/wp-content\/uploads\/2023\/09\/OFIJ3758-150x150.jpg 150w, https:\/\/inandoutarchitects.com\/wp-content\/uploads\/2023\/09\/OFIJ3758-768x768.jpg 768w, https:\/\/inandoutarchitects.com\/wp-content\/uploads\/2023\/09\/OFIJ3758-650x650.jpg 650w, https:\/\/inandoutarchitects.com\/wp-content\/uploads\/2023\/09\/OFIJ3758.jpg 1134w\" sizes=\"(max-width: 1024px) 100vw, 1024px\" \/><\/a><figcaption class=\"wp-element-caption\">In&amp;Out Architects,<\/figcaption><\/figure>\n<\/div>\n\n\n<div style=\"height:74px\" aria-hidden=\"true\" class=\"wp-block-spacer\"><\/div>\n\n\n\n<p><\/p>","protected":false},"excerpt":{"rendered":"<p>Descubre las principales tendencias en cocina para 2025 de la Feria H\u00e1bitat Valencia. Las nuevas cocinas destacan por funcionalidad, est\u00e9tica y tecnolog\u00eda.<\/p>","protected":false},"author":2,"featured_media":3428,"comment_status":"closed","ping_status":"closed","sticky":false,"template":"","format":"standard","meta":{"inline_featured_image":false,"_monsterinsights_skip_tracking":false,"_monsterinsights_sitenote_active":false,"_monsterinsights_sitenote_note":"","_monsterinsights_sitenote_category":0,"_uf_show_specific_survey":0,"_uf_disable_surveys":false,"_jetpack_memberships_contains_paid_content":false,"footnotes":""},"categories":[19,10,12,13,14,15],"tags":[536,533,524,539,530,535,519,531,537,271,532,520,521,523,527,444,528,538,529,540,526,522,534,525],"class_list":["post-3422","post","type-post","status-publish","format-standard","has-post-thumbnail","hentry","category-arquitectura","category-cocina","category-interiorismo","category-reforma-integral","category-rehabilitacion","category-vivienda","tag-campanas-extractoras-invisibles","tag-cocinas-exteriores","tag-cocinas-sostenibles-y-ecologicas","tag-compromiso-ecologico","tag-despensa","tag-despensas-independientes","tag-diseno-de-cocina","tag-diseno-multifuncional","tag-durabilidad","tag-eficiencia-energetica","tag-espacios-independientes-dentro-de-la-cocina","tag-estetica","tag-funcionalidad","tag-funcionalidad-y-sostenibilidad","tag-integracion-de-la-tecnologia","tag-minimalismo","tag-optimizacion-del-espacio","tag-papeles-pintados","tag-personalizacion","tag-piezas-hidraulicas","tag-reciclaje","tag-respeto-por-el-medio-ambiente","tag-rincon-de-almacenamiento","tag-tecnologia"],"yoast_head":"<!-- This site is optimized with the Yoast SEO plugin v27.5 - https:\/\/yoast.com\/product\/yoast-seo-wordpress\/ -->\n<title>5 Tendencias en Cocinas para 2025: Innovaci\u00f3n y Dise\u00f1o clave<\/title>\n<meta name=\"description\" content=\"Descubre las principales tendencias en cocina para 2025 de la Feria H\u00e1bitat Valencia. Las nuevas cocinas destacan por funcionalidad, est\u00e9tica y tecnolog\u00eda.\" \/>\n<meta name=\"robots\" content=\"index, follow, max-snippet:-1, max-image-preview:large, max-video-preview:-1\" \/>\n<link rel=\"canonical\" href=\"https:\/\/inandoutarchitects.com\/ca\/tendencias-en-cocinas-para-2025\/\" \/>\n<meta property=\"og:locale\" content=\"ca_ES\" \/>\n<meta property=\"og:type\" content=\"article\" \/>\n<meta property=\"og:title\" content=\"5 Tendencias en Cocinas para 2025: Innovaci\u00f3n y Dise\u00f1o clave\" \/>\n<meta property=\"og:description\" content=\"Descubre las principales tendencias en cocina para 2025 de la Feria H\u00e1bitat Valencia. Las nuevas cocinas destacan por funcionalidad, est\u00e9tica y tecnolog\u00eda.\" \/>\n<meta property=\"og:url\" content=\"https:\/\/inandoutarchitects.com\/ca\/tendencias-en-cocinas-para-2025\/\" \/>\n<meta property=\"og:site_name\" content=\"In&amp;Out Architects\" \/>\n<meta property=\"article:published_time\" content=\"2024-10-31T16:29:10+00:00\" \/>\n<meta property=\"article:modified_time\" content=\"2025-05-02T07:51:21+00:00\" \/>\n<meta property=\"og:image\" content=\"https:\/\/inandoutarchitects.com\/wp-content\/uploads\/2024\/10\/IMG_6913-scaled.jpg\" \/>\n\t<meta property=\"og:image:width\" content=\"1920\" \/>\n\t<meta property=\"og:image:height\" content=\"2560\" \/>\n\t<meta property=\"og:image:type\" content=\"image\/jpeg\" \/>\n<meta name=\"author\" content=\"In&amp;Out Architects\" \/>\n<meta name=\"twitter:card\" content=\"summary_large_image\" \/>\n<meta name=\"twitter:label1\" content=\"Escrit per\" \/>\n\t<meta name=\"twitter:data1\" content=\"In&amp;Out Architects\" \/>\n\t<meta name=\"twitter:label2\" content=\"Temps estimat de lectura\" \/>\n\t<meta name=\"twitter:data2\" content=\"11 minuts\" \/>\n<script type=\"application\/ld+json\" class=\"yoast-schema-graph\">{\"@context\":\"https:\\\/\\\/schema.org\",\"@graph\":[{\"@type\":\"Article\",\"@id\":\"https:\\\/\\\/inandoutarchitects.com\\\/tendencias-en-cocinas-para-2025\\\/#article\",\"isPartOf\":{\"@id\":\"https:\\\/\\\/inandoutarchitects.com\\\/tendencias-en-cocinas-para-2025\\\/\"},\"author\":{\"name\":\"In&amp;Out Architects\",\"@id\":\"https:\\\/\\\/inandoutarchitects.com\\\/#\\\/schema\\\/person\\\/292e3263f0aea9984c4295935178554a\"},\"headline\":\"CINCO NUEVAS TENDENCIAS EN COCINAS PARA ESTE A\u00d1O\",\"datePublished\":\"2024-10-31T16:29:10+00:00\",\"dateModified\":\"2025-05-02T07:51:21+00:00\",\"mainEntityOfPage\":{\"@id\":\"https:\\\/\\\/inandoutarchitects.com\\\/tendencias-en-cocinas-para-2025\\\/\"},\"wordCount\":1819,\"publisher\":{\"@id\":\"https:\\\/\\\/inandoutarchitects.com\\\/#organization\"},\"image\":{\"@id\":\"https:\\\/\\\/inandoutarchitects.com\\\/tendencias-en-cocinas-para-2025\\\/#primaryimage\"},\"thumbnailUrl\":\"https:\\\/\\\/inandoutarchitects.com\\\/wp-content\\\/uploads\\\/2024\\\/10\\\/IMG_6913-scaled.jpg\",\"keywords\":[\"campanas extractoras invisibles\",\"cocinas exteriores\",\"cocinas sostenibles y ecol\u00f3gicas\",\"compromiso ecol\u00f3gico\",\"despensa\",\"despensas independientes\",\"dise\u00f1o de cocina\",\"dise\u00f1o multifuncional\",\"durabilidad\",\"eficiencia energ\u00e9tica\",\"espacios independientes dentro de la cocina\",\"Est\u00e9tica\",\"funcionalidad\",\"funcionalidad y sostenibilidad\",\"integraci\u00f3n de la tecnolog\u00eda\",\"Minimalismo\",\"optimizaci\u00f3n del espacio\",\"papeles pintados\",\"personalizaci\u00f3n\",\"piezas hidr\u00e1ulicas\",\"reciclaje\",\"respeto por el medio ambiente\",\"rinc\u00f3n de almacenamiento\",\"tecnolog\u00eda\"],\"articleSection\":[\"Arquitectura\",\"Cocina\",\"Interiorismo\",\"Reforma Integral\",\"Rehabilitaci\u00f3n\",\"Vivienda\"],\"inLanguage\":\"ca\"},{\"@type\":\"WebPage\",\"@id\":\"https:\\\/\\\/inandoutarchitects.com\\\/tendencias-en-cocinas-para-2025\\\/\",\"url\":\"https:\\\/\\\/inandoutarchitects.com\\\/tendencias-en-cocinas-para-2025\\\/\",\"name\":\"5 Tendencias en Cocinas para 2025: Innovaci\u00f3n y Dise\u00f1o clave\",\"isPartOf\":{\"@id\":\"https:\\\/\\\/inandoutarchitects.com\\\/#website\"},\"primaryImageOfPage\":{\"@id\":\"https:\\\/\\\/inandoutarchitects.com\\\/tendencias-en-cocinas-para-2025\\\/#primaryimage\"},\"image\":{\"@id\":\"https:\\\/\\\/inandoutarchitects.com\\\/tendencias-en-cocinas-para-2025\\\/#primaryimage\"},\"thumbnailUrl\":\"https:\\\/\\\/inandoutarchitects.com\\\/wp-content\\\/uploads\\\/2024\\\/10\\\/IMG_6913-scaled.jpg\",\"datePublished\":\"2024-10-31T16:29:10+00:00\",\"dateModified\":\"2025-05-02T07:51:21+00:00\",\"description\":\"Descubre las principales tendencias en cocina para 2025 de la Feria H\u00e1bitat Valencia. Las nuevas cocinas destacan por funcionalidad, est\u00e9tica y tecnolog\u00eda.\",\"breadcrumb\":{\"@id\":\"https:\\\/\\\/inandoutarchitects.com\\\/tendencias-en-cocinas-para-2025\\\/#breadcrumb\"},\"inLanguage\":\"ca\",\"potentialAction\":[{\"@type\":\"ReadAction\",\"target\":[\"https:\\\/\\\/inandoutarchitects.com\\\/tendencias-en-cocinas-para-2025\\\/\"]}]},{\"@type\":\"ImageObject\",\"inLanguage\":\"ca\",\"@id\":\"https:\\\/\\\/inandoutarchitects.com\\\/tendencias-en-cocinas-para-2025\\\/#primaryimage\",\"url\":\"https:\\\/\\\/inandoutarchitects.com\\\/wp-content\\\/uploads\\\/2024\\\/10\\\/IMG_6913-scaled.jpg\",\"contentUrl\":\"https:\\\/\\\/inandoutarchitects.com\\\/wp-content\\\/uploads\\\/2024\\\/10\\\/IMG_6913-scaled.jpg\",\"width\":1920,\"height\":2560,\"caption\":\"tendencias 2025\"},{\"@type\":\"BreadcrumbList\",\"@id\":\"https:\\\/\\\/inandoutarchitects.com\\\/tendencias-en-cocinas-para-2025\\\/#breadcrumb\",\"itemListElement\":[{\"@type\":\"ListItem\",\"position\":1,\"name\":\"Portada\",\"item\":\"https:\\\/\\\/inandoutarchitects.com\\\/\"},{\"@type\":\"ListItem\",\"position\":2,\"name\":\"CINCO NUEVAS TENDENCIAS EN COCINAS PARA ESTE A\u00d1O\"}]},{\"@type\":\"WebSite\",\"@id\":\"https:\\\/\\\/inandoutarchitects.com\\\/#website\",\"url\":\"https:\\\/\\\/inandoutarchitects.com\\\/\",\"name\":\"In&amp;Out Architects\",\"description\":\"\",\"publisher\":{\"@id\":\"https:\\\/\\\/inandoutarchitects.com\\\/#organization\"},\"potentialAction\":[{\"@type\":\"SearchAction\",\"target\":{\"@type\":\"EntryPoint\",\"urlTemplate\":\"https:\\\/\\\/inandoutarchitects.com\\\/?s={search_term_string}\"},\"query-input\":{\"@type\":\"PropertyValueSpecification\",\"valueRequired\":true,\"valueName\":\"search_term_string\"}}],\"inLanguage\":\"ca\"},{\"@type\":\"Organization\",\"@id\":\"https:\\\/\\\/inandoutarchitects.com\\\/#organization\",\"name\":\"In&amp;Out Architects\",\"url\":\"https:\\\/\\\/inandoutarchitects.com\\\/\",\"logo\":{\"@type\":\"ImageObject\",\"inLanguage\":\"ca\",\"@id\":\"https:\\\/\\\/inandoutarchitects.com\\\/#\\\/schema\\\/logo\\\/image\\\/\",\"url\":\"https:\\\/\\\/inandoutarchitects.com\\\/wp-content\\\/uploads\\\/2023\\\/08\\\/cropped-Enmascarar-grupo-8.png\",\"contentUrl\":\"https:\\\/\\\/inandoutarchitects.com\\\/wp-content\\\/uploads\\\/2023\\\/08\\\/cropped-Enmascarar-grupo-8.png\",\"width\":83,\"height\":83,\"caption\":\"In&amp;Out Architects\"},\"image\":{\"@id\":\"https:\\\/\\\/inandoutarchitects.com\\\/#\\\/schema\\\/logo\\\/image\\\/\"}},{\"@type\":\"Person\",\"@id\":\"https:\\\/\\\/inandoutarchitects.com\\\/#\\\/schema\\\/person\\\/292e3263f0aea9984c4295935178554a\",\"name\":\"In&amp;Out Architects\",\"image\":{\"@type\":\"ImageObject\",\"inLanguage\":\"ca\",\"@id\":\"https:\\\/\\\/secure.gravatar.com\\\/avatar\\\/178e3b4da81df952ecf530155c11623ff7880803ec5ed98698457e47aee069a4?s=96&d=mm&r=g\",\"url\":\"https:\\\/\\\/secure.gravatar.com\\\/avatar\\\/178e3b4da81df952ecf530155c11623ff7880803ec5ed98698457e47aee069a4?s=96&d=mm&r=g\",\"contentUrl\":\"https:\\\/\\\/secure.gravatar.com\\\/avatar\\\/178e3b4da81df952ecf530155c11623ff7880803ec5ed98698457e47aee069a4?s=96&d=mm&r=g\",\"caption\":\"In&amp;Out Architects\"},\"url\":\"https:\\\/\\\/inandoutarchitects.com\\\/ca\\\/author\\\/usuario\\\/\"}]}<\/script>\n<!-- \/ Yoast SEO plugin. -->","yoast_head_json":{"title":"5 Tendencias en Cocinas para 2025: Innovaci\u00f3n y Dise\u00f1o clave","description":"Descubre las principales tendencias en cocina para 2025 de la Feria H\u00e1bitat Valencia. Las nuevas cocinas destacan por funcionalidad, est\u00e9tica y tecnolog\u00eda.","robots":{"index":"index","follow":"follow","max-snippet":"max-snippet:-1","max-image-preview":"max-image-preview:large","max-video-preview":"max-video-preview:-1"},"canonical":"https:\/\/inandoutarchitects.com\/ca\/tendencias-en-cocinas-para-2025\/","og_locale":"ca_ES","og_type":"article","og_title":"5 Tendencias en Cocinas para 2025: Innovaci\u00f3n y Dise\u00f1o clave","og_description":"Descubre las principales tendencias en cocina para 2025 de la Feria H\u00e1bitat Valencia. Las nuevas cocinas destacan por funcionalidad, est\u00e9tica y tecnolog\u00eda.","og_url":"https:\/\/inandoutarchitects.com\/ca\/tendencias-en-cocinas-para-2025\/","og_site_name":"In&amp;Out Architects","article_published_time":"2024-10-31T16:29:10+00:00","article_modified_time":"2025-05-02T07:51:21+00:00","og_image":[{"width":1920,"height":2560,"url":"https:\/\/inandoutarchitects.com\/wp-content\/uploads\/2024\/10\/IMG_6913-scaled.jpg","type":"image\/jpeg"}],"author":"In&amp;Out Architects","twitter_card":"summary_large_image","twitter_misc":{"Escrit per":"In&amp;Out Architects","Temps estimat de lectura":"11 minuts"},"schema":{"@context":"https:\/\/schema.org","@graph":[{"@type":"Article","@id":"https:\/\/inandoutarchitects.com\/tendencias-en-cocinas-para-2025\/#article","isPartOf":{"@id":"https:\/\/inandoutarchitects.com\/tendencias-en-cocinas-para-2025\/"},"author":{"name":"In&amp;Out Architects","@id":"https:\/\/inandoutarchitects.com\/#\/schema\/person\/292e3263f0aea9984c4295935178554a"},"headline":"CINCO NUEVAS TENDENCIAS EN COCINAS PARA ESTE A\u00d1O","datePublished":"2024-10-31T16:29:10+00:00","dateModified":"2025-05-02T07:51:21+00:00","mainEntityOfPage":{"@id":"https:\/\/inandoutarchitects.com\/tendencias-en-cocinas-para-2025\/"},"wordCount":1819,"publisher":{"@id":"https:\/\/inandoutarchitects.com\/#organization"},"image":{"@id":"https:\/\/inandoutarchitects.com\/tendencias-en-cocinas-para-2025\/#primaryimage"},"thumbnailUrl":"https:\/\/inandoutarchitects.com\/wp-content\/uploads\/2024\/10\/IMG_6913-scaled.jpg","keywords":["campanas extractoras invisibles","cocinas exteriores","cocinas sostenibles y ecol\u00f3gicas","compromiso ecol\u00f3gico","despensa","despensas independientes","dise\u00f1o de cocina","dise\u00f1o multifuncional","durabilidad","eficiencia energ\u00e9tica","espacios independientes dentro de la cocina","Est\u00e9tica","funcionalidad","funcionalidad y sostenibilidad","integraci\u00f3n de la tecnolog\u00eda","Minimalismo","optimizaci\u00f3n del espacio","papeles pintados","personalizaci\u00f3n","piezas hidr\u00e1ulicas","reciclaje","respeto por el medio ambiente","rinc\u00f3n de almacenamiento","tecnolog\u00eda"],"articleSection":["Arquitectura","Cocina","Interiorismo","Reforma Integral","Rehabilitaci\u00f3n","Vivienda"],"inLanguage":"ca"},{"@type":"WebPage","@id":"https:\/\/inandoutarchitects.com\/tendencias-en-cocinas-para-2025\/","url":"https:\/\/inandoutarchitects.com\/tendencias-en-cocinas-para-2025\/","name":"5 Tendencias en Cocinas para 2025: Innovaci\u00f3n y Dise\u00f1o clave","isPartOf":{"@id":"https:\/\/inandoutarchitects.com\/#website"},"primaryImageOfPage":{"@id":"https:\/\/inandoutarchitects.com\/tendencias-en-cocinas-para-2025\/#primaryimage"},"image":{"@id":"https:\/\/inandoutarchitects.com\/tendencias-en-cocinas-para-2025\/#primaryimage"},"thumbnailUrl":"https:\/\/inandoutarchitects.com\/wp-content\/uploads\/2024\/10\/IMG_6913-scaled.jpg","datePublished":"2024-10-31T16:29:10+00:00","dateModified":"2025-05-02T07:51:21+00:00","description":"Descubre las principales tendencias en cocina para 2025 de la Feria H\u00e1bitat Valencia. Las nuevas cocinas destacan por funcionalidad, est\u00e9tica y tecnolog\u00eda.","breadcrumb":{"@id":"https:\/\/inandoutarchitects.com\/tendencias-en-cocinas-para-2025\/#breadcrumb"},"inLanguage":"ca","potentialAction":[{"@type":"ReadAction","target":["https:\/\/inandoutarchitects.com\/tendencias-en-cocinas-para-2025\/"]}]},{"@type":"ImageObject","inLanguage":"ca","@id":"https:\/\/inandoutarchitects.com\/tendencias-en-cocinas-para-2025\/#primaryimage","url":"https:\/\/inandoutarchitects.com\/wp-content\/uploads\/2024\/10\/IMG_6913-scaled.jpg","contentUrl":"https:\/\/inandoutarchitects.com\/wp-content\/uploads\/2024\/10\/IMG_6913-scaled.jpg","width":1920,"height":2560,"caption":"tendencias 2025"},{"@type":"BreadcrumbList","@id":"https:\/\/inandoutarchitects.com\/tendencias-en-cocinas-para-2025\/#breadcrumb","itemListElement":[{"@type":"ListItem","position":1,"name":"Portada","item":"https:\/\/inandoutarchitects.com\/"},{"@type":"ListItem","position":2,"name":"CINCO NUEVAS TENDENCIAS EN COCINAS PARA ESTE A\u00d1O"}]},{"@type":"WebSite","@id":"https:\/\/inandoutarchitects.com\/#website","url":"https:\/\/inandoutarchitects.com\/","name":"In&amp;Out Architects,","description":"","publisher":{"@id":"https:\/\/inandoutarchitects.com\/#organization"},"potentialAction":[{"@type":"SearchAction","target":{"@type":"EntryPoint","urlTemplate":"https:\/\/inandoutarchitects.com\/?s={search_term_string}"},"query-input":{"@type":"PropertyValueSpecification","valueRequired":true,"valueName":"search_term_string"}}],"inLanguage":"ca"},{"@type":"Organization","@id":"https:\/\/inandoutarchitects.com\/#organization","name":"In&amp;Out Architects,","url":"https:\/\/inandoutarchitects.com\/","logo":{"@type":"ImageObject","inLanguage":"ca","@id":"https:\/\/inandoutarchitects.com\/#\/schema\/logo\/image\/","url":"https:\/\/inandoutarchitects.com\/wp-content\/uploads\/2023\/08\/cropped-Enmascarar-grupo-8.png","contentUrl":"https:\/\/inandoutarchitects.com\/wp-content\/uploads\/2023\/08\/cropped-Enmascarar-grupo-8.png","width":83,"height":83,"caption":"In&amp;Out Architects"},"image":{"@id":"https:\/\/inandoutarchitects.com\/#\/schema\/logo\/image\/"}},{"@type":"Person","@id":"https:\/\/inandoutarchitects.com\/#\/schema\/person\/292e3263f0aea9984c4295935178554a","name":"In&amp;Out Architects,","image":{"@type":"ImageObject","inLanguage":"ca","@id":"https:\/\/secure.gravatar.com\/avatar\/178e3b4da81df952ecf530155c11623ff7880803ec5ed98698457e47aee069a4?s=96&d=mm&r=g","url":"https:\/\/secure.gravatar.com\/avatar\/178e3b4da81df952ecf530155c11623ff7880803ec5ed98698457e47aee069a4?s=96&d=mm&r=g","contentUrl":"https:\/\/secure.gravatar.com\/avatar\/178e3b4da81df952ecf530155c11623ff7880803ec5ed98698457e47aee069a4?s=96&d=mm&r=g","caption":"In&amp;Out Architects"},"url":"https:\/\/inandoutarchitects.com\/ca\/author\/usuario\/"}]}},"jetpack_featured_media_url":"https:\/\/inandoutarchitects.com\/wp-content\/uploads\/2024\/10\/IMG_6913-scaled.jpg","jetpack_sharing_enabled":true,"_links":{"self":[{"href":"https:\/\/inandoutarchitects.com\/ca\/wp-json\/wp\/v2\/posts\/3422","targetHints":{"allow":["GET"]}}],"collection":[{"href":"https:\/\/inandoutarchitects.com\/ca\/wp-json\/wp\/v2\/posts"}],"about":[{"href":"https:\/\/inandoutarchitects.com\/ca\/wp-json\/wp\/v2\/types\/post"}],"author":[{"embeddable":true,"href":"https:\/\/inandoutarchitects.com\/ca\/wp-json\/wp\/v2\/users\/2"}],"replies":[{"embeddable":true,"href":"https:\/\/inandoutarchitects.com\/ca\/wp-json\/wp\/v2\/comments?post=3422"}],"version-history":[{"count":25,"href":"https:\/\/inandoutarchitects.com\/ca\/wp-json\/wp\/v2\/posts\/3422\/revisions"}],"predecessor-version":[{"id":3472,"href":"https:\/\/inandoutarchitects.com\/ca\/wp-json\/wp\/v2\/posts\/3422\/revisions\/3472"}],"wp:featuredmedia":[{"embeddable":true,"href":"https:\/\/inandoutarchitects.com\/ca\/wp-json\/wp\/v2\/media\/3428"}],"wp:attachment":[{"href":"https:\/\/inandoutarchitects.com\/ca\/wp-json\/wp\/v2\/media?parent=3422"}],"wp:term":[{"taxonomy":"category","embeddable":true,"href":"https:\/\/inandoutarchitects.com\/ca\/wp-json\/wp\/v2\/categories?post=3422"},{"taxonomy":"post_tag","embeddable":true,"href":"https:\/\/inandoutarchitects.com\/ca\/wp-json\/wp\/v2\/tags?post=3422"}],"curies":[{"name":"wp","href":"https:\/\/api.w.org\/{rel}","templated":true}]}}