{"id":2376,"date":"2024-07-17T07:00:00","date_gmt":"2024-07-17T07:00:00","guid":{"rendered":"https:\/\/inandoutarchitects.com\/?p=2376"},"modified":"2025-05-02T07:52:28","modified_gmt":"2025-05-02T07:52:28","slug":"cuanto-tiempo-se-tarda-reformar-casa","status":"publish","type":"post","link":"https:\/\/inandoutarchitects.com\/ca\/cuanto-tiempo-se-tarda-reformar-casa\/","title":{"rendered":"\u00bfCU\u00c1NTO TIEMPO SE TARDA EN REFORMAR UNA CASA?"},"content":{"rendered":"<div style=\"height:28px\" aria-hidden=\"true\" class=\"wp-block-spacer\"><\/div>\n\n\n\n<p>Casi todo el mundo entiende que la rehabilitaci\u00f3n \u00edntegra de una vivienda requiere distintos procesos. Y cada uno de ellos necesita un tiempo determinado para su planificaci\u00f3n y ejecuci\u00f3n. Sin embargo, por experiencia sabemos que a los clientes el desconocimiento de los tiempos de cada fase les causa desesperaci\u00f3n. De hecho, saber el presupuesto y el <strong>tiempo que se tarda en reformar la casa<\/strong> suelen ser las 2 primeras preguntas que nos hacen.<\/p>\n\n\n\n<div style=\"height:30px\" aria-hidden=\"true\" class=\"wp-block-spacer\"><\/div>\n\n\n\n<h2 class=\"wp-block-heading has-text-align-center has-luminous-vivid-amber-background-color has-background\"><strong><strong><strong><strong><strong>Etapas de la rehabilitaci\u00f3n de una vivienda de 100m\u00b2 y sus tiempos<\/strong><\/strong><\/strong><\/strong><\/strong><\/h2>\n\n\n\n<div style=\"height:34px\" aria-hidden=\"true\" class=\"wp-block-spacer\"><\/div>\n\n\n\n<h3 class=\"wp-block-heading\"><strong>An\u00e1lisis previo de la vivienda: 1 mes o 2 semanas<\/strong><\/h3>\n\n\n\n<div style=\"height:33px\" aria-hidden=\"true\" class=\"wp-block-spacer\"><\/div>\n\n\n\n<p>En primer lugar, es importante la opini\u00f3n de un profesional con experiencia en rehabilitaciones. Alguien que comprenda y\/o interprete a la perfecci\u00f3n las necesidades y preferencias del cliente para que el resultado sea el esperado.&nbsp;<\/p>\n\n\n\n<p><strong>El estudio de arquitectura<\/strong> prepara el <a href=\"https:\/\/inandoutarchitects.com\/ca\/que-reformar-primero-piso\/\" target=\"_blank\" rel=\"noreferrer noopener\"><strong>dise\u00f1o de un Proyecto B\u00e1sico y su planificaci\u00f3n<\/strong><\/a>, siendo necesario evaluar previamente el estado de la vivienda.&nbsp;&nbsp;<\/p>\n\n\n\n<p>El <strong>an\u00e1lisis previo de la vivienda a reformar puede durar 1 mes o 2 semanas<\/strong>, dependiendo de cu\u00e1l sea la afectaci\u00f3n estructural que tenga.&nbsp;<\/p>\n\n\n\n<ul class=\"wp-block-list\">\n<li><strong>1 mes:<\/strong> es necesario un an\u00e1lisis estructural para encontrar posibles patolog\u00edas y barajar distintas soluciones seg\u00fan el tipo de proyecto que se desee realizar.<\/li>\n\n\n\n<li><strong>2 semanas:<\/strong> si el proyecto no conlleva afectaci\u00f3n estructural.<\/li>\n<\/ul>\n\n\n\n<div style=\"height:37px\" aria-hidden=\"true\" class=\"wp-block-spacer\"><\/div>\n\n\n\n<h3 class=\"wp-block-heading\"><strong>Proyecto B\u00e1sico: de 4 a 6 semanas<\/strong><\/h3>\n\n\n\n<div style=\"height:47px\" aria-hidden=\"true\" class=\"wp-block-spacer\"><\/div>\n\n\n\n<p>Para poder establecer el Proyecto B\u00e1sico, el alcance de la reforma debe estar decidido y tener claro tambi\u00e9n lo que se pretende cambiar. A continuaci\u00f3n se estudian, valoran y definen varios aspectos para proceder con su elaboraci\u00f3n. El resultado es un documento donde quedan definidas de forma precisa las caracter\u00edsticas generales de la reforma y las soluciones justificadas para llevarla a cabo.&nbsp;<\/p>\n\n\n\n<p><strong>Los tiempos de ejecuci\u00f3n de este Proyecto B\u00e1sico pueden variar seg\u00fan el tipo de reforma, pero suele ser entre 4 y 6 semanas.<\/strong> Esta fase requiere reuniones semanales con el cliente quien debe tomar decisiones respecto a:&nbsp;<\/p>\n\n\n\n<ul class=\"wp-block-list\">\n<li>La distribuci\u00f3n final de los espacios.<\/li>\n\n\n\n<li>La ubicaci\u00f3n de la cocina y ba\u00f1o\/s.<\/li>\n\n\n\n<li>Las habitaciones.<\/li>\n\n\n\n<li>La altura de los techos.<\/li>\n<\/ul>\n\n\n\n<div style=\"height:44px\" aria-hidden=\"true\" class=\"wp-block-spacer\"><\/div>\n\n\n<div class=\"wp-block-image\">\n<figure class=\"aligncenter size-large is-resized\"><img fetchpriority=\"high\" decoding=\"async\" width=\"1024\" height=\"683\" src=\"https:\/\/inandoutarchitects.com\/wp-content\/uploads\/2023\/11\/pexels-antoni-shkraba-production-8837511-1024x683.jpg\" alt=\"\" class=\"wp-image-1896\" style=\"width:613px;height:auto\" srcset=\"https:\/\/inandoutarchitects.com\/wp-content\/uploads\/2023\/11\/pexels-antoni-shkraba-production-8837511-1024x683.jpg 1024w, https:\/\/inandoutarchitects.com\/wp-content\/uploads\/2023\/11\/pexels-antoni-shkraba-production-8837511-scaled-600x400.jpg 600w, https:\/\/inandoutarchitects.com\/wp-content\/uploads\/2023\/11\/pexels-antoni-shkraba-production-8837511-300x200.jpg 300w, https:\/\/inandoutarchitects.com\/wp-content\/uploads\/2023\/11\/pexels-antoni-shkraba-production-8837511-768x512.jpg 768w, https:\/\/inandoutarchitects.com\/wp-content\/uploads\/2023\/11\/pexels-antoni-shkraba-production-8837511-1536x1024.jpg 1536w, https:\/\/inandoutarchitects.com\/wp-content\/uploads\/2023\/11\/pexels-antoni-shkraba-production-8837511-2048x1365.jpg 2048w, https:\/\/inandoutarchitects.com\/wp-content\/uploads\/2023\/11\/pexels-antoni-shkraba-production-8837511-18x12.jpg 18w\" sizes=\"(max-width: 1024px) 100vw, 1024px\" \/><\/figure>\n<\/div>\n\n\n<div style=\"height:49px\" aria-hidden=\"true\" class=\"wp-block-spacer\"><\/div>\n\n\n\n<h3 class=\"wp-block-heading\"><strong><strong><strong><strong><strong>Proyecto Ejecutivo: de 4 a 6 semanas<\/strong><\/strong><\/strong><\/strong><\/strong><\/h3>\n\n\n\n<div style=\"height:48px\" aria-hidden=\"true\" class=\"wp-block-spacer\"><\/div>\n\n\n\n<p>En el Proyecto Ejecutivo se desarrollan los detalles y especificaciones de todos los materiales, sistemas y equipos necesarios para llevar a cabo la reforma.<\/p>\n\n\n\n<p>En esta fase las reuniones son semanales y el proceso se alarga seg\u00fan el tiempo que necesite el cliente para tomar decisiones en relaci\u00f3n a:<\/p>\n\n\n\n<ul class=\"wp-block-list\">\n<li>Definir instalaci\u00f3n el\u00e9ctrica e iluminaci\u00f3n.<\/li>\n\n\n\n<li>Definir detalles constructivos.<\/li>\n\n\n\n<li>Definir instalaciones de climatizaci\u00f3n<\/li>\n\n\n\n<li>De cada uno de estos elementos: ubicaci\u00f3n, modelos, colores y materiales.<\/li>\n<\/ul>\n\n\n\n<div style=\"height:44px\" aria-hidden=\"true\" class=\"wp-block-spacer\"><\/div>\n\n\n\n<figure class=\"wp-block-image size-large\"><img decoding=\"async\" width=\"1024\" height=\"450\" src=\"https:\/\/inandoutarchitects.com\/wp-content\/uploads\/2024\/04\/CON-MAIKA-1024x450.jpg\" alt=\"Reuni\u00f3n con clientes\" class=\"wp-image-2260\" srcset=\"https:\/\/inandoutarchitects.com\/wp-content\/uploads\/2024\/04\/CON-MAIKA-1024x450.jpg 1024w, https:\/\/inandoutarchitects.com\/wp-content\/uploads\/2024\/04\/CON-MAIKA-600x264.jpg 600w, https:\/\/inandoutarchitects.com\/wp-content\/uploads\/2024\/04\/CON-MAIKA-300x132.jpg 300w, https:\/\/inandoutarchitects.com\/wp-content\/uploads\/2024\/04\/CON-MAIKA-768x338.jpg 768w, https:\/\/inandoutarchitects.com\/wp-content\/uploads\/2024\/04\/CON-MAIKA-1536x675.jpg 1536w, https:\/\/inandoutarchitects.com\/wp-content\/uploads\/2024\/04\/CON-MAIKA-18x8.jpg 18w, https:\/\/inandoutarchitects.com\/wp-content\/uploads\/2024\/04\/CON-MAIKA.jpg 1920w\" sizes=\"(max-width: 1024px) 100vw, 1024px\" \/><figcaption class=\"wp-element-caption\">Reuni\u00f3n con clientes<\/figcaption><\/figure>\n\n\n\n<div style=\"height:53px\" aria-hidden=\"true\" class=\"wp-block-spacer\"><\/div>\n\n\n\n<h2 class=\"wp-block-heading has-text-align-center has-luminous-vivid-amber-background-color has-background\"><strong><strong><strong><strong><strong>Fases de la obra de una reforma<\/strong><\/strong><\/strong><\/strong><\/strong><\/h2>\n\n\n\n<div style=\"height:37px\" aria-hidden=\"true\" class=\"wp-block-spacer\"><\/div>\n\n\n\n<p>A la hora de valorar <strong>cu\u00e1nto tiempo se tarda en reformar una casa<\/strong>, despu\u00e9s de los Proyectos, se deben tener en cuenta las fases de la propia obra. Las podemos dividir en 3 pasos elementales que incluyen tanto los tr\u00e1mites previos al inicio de la obra como la realizaci\u00f3n del proyecto en s\u00ed.&nbsp;<\/p>\n\n\n\n<p>Las fases de la obra son las siguientes:<\/p>\n\n\n\n<ol class=\"wp-block-list\">\n<li>Tr\u00e1mites legales de permisos de obra.<\/li>\n\n\n\n<li>Presupuestos de reforma.<\/li>\n\n\n\n<li>Ejecuci\u00f3n de la obra de reforma.&nbsp;<\/li>\n<\/ol>\n\n\n\n<div style=\"height:44px\" aria-hidden=\"true\" class=\"wp-block-spacer\"><\/div>\n\n\n\n<h3 class=\"wp-block-heading\"><strong>Tramitaci\u00f3n de permisos de obra: entre 2 y 8 meses<\/strong><\/h3>\n\n\n\n<div style=\"height:38px\" aria-hidden=\"true\" class=\"wp-block-spacer\"><\/div>\n\n\n\n<p>La <strong>preparaci\u00f3n de la Memoria <\/strong>por parte de la empresa de arquitectura responsable requerir\u00e1 unas <strong>2 semanas<\/strong> de tiempo.&nbsp;<\/p>\n\n\n\n<p>A continuaci\u00f3n, se presentar\u00e1 al <strong>Colegio de Arquitectos<\/strong> para que emitan un <a href=\"https:\/\/www.arquitectes.cat\/ca\/acces-informes-idoneitat-tecnica\" target=\"_blank\" rel=\"noreferrer noopener\">informe positivo ITT<\/a> o bien su visado. Este proceso <strong>sumar\u00e1 2 meses m\u00e1s<\/strong> a la espera.<\/p>\n\n\n\n<p>Dependiendo de la ubicaci\u00f3n y el alcance de la rehabilitaci\u00f3n es posible que se necesiten obtener varios <strong>permisos municipales<\/strong>. Este proceso variar\u00e1 seg\u00fan la rapidez del ayuntamiento de la localidad. <strong>Puede durar entre 1 semana y 6 meses. <\/strong>El proceso es el siguiente:<\/p>\n\n\n\n<ul class=\"wp-block-list\">\n<li><strong>Presentaci\u00f3n de planos:<\/strong> Los planos deben ser presentados a las autoridades locales para su revisi\u00f3n y aprobaci\u00f3n.<\/li>\n\n\n\n<li><strong>Esperar aprobaci\u00f3n:<\/strong> Este proceso puede incluir inspecciones y la correcci\u00f3n de cualquier problema identificado por los inspectores.<\/li>\n<\/ul>\n\n\n\n<div style=\"height:43px\" aria-hidden=\"true\" class=\"wp-block-spacer\"><\/div>\n\n\n\n<figure class=\"wp-block-image size-large\"><img decoding=\"async\" width=\"1024\" height=\"461\" src=\"https:\/\/inandoutarchitects.com\/wp-content\/uploads\/2024\/07\/20230329_111806-1024x461.jpg\" alt=\"Reforma en Barcelona\" class=\"wp-image-2381\" srcset=\"https:\/\/inandoutarchitects.com\/wp-content\/uploads\/2024\/07\/20230329_111806-1024x461.jpg 1024w, https:\/\/inandoutarchitects.com\/wp-content\/uploads\/2024\/07\/20230329_111806-scaled-600x270.jpg 600w, https:\/\/inandoutarchitects.com\/wp-content\/uploads\/2024\/07\/20230329_111806-300x135.jpg 300w, https:\/\/inandoutarchitects.com\/wp-content\/uploads\/2024\/07\/20230329_111806-768x346.jpg 768w, https:\/\/inandoutarchitects.com\/wp-content\/uploads\/2024\/07\/20230329_111806-1536x692.jpg 1536w, https:\/\/inandoutarchitects.com\/wp-content\/uploads\/2024\/07\/20230329_111806-2048x922.jpg 2048w, https:\/\/inandoutarchitects.com\/wp-content\/uploads\/2024\/07\/20230329_111806-18x8.jpg 18w\" sizes=\"(max-width: 1024px) 100vw, 1024px\" \/><figcaption class=\"wp-element-caption\">Reforma en Barcelona<\/figcaption><\/figure>\n\n\n\n<div style=\"height:41px\" aria-hidden=\"true\" class=\"wp-block-spacer\"><\/div>\n\n\n\n<h3 class=\"wp-block-heading\"><strong>Presupuesto de reforma: 2 meses<\/strong><\/h3>\n\n\n\n<div style=\"height:35px\" aria-hidden=\"true\" class=\"wp-block-spacer\"><\/div>\n\n\n\n<p>Para esta parte del proceso, se aconseja siempre solicitar varios presupuestos. De esta forma, se puede comparar las diferentes opciones y elegir la m\u00e1s asequible o la que ofrezca m\u00e1s garant\u00edas.&nbsp;&nbsp;<\/p>\n\n\n\n<p>Las <a href=\"https:\/\/www.construrefor.es\/servicios\/\" target=\"_blank\" rel=\"noreferrer noopener\"><strong>empresas de reformas<\/strong><\/a> visitar\u00e1n la vivienda y har\u00e1n sus propias valoraciones. Cuando se obtienen los presupuestos el cliente deber\u00e1 ajustar sus n\u00fameros seg\u00fan la opci\u00f3n que mejor le parezca.<\/p>\n\n\n\n<div style=\"height:33px\" aria-hidden=\"true\" class=\"wp-block-spacer\"><\/div>\n\n\n\n<h2 class=\"wp-block-heading has-text-align-center has-luminous-vivid-amber-background-color has-background\"><strong><strong><strong><strong><strong><strong><strong><strong>Ejecuci\u00f3n de reforma de la obra: entre 4 y 5 meses<\/strong><\/strong><\/strong><\/strong><\/strong><\/strong><\/strong><\/strong><\/h2>\n\n\n\n<div style=\"height:37px\" aria-hidden=\"true\" class=\"wp-block-spacer\"><\/div>\n\n\n\n<p>Este proceso consta de tres partes fundamentales.<\/p>\n\n\n\n<ol class=\"wp-block-list\">\n<li>Construcci\u00f3n y reparaciones estructurales.<\/li>\n\n\n\n<li>Instalaciones (el\u00e9ctrica, fontaner\u00eda, acondicionamiento t\u00e9rmico)<\/li>\n\n\n\n<li>Acabados y detalles<\/li>\n<\/ol>\n\n\n\n<p>Durante esta etapa es importante que el\/la arquitecto\/a supervise el progreso del trabajo para asegurarse de que se mantenga el cronograma marcado. Normalmente se realiza entre 4 y 5 meses.<\/p>\n\n\n\n<div style=\"height:41px\" aria-hidden=\"true\" class=\"wp-block-spacer\"><\/div>\n\n\n\n<h3 class=\"wp-block-heading\"><strong><strong>Construcci\u00f3n y reparaciones estructurales<\/strong><\/strong><\/h3>\n\n\n\n<div style=\"height:40px\" aria-hidden=\"true\" class=\"wp-block-spacer\"><\/div>\n\n\n\n<p>La ejecuci\u00f3n de la obra depende de la envergadura de <strong>la reforma<\/strong>. Cuantos menos tabiques se muevan, m\u00e1s r\u00e1pido es. Pero si afecta a toda la tabiquer\u00eda y se modifica la estructura, la obra se alargar\u00e1.<\/p>\n\n\n\n<ul class=\"wp-block-list\">\n<li><strong>Reparaciones estructurales<\/strong>: arreglos de cimientos, paredes, techos y otras partes de la estructura.<\/li>\n\n\n\n<li><strong>Construcci\u00f3n nuevas estructuras<\/strong>: levantamiento de nuevas paredes, techos y otras estructuras.<\/li>\n<\/ul>\n\n\n\n<div style=\"height:31px\" aria-hidden=\"true\" class=\"wp-block-spacer\"><\/div>\n\n\n\n<h3 class=\"wp-block-heading\"><strong>Instalaciones<\/strong><\/h3>\n\n\n\n<div style=\"height:33px\" aria-hidden=\"true\" class=\"wp-block-spacer\"><\/div>\n\n\n\n<p>La <a href=\"https:\/\/instaljarque.com\/\" target=\"_blank\" rel=\"noreferrer noopener\">instalaci\u00f3n o actualizaci\u00f3n de los sistemas<\/a> el\u00e9ctricos, fontaner\u00eda, calefacci\u00f3n, ventilaci\u00f3n y aire acondicionado es esencial para una vivienda funcional y segura.<\/p>\n\n\n\n<p>Nosotras siempre recomendamos la utilizaci\u00f3n de materiales de alta calidad. Asimismo es importante realizar todas las comprobaciones para garantizar un funcionamiento \u00f3ptimo y seguro antes de dar por finalizadas las instalaciones:<\/p>\n\n\n\n<ul class=\"wp-block-list\">\n<li><strong>Instalaciones El\u00e9ctricas:<\/strong> Reemplazo o actualizaci\u00f3n del cableado, instalaci\u00f3n de nuevos puntos de luz, enchufes y sistemas de seguridad.<\/li>\n\n\n\n<li><strong>Fontaner\u00eda:<\/strong> Reemplazo o reparaci\u00f3n de tuber\u00edas, instalaci\u00f3n de nuevas tuber\u00edas para cocinas y ba\u00f1os.<\/li>\n\n\n\n<li><strong>HVAC:<\/strong> Instalaci\u00f3n o actualizaci\u00f3n de sistemas de calefacci\u00f3n y aire acondicionado.<\/li>\n<\/ul>\n\n\n\n<div style=\"height:41px\" aria-hidden=\"true\" class=\"wp-block-spacer\"><\/div>\n\n\n\n<h3 class=\"wp-block-heading\"><strong>Acabados y detalles<\/strong><\/h3>\n\n\n\n<div style=\"height:39px\" aria-hidden=\"true\" class=\"wp-block-spacer\"><\/div>\n\n\n\n<p>Los acabados incluyen todo el trabajo necesario para dejar la vivienda lista para ser habitada:&nbsp;<\/p>\n\n\n\n<ul class=\"wp-block-list\">\n<li><strong>Suelos y Revestimientos:<\/strong> Instalaci\u00f3n de suelos, azulejos y otros revestimientos.<\/li>\n\n\n\n<li><strong>Pintura:<\/strong> Pintura de paredes y techos.<\/li>\n\n\n\n<li><strong>Carpinter\u00eda:<\/strong> Instalaci\u00f3n de puertas, ventanas, armarios y otros elementos de carpinter\u00eda.<\/li>\n<\/ul>\n\n\n\n<div style=\"height:47px\" aria-hidden=\"true\" class=\"wp-block-spacer\"><\/div>\n\n\n\n<div class=\"wp-block-columns is-layout-flex wp-container-core-columns-is-layout-9d6595d7 wp-block-columns-is-layout-flex\">\n<div class=\"wp-block-column is-layout-flow wp-block-column-is-layout-flow\">\n<figure class=\"wp-block-image size-large is-resized\"><img loading=\"lazy\" decoding=\"async\" width=\"768\" height=\"1024\" src=\"https:\/\/inandoutarchitects.com\/wp-content\/uploads\/2024\/07\/IMG20230117091859-768x1024.jpg\" alt=\"Reforma en Barcelona - ANTES\" class=\"wp-image-2383\" style=\"width:416px;height:auto\" srcset=\"https:\/\/inandoutarchitects.com\/wp-content\/uploads\/2024\/07\/IMG20230117091859-768x1024.jpg 768w, https:\/\/inandoutarchitects.com\/wp-content\/uploads\/2024\/07\/IMG20230117091859-scaled-600x800.jpg 600w, https:\/\/inandoutarchitects.com\/wp-content\/uploads\/2024\/07\/IMG20230117091859-225x300.jpg 225w, https:\/\/inandoutarchitects.com\/wp-content\/uploads\/2024\/07\/IMG20230117091859-1152x1536.jpg 1152w, https:\/\/inandoutarchitects.com\/wp-content\/uploads\/2024\/07\/IMG20230117091859-1536x2048.jpg 1536w, https:\/\/inandoutarchitects.com\/wp-content\/uploads\/2024\/07\/IMG20230117091859-9x12.jpg 9w, https:\/\/inandoutarchitects.com\/wp-content\/uploads\/2024\/07\/IMG20230117091859-scaled.jpg 1920w\" sizes=\"(max-width: 768px) 100vw, 768px\" \/><figcaption class=\"wp-element-caption\">Reforma en Barcelona - ANTES<\/figcaption><\/figure>\n<\/div>\n\n\n\n<div class=\"wp-block-column is-layout-flow wp-block-column-is-layout-flow\">\n<figure class=\"wp-block-image size-large\"><img loading=\"lazy\" decoding=\"async\" width=\"1816\" height=\"2419\" src=\"https:\/\/inandoutarchitects.com\/wp-content\/uploads\/2024\/07\/20230727_115650-02-edited.jpg\" alt=\"Reforma en Barcelona - DESPU\u00c9S\" class=\"wp-image-2384\" srcset=\"https:\/\/inandoutarchitects.com\/wp-content\/uploads\/2024\/07\/20230727_115650-02-edited.jpg 1816w, https:\/\/inandoutarchitects.com\/wp-content\/uploads\/2024\/07\/20230727_115650-02-edited-600x799.jpg 600w, https:\/\/inandoutarchitects.com\/wp-content\/uploads\/2024\/07\/20230727_115650-02-edited-225x300.jpg 225w, https:\/\/inandoutarchitects.com\/wp-content\/uploads\/2024\/07\/20230727_115650-02-edited-769x1024.jpg 769w, https:\/\/inandoutarchitects.com\/wp-content\/uploads\/2024\/07\/20230727_115650-02-edited-768x1023.jpg 768w, https:\/\/inandoutarchitects.com\/wp-content\/uploads\/2024\/07\/20230727_115650-02-edited-1153x1536.jpg 1153w, https:\/\/inandoutarchitects.com\/wp-content\/uploads\/2024\/07\/20230727_115650-02-edited-1537x2048.jpg 1537w, https:\/\/inandoutarchitects.com\/wp-content\/uploads\/2024\/07\/20230727_115650-02-edited-9x12.jpg 9w\" sizes=\"(max-width: 1816px) 100vw, 1816px\" \/><figcaption class=\"wp-element-caption\">Reforma en Barcelona - DESPU\u00c9S<\/figcaption><\/figure>\n<\/div>\n<\/div>\n\n\n\n<div style=\"height:44px\" aria-hidden=\"true\" class=\"wp-block-spacer\"><\/div>\n\n\n\n<h2 class=\"wp-block-heading has-text-align-center has-luminous-vivid-amber-background-color has-background\"><strong><strong><strong><strong><strong>Inspecci\u00f3n final y aprobaci\u00f3n: 2 o 3 semanas<\/strong><\/strong><\/strong><\/strong><\/strong><\/h2>\n\n\n\n<div style=\"height:40px\" aria-hidden=\"true\" class=\"wp-block-spacer\"><\/div>\n\n\n\n<p>Antes de que la vivienda pueda ser habitada se requiere una <strong>inspecci\u00f3n final<\/strong> para asegurar que toda la obra se ha completado conforme a los planos y normativas locales.&nbsp;<\/p>\n\n\n\n<p>Es imprescindible tener toda la documentaci\u00f3n detallada de todos los trabajos realizados.&nbsp;<\/p>\n\n\n\n<p>Los plazos de inspecci\u00f3n var\u00edan seg\u00fan la administraci\u00f3n municipal, pero normalmente suele realizarse en 2 o 3 semanas.&nbsp;<\/p>\n\n\n\n<div style=\"height:41px\" aria-hidden=\"true\" class=\"wp-block-spacer\"><\/div>\n\n\n\n<h3 class=\"wp-block-heading\"><strong>&nbsp;Final d'obra, i a gaudir!<\/strong><\/h3>\n\n\n\n<div style=\"height:48px\" aria-hidden=\"true\" class=\"wp-block-spacer\"><\/div>\n\n\n\n<p>Antes de poder residir en la <strong>vivienda reformada<\/strong> se debe invertir entre una semana y un mes en acondicionarla. Una buena limpieza al acabar la reforma para proceder con la colocaci\u00f3n de los muebles.&nbsp;<\/p>\n\n\n\n<div style=\"height:48px\" aria-hidden=\"true\" class=\"wp-block-spacer\"><\/div>\n\n\n\n<h2 class=\"wp-block-heading has-text-align-center has-light-green-cyan-background-color has-background\"><strong><strong><strong><strong><strong><strong>Conclusiones<\/strong><\/strong><\/strong><\/strong><\/strong><\/strong><\/h2>\n\n\n\n<div style=\"height:47px\" aria-hidden=\"true\" class=\"wp-block-spacer\"><\/div>\n\n\n\n<p>La respuesta a la pregunta de <strong>cu\u00e1nto tiempo se tarda en reformar una casa<\/strong> es dif\u00edcil de establecer con exactitud, pero s\u00ed se puede dar una fecha aproximada.&nbsp;<\/p>\n\n\n\n<p>En la reforma planteada en este art\u00edculo, una casa de 100 m\u00b2, <strong>el c\u00e1lculo aproximado para todo el proceso oscila entre los 12 y los 19 meses, <\/strong>seg\u00fan el nivel del proyecto.&nbsp;<\/p>\n\n\n\n<p>As\u00ed pues, cuando se comienza una <strong>obra de reforma completa en una vivienda<\/strong>, durante 1 a\u00f1o como m\u00ednimo no se puede disfrutar del resultado final.&nbsp;<\/p>\n\n\n\n<p>A <strong>In&amp;Out Architects,<\/strong> intentamos concienciar a nuestros clientes de que el proceso es largo. Deben hacer un ejercicio de paciencia antes de que vean el resultado final. No obstante, para que la espera sea m\u00e1s llevadera, intentamos mantenerles informados peri\u00f3dicamente. Les comunicamos los avances e incluso organizamos visitas para que disfruten del proceso.&nbsp;<\/p>\n\n\n\n<p>\u00bfHas pensado hacer una reforma de tu vivienda? <a href=\"https:\/\/inandoutarchitects.com\/ca\/consultorias\/\" target=\"_blank\" rel=\"noreferrer noopener\">Ll\u00e1manos y te explicaremos<\/a> todos los detalles del proceso.<\/p>\n\n\n\n<div style=\"height:47px\" aria-hidden=\"true\" class=\"wp-block-spacer\"><\/div>\n\n\n<div class=\"wp-block-image\">\n<figure class=\"aligncenter size-large is-resized\"><a href=\"https:\/\/inandoutarchitects.com\/ca\/nosotras\/\" target=\"_blank\" rel=\"noreferrer noopener\"><img loading=\"lazy\" decoding=\"async\" width=\"1024\" height=\"1024\" src=\"https:\/\/inandoutarchitects.com\/wp-content\/uploads\/2023\/09\/OFIJ3758-1024x1024.jpg\" alt=\"In&amp;Out Architects\" class=\"wp-image-981\" style=\"width:425px;height:auto\" srcset=\"https:\/\/inandoutarchitects.com\/wp-content\/uploads\/2023\/09\/OFIJ3758-1024x1024.jpg 1024w, https:\/\/inandoutarchitects.com\/wp-content\/uploads\/2023\/09\/OFIJ3758-300x300.jpg 300w, https:\/\/inandoutarchitects.com\/wp-content\/uploads\/2023\/09\/OFIJ3758-100x100.jpg 100w, https:\/\/inandoutarchitects.com\/wp-content\/uploads\/2023\/09\/OFIJ3758-600x600.jpg 600w, https:\/\/inandoutarchitects.com\/wp-content\/uploads\/2023\/09\/OFIJ3758-150x150.jpg 150w, https:\/\/inandoutarchitects.com\/wp-content\/uploads\/2023\/09\/OFIJ3758-768x768.jpg 768w, https:\/\/inandoutarchitects.com\/wp-content\/uploads\/2023\/09\/OFIJ3758-650x650.jpg 650w, https:\/\/inandoutarchitects.com\/wp-content\/uploads\/2023\/09\/OFIJ3758.jpg 1134w\" sizes=\"(max-width: 1024px) 100vw, 1024px\" \/><\/a><figcaption class=\"wp-element-caption\">In&amp;Out Architects,<\/figcaption><\/figure>\n<\/div>\n\n\n<div style=\"height:39px\" aria-hidden=\"true\" class=\"wp-block-spacer\"><\/div>\n\n\n\n<div style=\"height:40px\" aria-hidden=\"true\" class=\"wp-block-spacer\"><\/div>","protected":false},"excerpt":{"rendered":"<p>Descubre cu\u00e1nto tiempo se tarda en reformar una casa de 100m\u00b2 y conoce cada fase detallada. Planifica tu reforma con informaci\u00f3n muy \u00fatil.<\/p>","protected":false},"author":2,"featured_media":2379,"comment_status":"closed","ping_status":"closed","sticky":false,"template":"","format":"standard","meta":{"inline_featured_image":false,"_monsterinsights_skip_tracking":false,"_monsterinsights_sitenote_active":false,"_monsterinsights_sitenote_note":"","_monsterinsights_sitenote_category":0,"_uf_show_specific_survey":0,"_uf_disable_surveys":false,"_jetpack_memberships_contains_paid_content":false,"footnotes":""},"categories":[19,11,12,13,14,15],"tags":[431,22,440,435,437,434,432,438,439,443,175,433,39,429,428,436,441,442,430],"class_list":["post-2376","post","type-post","status-publish","format-standard","has-post-thumbnail","hentry","category-arquitectura","category-compra-y-venta-de-inmuebles","category-interiorismo","category-reforma-integral","category-rehabilitacion","category-vivienda","tag-analisis-previo","tag-arquitecta","tag-carpinteria","tag-colegio-de-arquitectos","tag-construccion-de-nuevas-estructuras","tag-empresas-de-reformas","tag-experiencia-en-rehabilitaciones","tag-fontaneria","tag-instalaciones-electricas","tag-obra-de-reforma-completa-de-una-vivienda","tag-pintura","tag-presentacion-de-planos","tag-reforma","tag-rehabilitacion-2","tag-rehabilitacion-de-una-vivienda","tag-reparaciones-estructurales","tag-suelos-y-revestimientos","tag-vivienda-reformada","tag-vivienda-rehabilitada"],"yoast_head":"<!-- This site is optimized with the Yoast SEO plugin v27.5 - https:\/\/yoast.com\/product\/yoast-seo-wordpress\/ -->\n<title>\u00bfCu\u00e1nto tiempo se tarda en reformar una casa? Etapas y tiempos<\/title>\n<meta name=\"description\" content=\"Descubre cu\u00e1nto tiempo se tarda en reformar una casa de 100m\u00b2 y conoce cada fase detallada. Planifica tu reforma con informaci\u00f3n muy \u00fatil.\" \/>\n<meta name=\"robots\" content=\"index, follow, max-snippet:-1, max-image-preview:large, max-video-preview:-1\" \/>\n<link rel=\"canonical\" href=\"https:\/\/inandoutarchitects.com\/ca\/cuanto-tiempo-se-tarda-reformar-casa\/\" \/>\n<meta property=\"og:locale\" content=\"ca_ES\" \/>\n<meta property=\"og:type\" content=\"article\" \/>\n<meta property=\"og:title\" content=\"\u00bfCu\u00e1nto tiempo se tarda en reformar una casa? Etapas y tiempos\" \/>\n<meta property=\"og:description\" content=\"Descubre cu\u00e1nto tiempo se tarda en reformar una casa de 100m\u00b2 y conoce cada fase detallada. Planifica tu reforma con informaci\u00f3n muy \u00fatil.\" \/>\n<meta property=\"og:url\" content=\"https:\/\/inandoutarchitects.com\/ca\/cuanto-tiempo-se-tarda-reformar-casa\/\" \/>\n<meta property=\"og:site_name\" content=\"In&amp;Out Architects\" \/>\n<meta property=\"article:published_time\" content=\"2024-07-17T07:00:00+00:00\" \/>\n<meta property=\"article:modified_time\" content=\"2025-05-02T07:52:28+00:00\" \/>\n<meta property=\"og:image\" content=\"https:\/\/inandoutarchitects.com\/wp-content\/uploads\/2024\/07\/20230329_111815-scaled.jpg\" \/>\n\t<meta property=\"og:image:width\" content=\"2560\" \/>\n\t<meta property=\"og:image:height\" content=\"1152\" \/>\n\t<meta property=\"og:image:type\" content=\"image\/jpeg\" \/>\n<meta name=\"author\" content=\"In&amp;Out Architects\" \/>\n<meta name=\"twitter:card\" content=\"summary_large_image\" \/>\n<meta name=\"twitter:label1\" content=\"Escrit per\" \/>\n\t<meta name=\"twitter:data1\" content=\"In&amp;Out Architects\" \/>\n\t<meta name=\"twitter:label2\" content=\"Temps estimat de lectura\" \/>\n\t<meta name=\"twitter:data2\" content=\"8 minuts\" \/>\n<script type=\"application\/ld+json\" class=\"yoast-schema-graph\">{\"@context\":\"https:\\\/\\\/schema.org\",\"@graph\":[{\"@type\":\"Article\",\"@id\":\"https:\\\/\\\/inandoutarchitects.com\\\/cuanto-tiempo-se-tarda-reformar-casa\\\/#article\",\"isPartOf\":{\"@id\":\"https:\\\/\\\/inandoutarchitects.com\\\/cuanto-tiempo-se-tarda-reformar-casa\\\/\"},\"author\":{\"name\":\"In&amp;Out Architects\",\"@id\":\"https:\\\/\\\/inandoutarchitects.com\\\/#\\\/schema\\\/person\\\/292e3263f0aea9984c4295935178554a\"},\"headline\":\"\u00bfCU\u00c1NTO TIEMPO SE TARDA EN REFORMAR UNA CASA?\",\"datePublished\":\"2024-07-17T07:00:00+00:00\",\"dateModified\":\"2025-05-02T07:52:28+00:00\",\"mainEntityOfPage\":{\"@id\":\"https:\\\/\\\/inandoutarchitects.com\\\/cuanto-tiempo-se-tarda-reformar-casa\\\/\"},\"wordCount\":1365,\"publisher\":{\"@id\":\"https:\\\/\\\/inandoutarchitects.com\\\/#organization\"},\"image\":{\"@id\":\"https:\\\/\\\/inandoutarchitects.com\\\/cuanto-tiempo-se-tarda-reformar-casa\\\/#primaryimage\"},\"thumbnailUrl\":\"https:\\\/\\\/inandoutarchitects.com\\\/wp-content\\\/uploads\\\/2024\\\/07\\\/20230329_111815-scaled.jpg\",\"keywords\":[\"an\u00e1lisis previo\",\"arquitecta\",\"carpinter\u00eda\",\"colegio de arquitectos\",\"construcci\u00f3n de nuevas estructuras\",\"empresas de reformas\",\"experiencia en rehabilitaciones\",\"fontaner\u00eda\",\"instalaciones el\u00e9ctricas\",\"obra de reforma completa de una vivienda\",\"pintura\",\"presentaci\u00f3n de planos\",\"reforma\",\"rehabilitaci\u00f3n\",\"Rehabilitaci\u00f3n de una vivienda\",\"reparaciones estructurales\",\"suelos y revestimientos\",\"vivienda reformada\",\"vivienda rehabilitada\"],\"articleSection\":[\"Arquitectura\",\"Compra y Venta De Inmuebles\",\"Interiorismo\",\"Reforma Integral\",\"Rehabilitaci\u00f3n\",\"Vivienda\"],\"inLanguage\":\"ca\"},{\"@type\":\"WebPage\",\"@id\":\"https:\\\/\\\/inandoutarchitects.com\\\/cuanto-tiempo-se-tarda-reformar-casa\\\/\",\"url\":\"https:\\\/\\\/inandoutarchitects.com\\\/cuanto-tiempo-se-tarda-reformar-casa\\\/\",\"name\":\"\u00bfCu\u00e1nto tiempo se tarda en reformar una casa? Etapas y tiempos\",\"isPartOf\":{\"@id\":\"https:\\\/\\\/inandoutarchitects.com\\\/#website\"},\"primaryImageOfPage\":{\"@id\":\"https:\\\/\\\/inandoutarchitects.com\\\/cuanto-tiempo-se-tarda-reformar-casa\\\/#primaryimage\"},\"image\":{\"@id\":\"https:\\\/\\\/inandoutarchitects.com\\\/cuanto-tiempo-se-tarda-reformar-casa\\\/#primaryimage\"},\"thumbnailUrl\":\"https:\\\/\\\/inandoutarchitects.com\\\/wp-content\\\/uploads\\\/2024\\\/07\\\/20230329_111815-scaled.jpg\",\"datePublished\":\"2024-07-17T07:00:00+00:00\",\"dateModified\":\"2025-05-02T07:52:28+00:00\",\"description\":\"Descubre cu\u00e1nto tiempo se tarda en reformar una casa de 100m\u00b2 y conoce cada fase detallada. Planifica tu reforma con informaci\u00f3n muy \u00fatil.\",\"breadcrumb\":{\"@id\":\"https:\\\/\\\/inandoutarchitects.com\\\/cuanto-tiempo-se-tarda-reformar-casa\\\/#breadcrumb\"},\"inLanguage\":\"ca\",\"potentialAction\":[{\"@type\":\"ReadAction\",\"target\":[\"https:\\\/\\\/inandoutarchitects.com\\\/cuanto-tiempo-se-tarda-reformar-casa\\\/\"]}]},{\"@type\":\"ImageObject\",\"inLanguage\":\"ca\",\"@id\":\"https:\\\/\\\/inandoutarchitects.com\\\/cuanto-tiempo-se-tarda-reformar-casa\\\/#primaryimage\",\"url\":\"https:\\\/\\\/inandoutarchitects.com\\\/wp-content\\\/uploads\\\/2024\\\/07\\\/20230329_111815-scaled.jpg\",\"contentUrl\":\"https:\\\/\\\/inandoutarchitects.com\\\/wp-content\\\/uploads\\\/2024\\\/07\\\/20230329_111815-scaled.jpg\",\"width\":2560,\"height\":1152,\"caption\":\"piso en obras\"},{\"@type\":\"BreadcrumbList\",\"@id\":\"https:\\\/\\\/inandoutarchitects.com\\\/cuanto-tiempo-se-tarda-reformar-casa\\\/#breadcrumb\",\"itemListElement\":[{\"@type\":\"ListItem\",\"position\":1,\"name\":\"Portada\",\"item\":\"https:\\\/\\\/inandoutarchitects.com\\\/\"},{\"@type\":\"ListItem\",\"position\":2,\"name\":\"\u00bfCU\u00c1NTO TIEMPO SE TARDA EN REFORMAR UNA CASA?\"}]},{\"@type\":\"WebSite\",\"@id\":\"https:\\\/\\\/inandoutarchitects.com\\\/#website\",\"url\":\"https:\\\/\\\/inandoutarchitects.com\\\/\",\"name\":\"In&amp;Out Architects\",\"description\":\"\",\"publisher\":{\"@id\":\"https:\\\/\\\/inandoutarchitects.com\\\/#organization\"},\"potentialAction\":[{\"@type\":\"SearchAction\",\"target\":{\"@type\":\"EntryPoint\",\"urlTemplate\":\"https:\\\/\\\/inandoutarchitects.com\\\/?s={search_term_string}\"},\"query-input\":{\"@type\":\"PropertyValueSpecification\",\"valueRequired\":true,\"valueName\":\"search_term_string\"}}],\"inLanguage\":\"ca\"},{\"@type\":\"Organization\",\"@id\":\"https:\\\/\\\/inandoutarchitects.com\\\/#organization\",\"name\":\"In&amp;Out Architects\",\"url\":\"https:\\\/\\\/inandoutarchitects.com\\\/\",\"logo\":{\"@type\":\"ImageObject\",\"inLanguage\":\"ca\",\"@id\":\"https:\\\/\\\/inandoutarchitects.com\\\/#\\\/schema\\\/logo\\\/image\\\/\",\"url\":\"https:\\\/\\\/inandoutarchitects.com\\\/wp-content\\\/uploads\\\/2023\\\/08\\\/cropped-Enmascarar-grupo-8.png\",\"contentUrl\":\"https:\\\/\\\/inandoutarchitects.com\\\/wp-content\\\/uploads\\\/2023\\\/08\\\/cropped-Enmascarar-grupo-8.png\",\"width\":83,\"height\":83,\"caption\":\"In&amp;Out Architects\"},\"image\":{\"@id\":\"https:\\\/\\\/inandoutarchitects.com\\\/#\\\/schema\\\/logo\\\/image\\\/\"}},{\"@type\":\"Person\",\"@id\":\"https:\\\/\\\/inandoutarchitects.com\\\/#\\\/schema\\\/person\\\/292e3263f0aea9984c4295935178554a\",\"name\":\"In&amp;Out Architects\",\"image\":{\"@type\":\"ImageObject\",\"inLanguage\":\"ca\",\"@id\":\"https:\\\/\\\/secure.gravatar.com\\\/avatar\\\/178e3b4da81df952ecf530155c11623ff7880803ec5ed98698457e47aee069a4?s=96&d=mm&r=g\",\"url\":\"https:\\\/\\\/secure.gravatar.com\\\/avatar\\\/178e3b4da81df952ecf530155c11623ff7880803ec5ed98698457e47aee069a4?s=96&d=mm&r=g\",\"contentUrl\":\"https:\\\/\\\/secure.gravatar.com\\\/avatar\\\/178e3b4da81df952ecf530155c11623ff7880803ec5ed98698457e47aee069a4?s=96&d=mm&r=g\",\"caption\":\"In&amp;Out Architects\"},\"url\":\"https:\\\/\\\/inandoutarchitects.com\\\/ca\\\/author\\\/usuario\\\/\"}]}<\/script>\n<!-- \/ Yoast SEO plugin. -->","yoast_head_json":{"title":"\u00bfCu\u00e1nto tiempo se tarda en reformar una casa? Etapas y tiempos","description":"Descubre cu\u00e1nto tiempo se tarda en reformar una casa de 100m\u00b2 y conoce cada fase detallada. Planifica tu reforma con informaci\u00f3n muy \u00fatil.","robots":{"index":"index","follow":"follow","max-snippet":"max-snippet:-1","max-image-preview":"max-image-preview:large","max-video-preview":"max-video-preview:-1"},"canonical":"https:\/\/inandoutarchitects.com\/ca\/cuanto-tiempo-se-tarda-reformar-casa\/","og_locale":"ca_ES","og_type":"article","og_title":"\u00bfCu\u00e1nto tiempo se tarda en reformar una casa? Etapas y tiempos","og_description":"Descubre cu\u00e1nto tiempo se tarda en reformar una casa de 100m\u00b2 y conoce cada fase detallada. Planifica tu reforma con informaci\u00f3n muy \u00fatil.","og_url":"https:\/\/inandoutarchitects.com\/ca\/cuanto-tiempo-se-tarda-reformar-casa\/","og_site_name":"In&amp;Out Architects","article_published_time":"2024-07-17T07:00:00+00:00","article_modified_time":"2025-05-02T07:52:28+00:00","og_image":[{"width":2560,"height":1152,"url":"https:\/\/inandoutarchitects.com\/wp-content\/uploads\/2024\/07\/20230329_111815-scaled.jpg","type":"image\/jpeg"}],"author":"In&amp;Out Architects","twitter_card":"summary_large_image","twitter_misc":{"Escrit per":"In&amp;Out Architects","Temps estimat de lectura":"8 minuts"},"schema":{"@context":"https:\/\/schema.org","@graph":[{"@type":"Article","@id":"https:\/\/inandoutarchitects.com\/cuanto-tiempo-se-tarda-reformar-casa\/#article","isPartOf":{"@id":"https:\/\/inandoutarchitects.com\/cuanto-tiempo-se-tarda-reformar-casa\/"},"author":{"name":"In&amp;Out Architects","@id":"https:\/\/inandoutarchitects.com\/#\/schema\/person\/292e3263f0aea9984c4295935178554a"},"headline":"\u00bfCU\u00c1NTO TIEMPO SE TARDA EN REFORMAR UNA CASA?","datePublished":"2024-07-17T07:00:00+00:00","dateModified":"2025-05-02T07:52:28+00:00","mainEntityOfPage":{"@id":"https:\/\/inandoutarchitects.com\/cuanto-tiempo-se-tarda-reformar-casa\/"},"wordCount":1365,"publisher":{"@id":"https:\/\/inandoutarchitects.com\/#organization"},"image":{"@id":"https:\/\/inandoutarchitects.com\/cuanto-tiempo-se-tarda-reformar-casa\/#primaryimage"},"thumbnailUrl":"https:\/\/inandoutarchitects.com\/wp-content\/uploads\/2024\/07\/20230329_111815-scaled.jpg","keywords":["an\u00e1lisis previo","arquitecta","carpinter\u00eda","colegio de arquitectos","construcci\u00f3n de nuevas estructuras","empresas de reformas","experiencia en rehabilitaciones","fontaner\u00eda","instalaciones el\u00e9ctricas","obra de reforma completa de una vivienda","pintura","presentaci\u00f3n de planos","reforma","rehabilitaci\u00f3n","Rehabilitaci\u00f3n de una vivienda","reparaciones estructurales","suelos y revestimientos","vivienda reformada","vivienda rehabilitada"],"articleSection":["Arquitectura","Compra y Venta De Inmuebles","Interiorismo","Reforma Integral","Rehabilitaci\u00f3n","Vivienda"],"inLanguage":"ca"},{"@type":"WebPage","@id":"https:\/\/inandoutarchitects.com\/cuanto-tiempo-se-tarda-reformar-casa\/","url":"https:\/\/inandoutarchitects.com\/cuanto-tiempo-se-tarda-reformar-casa\/","name":"\u00bfCu\u00e1nto tiempo se tarda en reformar una casa? Etapas y tiempos","isPartOf":{"@id":"https:\/\/inandoutarchitects.com\/#website"},"primaryImageOfPage":{"@id":"https:\/\/inandoutarchitects.com\/cuanto-tiempo-se-tarda-reformar-casa\/#primaryimage"},"image":{"@id":"https:\/\/inandoutarchitects.com\/cuanto-tiempo-se-tarda-reformar-casa\/#primaryimage"},"thumbnailUrl":"https:\/\/inandoutarchitects.com\/wp-content\/uploads\/2024\/07\/20230329_111815-scaled.jpg","datePublished":"2024-07-17T07:00:00+00:00","dateModified":"2025-05-02T07:52:28+00:00","description":"Descubre cu\u00e1nto tiempo se tarda en reformar una casa de 100m\u00b2 y conoce cada fase detallada. Planifica tu reforma con informaci\u00f3n muy \u00fatil.","breadcrumb":{"@id":"https:\/\/inandoutarchitects.com\/cuanto-tiempo-se-tarda-reformar-casa\/#breadcrumb"},"inLanguage":"ca","potentialAction":[{"@type":"ReadAction","target":["https:\/\/inandoutarchitects.com\/cuanto-tiempo-se-tarda-reformar-casa\/"]}]},{"@type":"ImageObject","inLanguage":"ca","@id":"https:\/\/inandoutarchitects.com\/cuanto-tiempo-se-tarda-reformar-casa\/#primaryimage","url":"https:\/\/inandoutarchitects.com\/wp-content\/uploads\/2024\/07\/20230329_111815-scaled.jpg","contentUrl":"https:\/\/inandoutarchitects.com\/wp-content\/uploads\/2024\/07\/20230329_111815-scaled.jpg","width":2560,"height":1152,"caption":"piso en obras"},{"@type":"BreadcrumbList","@id":"https:\/\/inandoutarchitects.com\/cuanto-tiempo-se-tarda-reformar-casa\/#breadcrumb","itemListElement":[{"@type":"ListItem","position":1,"name":"Portada","item":"https:\/\/inandoutarchitects.com\/"},{"@type":"ListItem","position":2,"name":"\u00bfCU\u00c1NTO TIEMPO SE TARDA EN REFORMAR UNA CASA?"}]},{"@type":"WebSite","@id":"https:\/\/inandoutarchitects.com\/#website","url":"https:\/\/inandoutarchitects.com\/","name":"In&amp;Out Architects,","description":"","publisher":{"@id":"https:\/\/inandoutarchitects.com\/#organization"},"potentialAction":[{"@type":"SearchAction","target":{"@type":"EntryPoint","urlTemplate":"https:\/\/inandoutarchitects.com\/?s={search_term_string}"},"query-input":{"@type":"PropertyValueSpecification","valueRequired":true,"valueName":"search_term_string"}}],"inLanguage":"ca"},{"@type":"Organization","@id":"https:\/\/inandoutarchitects.com\/#organization","name":"In&amp;Out Architects,","url":"https:\/\/inandoutarchitects.com\/","logo":{"@type":"ImageObject","inLanguage":"ca","@id":"https:\/\/inandoutarchitects.com\/#\/schema\/logo\/image\/","url":"https:\/\/inandoutarchitects.com\/wp-content\/uploads\/2023\/08\/cropped-Enmascarar-grupo-8.png","contentUrl":"https:\/\/inandoutarchitects.com\/wp-content\/uploads\/2023\/08\/cropped-Enmascarar-grupo-8.png","width":83,"height":83,"caption":"In&amp;Out Architects"},"image":{"@id":"https:\/\/inandoutarchitects.com\/#\/schema\/logo\/image\/"}},{"@type":"Person","@id":"https:\/\/inandoutarchitects.com\/#\/schema\/person\/292e3263f0aea9984c4295935178554a","name":"In&amp;Out Architects,","image":{"@type":"ImageObject","inLanguage":"ca","@id":"https:\/\/secure.gravatar.com\/avatar\/178e3b4da81df952ecf530155c11623ff7880803ec5ed98698457e47aee069a4?s=96&d=mm&r=g","url":"https:\/\/secure.gravatar.com\/avatar\/178e3b4da81df952ecf530155c11623ff7880803ec5ed98698457e47aee069a4?s=96&d=mm&r=g","contentUrl":"https:\/\/secure.gravatar.com\/avatar\/178e3b4da81df952ecf530155c11623ff7880803ec5ed98698457e47aee069a4?s=96&d=mm&r=g","caption":"In&amp;Out Architects"},"url":"https:\/\/inandoutarchitects.com\/ca\/author\/usuario\/"}]}},"jetpack_featured_media_url":"https:\/\/inandoutarchitects.com\/wp-content\/uploads\/2024\/07\/20230329_111815-scaled.jpg","jetpack_sharing_enabled":true,"_links":{"self":[{"href":"https:\/\/inandoutarchitects.com\/ca\/wp-json\/wp\/v2\/posts\/2376","targetHints":{"allow":["GET"]}}],"collection":[{"href":"https:\/\/inandoutarchitects.com\/ca\/wp-json\/wp\/v2\/posts"}],"about":[{"href":"https:\/\/inandoutarchitects.com\/ca\/wp-json\/wp\/v2\/types\/post"}],"author":[{"embeddable":true,"href":"https:\/\/inandoutarchitects.com\/ca\/wp-json\/wp\/v2\/users\/2"}],"replies":[{"embeddable":true,"href":"https:\/\/inandoutarchitects.com\/ca\/wp-json\/wp\/v2\/comments?post=2376"}],"version-history":[{"count":15,"href":"https:\/\/inandoutarchitects.com\/ca\/wp-json\/wp\/v2\/posts\/2376\/revisions"}],"predecessor-version":[{"id":2660,"href":"https:\/\/inandoutarchitects.com\/ca\/wp-json\/wp\/v2\/posts\/2376\/revisions\/2660"}],"wp:featuredmedia":[{"embeddable":true,"href":"https:\/\/inandoutarchitects.com\/ca\/wp-json\/wp\/v2\/media\/2379"}],"wp:attachment":[{"href":"https:\/\/inandoutarchitects.com\/ca\/wp-json\/wp\/v2\/media?parent=2376"}],"wp:term":[{"taxonomy":"category","embeddable":true,"href":"https:\/\/inandoutarchitects.com\/ca\/wp-json\/wp\/v2\/categories?post=2376"},{"taxonomy":"post_tag","embeddable":true,"href":"https:\/\/inandoutarchitects.com\/ca\/wp-json\/wp\/v2\/tags?post=2376"}],"curies":[{"name":"wp","href":"https:\/\/api.w.org\/{rel}","templated":true}]}}