{"id":2335,"date":"2024-06-12T08:30:00","date_gmt":"2024-06-12T08:30:00","guid":{"rendered":"https:\/\/inandoutarchitects.com\/?p=2335"},"modified":"2025-05-02T07:51:36","modified_gmt":"2025-05-02T07:51:36","slug":"reformar-buhardilla-casa-pueblo","status":"publish","type":"post","link":"https:\/\/inandoutarchitects.com\/ca\/reformar-buhardilla-casa-pueblo\/","title":{"rendered":"C\u00d3MO CONVERTIR UNA ANTIGUA BUHARDILLA EN UN ESPACIO \u00daTIL"},"content":{"rendered":"<div style=\"height:28px\" aria-hidden=\"true\" class=\"wp-block-spacer\"><\/div>\n\n\n\n<p>La naturaleza nos llama cada vez m\u00e1s. Las personas que vivimos en ciudades huimos a menudo hacia lugares menos aglomerados y con aires m\u00e1s frescos y limpios. Es por eso que muchas antiguas casas de pueblo se convierten en segundas residencias o&nbsp; fant\u00e1sticos alojamientos rurales. Y, desde la pandemia, cada vez m\u00e1s albergan todo el a\u00f1o a familias completas que huyen de las mundanas y ruidosas urbes.<\/p>\n\n\n\n<p>Pero claro, estas casas rurales est\u00e1n deterioradas y sus estancias hay que acondicionarlas a la vida actual. <strong>&nbsp;Reformar la buhardilla de la casa del pueblo<\/strong> es lo \u00faltimo que se suele hacer.&nbsp;<\/p>\n\n\n\n<div style=\"height:34px\" aria-hidden=\"true\" class=\"wp-block-spacer\"><\/div>\n\n\n<div class=\"wp-block-image\">\n<figure class=\"aligncenter size-large is-resized\"><img fetchpriority=\"high\" decoding=\"async\" width=\"768\" height=\"1024\" src=\"https:\/\/inandoutarchitects.com\/wp-content\/uploads\/2024\/06\/pexels-lemapuche-breton-1470236-13378890-768x1024.jpg\" alt=\"\" class=\"wp-image-2342\" style=\"width:440px;height:auto\" srcset=\"https:\/\/inandoutarchitects.com\/wp-content\/uploads\/2024\/06\/pexels-lemapuche-breton-1470236-13378890-768x1024.jpg 768w, https:\/\/inandoutarchitects.com\/wp-content\/uploads\/2024\/06\/pexels-lemapuche-breton-1470236-13378890-scaled-600x800.jpg 600w, https:\/\/inandoutarchitects.com\/wp-content\/uploads\/2024\/06\/pexels-lemapuche-breton-1470236-13378890-225x300.jpg 225w, https:\/\/inandoutarchitects.com\/wp-content\/uploads\/2024\/06\/pexels-lemapuche-breton-1470236-13378890-1152x1536.jpg 1152w, https:\/\/inandoutarchitects.com\/wp-content\/uploads\/2024\/06\/pexels-lemapuche-breton-1470236-13378890-1536x2048.jpg 1536w, https:\/\/inandoutarchitects.com\/wp-content\/uploads\/2024\/06\/pexels-lemapuche-breton-1470236-13378890-9x12.jpg 9w, https:\/\/inandoutarchitects.com\/wp-content\/uploads\/2024\/06\/pexels-lemapuche-breton-1470236-13378890-scaled.jpg 1920w\" sizes=\"(max-width: 768px) 100vw, 768px\" \/><\/figure>\n<\/div>\n\n\n<div style=\"height:30px\" aria-hidden=\"true\" class=\"wp-block-spacer\"><\/div>\n\n\n\n<p>En este art\u00edculo planteamos opciones para dar uso a <strong>esos espacios olvidados en las casas de pueblo<\/strong>,<strong> las buhardillas.<\/strong> Qu\u00e9 debemos tener en cuenta al hacer este tipo de reforma y cu\u00e1les son los elementos b\u00e1sicos implicados.<\/p>\n\n\n\n<div style=\"height:23px\" aria-hidden=\"true\" class=\"wp-block-spacer\"><\/div>\n\n\n\n<h2 class=\"wp-block-heading has-text-align-center has-luminous-vivid-amber-background-color has-background\"><strong><strong><strong><strong>Distribuci\u00f3n y usos de los espacios de una casa de campo en tiempos pasados<\/strong><\/strong><\/strong><\/strong><\/h2>\n\n\n\n<div style=\"height:18px\" aria-hidden=\"true\" class=\"wp-block-spacer\"><\/div>\n\n\n\n<p>Antiguamente, la parte inferior de una casa de campo albergaba la cuadra donde se guardaban los animales. De esta forma, se aprovechaba el calor del ganado que ascend\u00eda hacia el piso superior, donde resid\u00eda la familia. El calor de los animales ayudaba a calentar la zona de residencia e imped\u00eda que la humedad ascendiera.<\/p>\n\n\n\n<p>Del mismo modo, <strong>la buhardilla estaba destinada a guardar el grano, frutos secos y otros alimentos durante el invierno.&nbsp;<\/strong><\/p>\n\n\n\n<div style=\"height:28px\" aria-hidden=\"true\" class=\"wp-block-spacer\"><\/div>\n\n\n<div class=\"wp-block-image\">\n<figure class=\"aligncenter size-large is-resized\"><img decoding=\"async\" width=\"683\" height=\"1024\" src=\"https:\/\/inandoutarchitects.com\/wp-content\/uploads\/2024\/06\/pexels-wenchengphoto-8019613-1-683x1024.jpg\" alt=\"reformar buhardilla\" class=\"wp-image-2344\" style=\"width:480px;height:auto\" srcset=\"https:\/\/inandoutarchitects.com\/wp-content\/uploads\/2024\/06\/pexels-wenchengphoto-8019613-1-683x1024.jpg 683w, https:\/\/inandoutarchitects.com\/wp-content\/uploads\/2024\/06\/pexels-wenchengphoto-8019613-1-scaled-600x900.jpg 600w, https:\/\/inandoutarchitects.com\/wp-content\/uploads\/2024\/06\/pexels-wenchengphoto-8019613-1-200x300.jpg 200w, https:\/\/inandoutarchitects.com\/wp-content\/uploads\/2024\/06\/pexels-wenchengphoto-8019613-1-768x1152.jpg 768w, https:\/\/inandoutarchitects.com\/wp-content\/uploads\/2024\/06\/pexels-wenchengphoto-8019613-1-1024x1536.jpg 1024w, https:\/\/inandoutarchitects.com\/wp-content\/uploads\/2024\/06\/pexels-wenchengphoto-8019613-1-1365x2048.jpg 1365w, https:\/\/inandoutarchitects.com\/wp-content\/uploads\/2024\/06\/pexels-wenchengphoto-8019613-1-8x12.jpg 8w, https:\/\/inandoutarchitects.com\/wp-content\/uploads\/2024\/06\/pexels-wenchengphoto-8019613-1-scaled.jpg 1707w\" sizes=\"(max-width: 683px) 100vw, 683px\" \/><\/figure>\n<\/div>\n\n\n<div style=\"height:36px\" aria-hidden=\"true\" class=\"wp-block-spacer\"><\/div>\n\n\n\n<p>No cabe duda de que las <strong>antiguas viviendas rurales<\/strong> estaban destinadas a otras formas de vida. Sin embargo, adem\u00e1s de acoger al sector agrario y ganadero, hoy en d\u00eda <strong>la antigua casa de pag\u00e9s <\/strong>puede ser una muy buena opci\u00f3n para cualquier otra actividad:<\/p>\n\n\n\n<div style=\"height:15px\" aria-hidden=\"true\" class=\"wp-block-spacer\"><\/div>\n\n\n\n<ul class=\"wp-block-list\">\n<li><strong>Segunda residencia,<\/strong> vacacional o de fin de semana.<\/li>\n\n\n\n<li><strong>Casa de retiro.<\/strong><\/li>\n\n\n\n<li><strong>Turismo rural.<\/strong><\/li>\n\n\n\n<li><strong>Vivienda habitual<\/strong> con zona de trabajo.<\/li>\n\n\n\n<li>Etc.<\/li>\n<\/ul>\n\n\n\n<div style=\"height:20px\" aria-hidden=\"true\" class=\"wp-block-spacer\"><\/div>\n\n\n\n<h2 class=\"wp-block-heading has-text-align-center has-luminous-vivid-amber-background-color has-background\"><strong><strong><strong><strong>\u00bfPor qu\u00e9 reformar la buhardilla de la casa del pueblo?<\/strong><\/strong><\/strong><\/strong><\/h2>\n\n\n\n<div style=\"height:26px\" aria-hidden=\"true\" class=\"wp-block-spacer\"><\/div>\n\n\n\n<p>Los cambios demogr\u00e1ficos y las migraciones han propiciado que abunde la existencia de <strong>casas deshabitadas<\/strong> en muchas <strong>poblaciones rurales. <\/strong>Incluso se dejaron de atender y mantener las <strong>casas de los abuelos<\/strong> o casas familiares debido al alto coste que supon\u00eda hacerlo en aquella \u00e9poca.<\/p>\n\n\n\n<p>Hoy d\u00eda, muchos de los descendientes de aquellos propietarios que han decidido convertir la antigua casa familiar en un fant\u00e1stico <strong>alojamiento rural<\/strong> lo tienen claro. Para ellos, el hecho de <strong>reformar la buhardilla de la casa del pueblo<\/strong> no es otra cosa que para poder <strong>incrementar los ingresos.<\/strong><\/p>\n\n\n\n<p>Al convertir la buhardilla en un espacio \u00fatil, se <strong>incrementa el espacio habitable.<\/strong> Por otro lado, al <strong>renovar el desv\u00e1n de la finca r\u00fastica familiar,<\/strong> la est\u00e9tica de la vivienda mejora y aumenta el valor patrimonial.<\/p>\n\n\n\n<div style=\"height:37px\" aria-hidden=\"true\" class=\"wp-block-spacer\"><\/div>\n\n\n\n<div class=\"wp-block-columns are-vertically-aligned-center is-layout-flex wp-container-core-columns-is-layout-9d6595d7 wp-block-columns-is-layout-flex\">\n<div class=\"wp-block-column is-vertically-aligned-center is-layout-flow wp-block-column-is-layout-flow\"><div class=\"wp-block-image\">\n<figure class=\"aligncenter size-large\"><img decoding=\"async\" width=\"683\" height=\"1024\" src=\"https:\/\/inandoutarchitects.com\/wp-content\/uploads\/2024\/06\/pexels-cottonbro-9707354-683x1024.jpg\" alt=\"reformar buhardilla\" class=\"wp-image-2345\" srcset=\"https:\/\/inandoutarchitects.com\/wp-content\/uploads\/2024\/06\/pexels-cottonbro-9707354-683x1024.jpg 683w, https:\/\/inandoutarchitects.com\/wp-content\/uploads\/2024\/06\/pexels-cottonbro-9707354-scaled-600x900.jpg 600w, https:\/\/inandoutarchitects.com\/wp-content\/uploads\/2024\/06\/pexels-cottonbro-9707354-200x300.jpg 200w, https:\/\/inandoutarchitects.com\/wp-content\/uploads\/2024\/06\/pexels-cottonbro-9707354-768x1152.jpg 768w, https:\/\/inandoutarchitects.com\/wp-content\/uploads\/2024\/06\/pexels-cottonbro-9707354-1024x1536.jpg 1024w, https:\/\/inandoutarchitects.com\/wp-content\/uploads\/2024\/06\/pexels-cottonbro-9707354-1365x2048.jpg 1365w, https:\/\/inandoutarchitects.com\/wp-content\/uploads\/2024\/06\/pexels-cottonbro-9707354-8x12.jpg 8w, https:\/\/inandoutarchitects.com\/wp-content\/uploads\/2024\/06\/pexels-cottonbro-9707354-scaled.jpg 1707w\" sizes=\"(max-width: 683px) 100vw, 683px\" \/><\/figure>\n<\/div><\/div>\n\n\n\n<div class=\"wp-block-column is-vertically-aligned-center is-layout-flow wp-block-column-is-layout-flow\"><div class=\"wp-block-image\">\n<figure class=\"aligncenter size-large\"><img loading=\"lazy\" decoding=\"async\" width=\"684\" height=\"1024\" src=\"https:\/\/inandoutarchitects.com\/wp-content\/uploads\/2024\/06\/pexels-juanico-8620651-684x1024.jpg\" alt=\"reformar buhardilla\" class=\"wp-image-2346\" srcset=\"https:\/\/inandoutarchitects.com\/wp-content\/uploads\/2024\/06\/pexels-juanico-8620651-684x1024.jpg 684w, https:\/\/inandoutarchitects.com\/wp-content\/uploads\/2024\/06\/pexels-juanico-8620651-scaled-600x898.jpg 600w, https:\/\/inandoutarchitects.com\/wp-content\/uploads\/2024\/06\/pexels-juanico-8620651-200x300.jpg 200w, https:\/\/inandoutarchitects.com\/wp-content\/uploads\/2024\/06\/pexels-juanico-8620651-768x1150.jpg 768w, https:\/\/inandoutarchitects.com\/wp-content\/uploads\/2024\/06\/pexels-juanico-8620651-1026x1536.jpg 1026w, https:\/\/inandoutarchitects.com\/wp-content\/uploads\/2024\/06\/pexels-juanico-8620651-1368x2048.jpg 1368w, https:\/\/inandoutarchitects.com\/wp-content\/uploads\/2024\/06\/pexels-juanico-8620651-8x12.jpg 8w, https:\/\/inandoutarchitects.com\/wp-content\/uploads\/2024\/06\/pexels-juanico-8620651-scaled.jpg 1710w\" sizes=\"(max-width: 684px) 100vw, 684px\" \/><\/figure>\n<\/div><\/div>\n<\/div>\n\n\n\n<div style=\"height:36px\" aria-hidden=\"true\" class=\"wp-block-spacer\"><\/div>\n\n\n\n<h3 class=\"wp-block-heading\"><strong><strong><strong><strong>Requisitos fundamentales para la reforma de una buhardilla<\/strong><\/strong><\/strong><\/strong><\/h3>\n\n\n\n<div style=\"height:22px\" aria-hidden=\"true\" class=\"wp-block-spacer\"><\/div>\n\n\n\n<p>Al margen de la utilidad que se le pretenda dar,<strong> reformar la buhardilla de la casa del pueblo<\/strong> requiere una evaluaci\u00f3n general previa. Un examen que tenga en cuenta aspectos fundamentales, tanto por motivos funcionales como est\u00e9ticos o de seguridad.<\/p>\n\n\n\n<p><strong>Reformar la buhardilla<\/strong> es un proyecto gratificante pues a\u00f1ade valor, funcionalidad y est\u00e9tica a la vivienda. Sin embargo, para que el resultado sea un espacio acogedor, pr\u00e1ctico y seguro, deben cuidarse algunos aspectos esenciales.&nbsp;<\/p>\n\n\n\n<p>En primer lugar, se debe asegurar el estado de <strong>la estructura, el tejado y el suelo <\/strong>pues son elementos fundamentales. Analizamos en mayor profundidad este punto y otros que son tambi\u00e9n de vital importancia en el siguiente apartado.&nbsp;<\/p>\n\n\n\n<p>Cabe resaltar que el dise\u00f1o original de este espacio es acorde a la utilizaci\u00f3n que ten\u00eda en el pasado. Un uso totalmente distinto al que se pretende en la actualidad y, por tanto, requiere de un acondicionamiento especial, as\u00ed como facilitar el acceso.<\/p>\n\n\n\n<div style=\"height:25px\" aria-hidden=\"true\" class=\"wp-block-spacer\"><\/div>\n\n\n\n<h2 class=\"wp-block-heading has-text-align-center has-luminous-vivid-amber-background-color has-background\"><strong><strong><strong><strong><strong>4 Primeros pasos de la reforma de la buhardilla de la casa familiar en el campo<\/strong><\/strong><\/strong><\/strong><\/strong><\/h2>\n\n\n\n<div style=\"height:23px\" aria-hidden=\"true\" class=\"wp-block-spacer\"><\/div>\n\n\n\n<ol class=\"wp-block-list\">\n<li><strong>Evaluaci\u00f3n inicial:<\/strong> Es conveniente que un <strong>arquitecto<\/strong> realice una <a href=\"https:\/\/inandoutarchitects.com\/ca\/grietas-casas-antiguas-guia-expertas\/\" target=\"_blank\" rel=\"noreferrer noopener\">inspecci\u00f3n estructural<\/a>. Tambi\u00e9n se debe <strong>evaluar el tejado y el suelo<\/strong>, qu\u00e9 tipo de aislamiento necesita el primero y qu\u00e9 peso m\u00e1ximo puede soportar el segundo. El trabajo del arquitecto incluye la investigaci\u00f3n sobre los <strong>permisos y normativas<\/strong> por las que se regula este tipo de obras. Seg\u00fan la localidad donde est\u00e9 ubicada la vivienda y el tipo de construcci\u00f3n que sea, el reglamento a aplicar puede variar.&nbsp;<\/li>\n\n\n\n<li><strong>Planificaci\u00f3n del espacio: <\/strong>Es necesario planificar el uso del espacio. Decidir si ser\u00e1 un dormitorio, un despacho, sala de juegos, taller de trabajo o ba\u00f1o, que requiera instalaci\u00f3n de agua. Una buena distribuci\u00f3n maximiza la funcionalidad y comodidad.<\/li>\n\n\n\n<li><strong>Acceso:<\/strong> Tambi\u00e9n se tiene que valorar si el acceso es el adecuado.<strong> <\/strong>Qu\u00e9 tipo de escalera<strong> <\/strong>es m\u00e1s conveniente teniendo en cuenta la seguridad, el espacio y la funcionalidad: escalera fija, de caracol, retr\u00e1ctil, etc.<\/li>\n\n\n\n<li><strong>Presupuesto y tiempo: <\/strong>Se debe definir un presupuesto claro y un cronograma de los procesos, con una fecha de inicio y otra de fin. En la medida de lo posible, se deben evitar los sobrecostes y retrasos en la ejecuci\u00f3n de la obra porque generan malestar y nervios.<\/li>\n<\/ol>\n\n\n\n<div style=\"height:32px\" aria-hidden=\"true\" class=\"wp-block-spacer\"><\/div>\n\n\n\n<h2 class=\"wp-block-heading has-text-align-center has-luminous-vivid-amber-background-color has-background\"><strong><strong><strong><strong><strong><strong>Ideas para darle una nueva vida a la buhardilla<\/strong><\/strong><\/strong><\/strong><\/strong><\/strong><\/h2>\n\n\n\n<div style=\"height:22px\" aria-hidden=\"true\" class=\"wp-block-spacer\"><\/div>\n\n\n\n<p>Disponer del <strong>espacio adicional de la buhardilla<\/strong> que durante a\u00f1os ha estado en desuso o convertida en un trastero es un recurso sustancial y nada despreciable. Todas las opciones son viables.<\/p>\n\n\n\n<p><a href=\"https:\/\/www.micasarevista.com\/hall-pasillo-recibidor\/g22702947\/buhardillas-reformadas-bonitas\/\" target=\"_blank\" rel=\"noreferrer noopener\">Puede convertirse en la habitaci\u00f3n de invitados<\/a> o en el dormitorio de alguno de los ni\u00f1os, incluso en vestidor.&nbsp;<\/p>\n\n\n\n<p>Tambi\u00e9n son muchos los profesionales que actualmente trabajan desde casa y necesitan un despacho. Un espacio donde est\u00e9 garantizado el silencio y la concentraci\u00f3n mental puede ser el estudio creativo ideal para pintores o escritores.<\/p>\n\n\n\n<div style=\"height:35px\" aria-hidden=\"true\" class=\"wp-block-spacer\"><\/div>\n\n\n<div class=\"wp-block-image\">\n<figure class=\"aligncenter size-large is-resized\"><img loading=\"lazy\" decoding=\"async\" width=\"1024\" height=\"1024\" src=\"https:\/\/inandoutarchitects.com\/wp-content\/uploads\/2024\/06\/fotor-ai-20240611145011-1024x1024.jpg\" alt=\"reformar buhardilla\" class=\"wp-image-2349\" style=\"width:486px;height:auto\" srcset=\"https:\/\/inandoutarchitects.com\/wp-content\/uploads\/2024\/06\/fotor-ai-20240611145011-1024x1024.jpg 1024w, https:\/\/inandoutarchitects.com\/wp-content\/uploads\/2024\/06\/fotor-ai-20240611145011-300x300.jpg 300w, https:\/\/inandoutarchitects.com\/wp-content\/uploads\/2024\/06\/fotor-ai-20240611145011-100x100.jpg 100w, https:\/\/inandoutarchitects.com\/wp-content\/uploads\/2024\/06\/fotor-ai-20240611145011-600x600.jpg 600w, https:\/\/inandoutarchitects.com\/wp-content\/uploads\/2024\/06\/fotor-ai-20240611145011-150x150.jpg 150w, https:\/\/inandoutarchitects.com\/wp-content\/uploads\/2024\/06\/fotor-ai-20240611145011-768x768.jpg 768w, https:\/\/inandoutarchitects.com\/wp-content\/uploads\/2024\/06\/fotor-ai-20240611145011-1536x1536.jpg 1536w, https:\/\/inandoutarchitects.com\/wp-content\/uploads\/2024\/06\/fotor-ai-20240611145011-12x12.jpg 12w, https:\/\/inandoutarchitects.com\/wp-content\/uploads\/2024\/06\/fotor-ai-20240611145011.jpg 2048w\" sizes=\"(max-width: 1024px) 100vw, 1024px\" \/><\/figure>\n<\/div>\n\n\n<div style=\"height:35px\" aria-hidden=\"true\" class=\"wp-block-spacer\"><\/div>\n\n\n\n<p>\u00bfUna familia con ni\u00f1os y\/o j\u00f3venes? Se puede organizar como sala de juegos, un home-cinema, sala de billar, videojuegos, etc.<\/p>\n\n\n\n<p>La instalaci\u00f3n de unas estanter\u00edas de madera en cada pared es una interesante apuesta para crear una excelente biblioteca. A\u00f1adiendo unos sillones donde leer, se consigue crear un ambiente confortable y relajado para los amantes de la lectura.<\/p>\n\n\n\n<div style=\"height:34px\" aria-hidden=\"true\" class=\"wp-block-spacer\"><\/div>\n\n\n<div class=\"wp-block-image\">\n<figure class=\"aligncenter size-large is-resized\"><img loading=\"lazy\" decoding=\"async\" width=\"1024\" height=\"1024\" src=\"https:\/\/inandoutarchitects.com\/wp-content\/uploads\/2024\/06\/fotor-ai-20240611144612-1024x1024.jpg\" alt=\"reformar buhardilla\" class=\"wp-image-2351\" style=\"width:497px;height:auto\" srcset=\"https:\/\/inandoutarchitects.com\/wp-content\/uploads\/2024\/06\/fotor-ai-20240611144612-1024x1024.jpg 1024w, https:\/\/inandoutarchitects.com\/wp-content\/uploads\/2024\/06\/fotor-ai-20240611144612-300x300.jpg 300w, https:\/\/inandoutarchitects.com\/wp-content\/uploads\/2024\/06\/fotor-ai-20240611144612-100x100.jpg 100w, https:\/\/inandoutarchitects.com\/wp-content\/uploads\/2024\/06\/fotor-ai-20240611144612-600x600.jpg 600w, https:\/\/inandoutarchitects.com\/wp-content\/uploads\/2024\/06\/fotor-ai-20240611144612-150x150.jpg 150w, https:\/\/inandoutarchitects.com\/wp-content\/uploads\/2024\/06\/fotor-ai-20240611144612-768x768.jpg 768w, https:\/\/inandoutarchitects.com\/wp-content\/uploads\/2024\/06\/fotor-ai-20240611144612-1536x1536.jpg 1536w, https:\/\/inandoutarchitects.com\/wp-content\/uploads\/2024\/06\/fotor-ai-20240611144612-12x12.jpg 12w, https:\/\/inandoutarchitects.com\/wp-content\/uploads\/2024\/06\/fotor-ai-20240611144612.jpg 2048w\" sizes=\"(max-width: 1024px) 100vw, 1024px\" \/><\/figure>\n<\/div>\n\n\n<div style=\"height:33px\" aria-hidden=\"true\" class=\"wp-block-spacer\"><\/div>\n\n\n\n<p>Existen muchas opciones y variadas, seg\u00fan las aficiones y gustos de cada uno: un gimnasio, sala de yoga y meditaci\u00f3n, un estudio de m\u00fasica o un taller de manualidades. La imaginaci\u00f3n es el l\u00edmite.&nbsp;<\/p>\n\n\n\n<div style=\"height:22px\" aria-hidden=\"true\" class=\"wp-block-spacer\"><\/div>\n\n\n\n<h2 class=\"wp-block-heading has-text-align-center has-luminous-vivid-amber-background-color has-background\"><strong><strong><strong><strong><strong><strong><strong>Acondicionamiento del espacio<\/strong><\/strong><\/strong><\/strong><\/strong><\/strong><\/strong><\/h2>\n\n\n\n<div style=\"height:23px\" aria-hidden=\"true\" class=\"wp-block-spacer\"><\/div>\n\n\n\n<p>Para que al <strong>reformar la buhardilla de la casa del pueblo, <\/strong>estase convierta en una zona habitable, es imprescindible realizar un <strong>acondicionamiento adecuado<\/strong>. Da igual el uso que se le pretenda dar a este espacio, antes de nada se deben realizar los siguientes trabajos:<\/p>\n\n\n\n<div style=\"height:18px\" aria-hidden=\"true\" class=\"wp-block-spacer\"><\/div>\n\n\n\n<ul class=\"wp-block-list\">\n<li><a href=\"https:\/\/suroprojectat.com\/es\/corcho-proyectado\/\" target=\"_blank\" rel=\"noreferrer noopener\"><strong>Aislamiento t\u00e9rmico<\/strong><\/a>: una de las principales inversiones es la instalaci\u00f3n de un buen aislamiento que mantenga <strong>la buhardilla<\/strong> c\u00e1lida en invierno y fresca en verano. Materiales como la lana de vidrio, corcho, espuma de poliuretano o paneles aislantes son buenas soluciones para ello.<\/li>\n\n\n\n<li><a href=\"https:\/\/www.acoustic-engineering.com\/serveis-de-consultoria-acustica\/?lang=ca\" target=\"_blank\" rel=\"noreferrer noopener\"><strong>Aislamiento ac\u00fastico<\/strong><\/a><strong>:<\/strong> es importante reducir al m\u00e1ximo el ruido del exterior y entre pisos. Pero, dependiendo de la actividad que se quiera realizar en la buhardilla, el aislamiento tambi\u00e9n se hace a la inversa, hacia el exterior. Un estudio de mezclas ser\u00eda un buen ejemplo.&nbsp;&nbsp;<\/li>\n\n\n\n<li><a href=\"https:\/\/cvfclimatizacion.es\/\" target=\"_blank\" rel=\"noreferrer noopener\"><strong>Climatizaci\u00f3n:<\/strong><\/a><strong> <\/strong>instalar <strong>sistemas de calefacci\u00f3n y aire acondicionado<\/strong> adecuados y cuidar la ventilaci\u00f3n natural para mejorar la calidad del aire es tambi\u00e9n un factor importante.<\/li>\n\n\n\n<li><strong>Suelos, techo y paredes:<\/strong> es importante elegir materiales duraderos y agradables como paneles de yeso, madera o ladrillo visto y laminados, moqueta o madera para el suelo.<\/li>\n<\/ul>\n\n\n\n<div style=\"height:24px\" aria-hidden=\"true\" class=\"wp-block-spacer\"><\/div>\n\n\n\n<h3 class=\"wp-block-heading\"><strong>La importancia de las instalaciones en la buhardilla<\/strong><\/h3>\n\n\n\n<div style=\"height:17px\" aria-hidden=\"true\" class=\"wp-block-spacer\"><\/div>\n\n\n\n<p>Naturalmente, los acabados y la decoraci\u00f3n seguir\u00e1n el estilo del resto de la casa y estar\u00e1n siempre condicionados por el uso que se pretenda dar a <strong>la buhardilla.<\/strong><\/p>\n\n\n\n<p>Aun as\u00ed, es conveniente prever con antelaci\u00f3n una <strong>instalaci\u00f3n de iluminaci\u00f3n<\/strong> correcta, <strong>cableados y fontaner\u00eda<\/strong>. De ese modo la estancia puede cambiar de uso en cualquier momento.<\/p>\n\n\n\n<p>La <strong>luz natural con ventanas en el tejado<\/strong> o claraboyas ilumina la estancia y adem\u00e1s proporciona sensaci\u00f3n de amplitud.&nbsp;<\/p>\n\n\n\n<div style=\"height:31px\" aria-hidden=\"true\" class=\"wp-block-spacer\"><\/div>\n\n\n<div class=\"wp-block-image\">\n<figure class=\"aligncenter size-large is-resized\"><img loading=\"lazy\" decoding=\"async\" width=\"1024\" height=\"683\" src=\"https:\/\/inandoutarchitects.com\/wp-content\/uploads\/2024\/06\/pexels-heyho-6032425-1-1024x683.jpg\" alt=\"reformar buhardilla\" class=\"wp-image-2348\" style=\"width:752px;height:auto\" srcset=\"https:\/\/inandoutarchitects.com\/wp-content\/uploads\/2024\/06\/pexels-heyho-6032425-1-1024x683.jpg 1024w, https:\/\/inandoutarchitects.com\/wp-content\/uploads\/2024\/06\/pexels-heyho-6032425-1-scaled-600x401.jpg 600w, https:\/\/inandoutarchitects.com\/wp-content\/uploads\/2024\/06\/pexels-heyho-6032425-1-300x200.jpg 300w, https:\/\/inandoutarchitects.com\/wp-content\/uploads\/2024\/06\/pexels-heyho-6032425-1-768x513.jpg 768w, https:\/\/inandoutarchitects.com\/wp-content\/uploads\/2024\/06\/pexels-heyho-6032425-1-1536x1025.jpg 1536w, https:\/\/inandoutarchitects.com\/wp-content\/uploads\/2024\/06\/pexels-heyho-6032425-1-2048x1367.jpg 2048w, https:\/\/inandoutarchitects.com\/wp-content\/uploads\/2024\/06\/pexels-heyho-6032425-1-18x12.jpg 18w\" sizes=\"(max-width: 1024px) 100vw, 1024px\" \/><\/figure>\n<\/div>\n\n\n<div style=\"height:33px\" aria-hidden=\"true\" class=\"wp-block-spacer\"><\/div>\n\n\n\n<p>Para la <strong>luz artificial<\/strong> de la buhardilla, desde <strong>IN&amp;OUT Architects<\/strong> recomendamos hacer una buena planificaci\u00f3n. Para crear un ambiente equilibrado, es necesario combinar luces de techo, l\u00e1mparas de pie y luces de trabajo en funci\u00f3n de su uso y tama\u00f1o.<\/p>\n\n\n\n<p>Y por \u00faltimo, es imprescindible asegurar una <strong>instalaci\u00f3n el\u00e9ctrica actualizada<\/strong> con suficientes enchufes. En caso de incluir un ba\u00f1o o una peque\u00f1a cocina, como es l\u00f3gico, se deben instalar tuber\u00edas y desag\u00fce.<\/p>\n\n\n\n<div style=\"height:22px\" aria-hidden=\"true\" class=\"wp-block-spacer\"><\/div>\n\n\n\n<h2 class=\"wp-block-heading has-text-align-center has-light-green-cyan-background-color has-background\"><strong><strong><strong><strong>Conclusiones<\/strong><\/strong><\/strong><\/strong><\/h2>\n\n\n\n<div style=\"height:21px\" aria-hidden=\"true\" class=\"wp-block-spacer\"><\/div>\n\n\n\n<p>Plantearse la <strong>reforma de una buhardilla en la casa del pueblo<\/strong> es optimizarla, pues se le est\u00e1 dando uso a un espacio desaprovechado. Se incrementa el valor patrimonial y mejora la est\u00e9tica global de la casa.<\/p>\n\n\n\n<p>A <strong>In&amp;Out Architects, <\/strong><a href=\"https:\/\/inandoutarchitects.com\/ca\/\" target=\"_blank\" rel=\"noreferrer noopener\"><strong>somos arquitectas especializadas en rehabilitaci\u00f3n de casas antiguas<\/strong><\/a><strong>. <\/strong>Y como\u00a0 <strong>interioristas<\/strong>, podemos aportar nuestro conocimiento para mejorar la idea inicial con nuevos enfoques y\/o materiales.<\/p>\n\n\n\n<p><strong>Reformar la buhardilla de la casa del pueblo<\/strong> vale la pena, siempre. En nuestro <a href=\"https:\/\/inandoutarchitects.com\/ca\/consultorias\/\" target=\"_blank\" rel=\"noreferrer noopener\"><strong>Servicio de Consultor\u00eda<\/strong><\/a> podemos atenderte y aclarar cualquier duda. Rellena el formulario y te asesoraremos en todo aquello que necesites.&nbsp;&nbsp;<\/p>\n\n\n\n<div style=\"height:75px\" aria-hidden=\"true\" class=\"wp-block-spacer\"><\/div>\n\n\n<div class=\"wp-block-image\">\n<figure class=\"aligncenter size-large is-resized\"><a href=\"https:\/\/inandoutarchitects.com\/ca\/nosotras\/\" target=\"_blank\" rel=\"noreferrer noopener\"><img loading=\"lazy\" decoding=\"async\" width=\"1024\" height=\"1024\" src=\"https:\/\/inandoutarchitects.com\/wp-content\/uploads\/2023\/09\/OFIJ3758-1024x1024.jpg\" alt=\"In&amp;Out Architects\" class=\"wp-image-981\" style=\"width:416px;height:auto\" srcset=\"https:\/\/inandoutarchitects.com\/wp-content\/uploads\/2023\/09\/OFIJ3758-1024x1024.jpg 1024w, https:\/\/inandoutarchitects.com\/wp-content\/uploads\/2023\/09\/OFIJ3758-300x300.jpg 300w, https:\/\/inandoutarchitects.com\/wp-content\/uploads\/2023\/09\/OFIJ3758-100x100.jpg 100w, https:\/\/inandoutarchitects.com\/wp-content\/uploads\/2023\/09\/OFIJ3758-600x600.jpg 600w, https:\/\/inandoutarchitects.com\/wp-content\/uploads\/2023\/09\/OFIJ3758-150x150.jpg 150w, https:\/\/inandoutarchitects.com\/wp-content\/uploads\/2023\/09\/OFIJ3758-768x768.jpg 768w, https:\/\/inandoutarchitects.com\/wp-content\/uploads\/2023\/09\/OFIJ3758-650x650.jpg 650w, https:\/\/inandoutarchitects.com\/wp-content\/uploads\/2023\/09\/OFIJ3758.jpg 1134w\" sizes=\"(max-width: 1024px) 100vw, 1024px\" \/><\/a><figcaption class=\"wp-element-caption\">In&amp;Out Architects,<\/figcaption><\/figure>\n<\/div>\n\n\n<div style=\"height:78px\" aria-hidden=\"true\" class=\"wp-block-spacer\"><\/div>\n\n\n\n<p><\/p>","protected":false},"excerpt":{"rendered":"<p>Expertas explican los 3 motivos de por qu\u00e9 reformar la buhardilla de la casa del pueblo. Descubre los pasos a seguir y sus requisitos.<\/p>","protected":false},"author":3,"featured_media":2341,"comment_status":"closed","ping_status":"closed","sticky":false,"template":"","format":"standard","meta":{"inline_featured_image":false,"_monsterinsights_skip_tracking":false,"_monsterinsights_sitenote_active":false,"_monsterinsights_sitenote_note":"","_monsterinsights_sitenote_category":0,"_uf_show_specific_survey":0,"_uf_disable_surveys":false,"_jetpack_memberships_contains_paid_content":false,"footnotes":""},"categories":[19,11,12,13,14,15],"tags":[401,403,402,384,380,383,381,23,407,408,388,389,394,392,404,400,391,261,398,396,406,409,382,387,399,393,395,385,405,397,386,390],"class_list":["post-2335","post","type-post","status-publish","format-standard","has-post-thumbnail","hentry","category-arquitectura","category-compra-y-venta-de-inmuebles","category-interiorismo","category-reforma-integral","category-rehabilitacion","category-vivienda","tag-acondicionamiento-adecuado","tag-aislamiento-acustico","tag-aislamiento-termico","tag-alojamiento-rural","tag-antigua-buhardilla","tag-antigua-casa-de-pueblo","tag-antiguas-viviendas-rurales","tag-arquitecto","tag-cableados-y-fontaneria","tag-casa-de-pueblo","tag-casa-de-retiro","tag-casa-rural","tag-casas-de-los-abuelos","tag-casas-deshabitadas","tag-climatizacion","tag-espacio-adicional-de-una-buhardilla","tag-espacios-olvidados-en-las-casas-de-pueblo","tag-estructura","tag-evaluar-el-tejado-y-suelo","tag-inspeccion-estructural","tag-instalacion-de-iluminacion","tag-interioristas","tag-la-buhardilla","tag-la-vida-en-el-campo","tag-permisos-y-normativas","tag-poblaciones-rurales","tag-reformar-una-buhardilla","tag-segunda-residencia","tag-sistemas-de-calefaccion-y-aire-acondicionado","tag-tejado-y-suelo","tag-turismo-rural","tag-vivienda-habitual"],"yoast_head":"<!-- This site is optimized with the Yoast SEO plugin v27.5 - https:\/\/yoast.com\/product\/yoast-seo-wordpress\/ -->\n<title>Beneficios de reformar la buhardilla de la casa del pueblo<\/title>\n<meta name=\"description\" content=\"Expertas explican los 3 motivos de por qu\u00e9 reformar la buhardilla de la casa del pueblo. Descubre los pasos a seguir y sus requisitos.\" \/>\n<meta name=\"robots\" content=\"index, follow, max-snippet:-1, max-image-preview:large, max-video-preview:-1\" \/>\n<link rel=\"canonical\" href=\"https:\/\/inandoutarchitects.com\/ca\/reformar-buhardilla-casa-pueblo\/\" \/>\n<meta property=\"og:locale\" content=\"ca_ES\" \/>\n<meta property=\"og:type\" content=\"article\" \/>\n<meta property=\"og:title\" content=\"Beneficios de reformar la buhardilla de la casa del pueblo\" \/>\n<meta property=\"og:description\" content=\"Expertas explican los 3 motivos de por qu\u00e9 reformar la buhardilla de la casa del pueblo. Descubre los pasos a seguir y sus requisitos.\" \/>\n<meta property=\"og:url\" content=\"https:\/\/inandoutarchitects.com\/ca\/reformar-buhardilla-casa-pueblo\/\" \/>\n<meta property=\"og:site_name\" content=\"In&amp;Out Architects\" \/>\n<meta property=\"article:published_time\" content=\"2024-06-12T08:30:00+00:00\" \/>\n<meta property=\"article:modified_time\" content=\"2025-05-02T07:51:36+00:00\" \/>\n<meta property=\"og:image\" content=\"https:\/\/inandoutarchitects.com\/wp-content\/uploads\/2024\/06\/pexels-lebele-8227559-scaled.jpg\" \/>\n\t<meta property=\"og:image:width\" content=\"2560\" \/>\n\t<meta property=\"og:image:height\" content=\"1707\" \/>\n\t<meta property=\"og:image:type\" content=\"image\/jpeg\" \/>\n<meta name=\"author\" content=\"IRENE ALMENDROS DIAZ\" \/>\n<meta name=\"twitter:card\" content=\"summary_large_image\" \/>\n<meta name=\"twitter:label1\" content=\"Escrit per\" \/>\n\t<meta name=\"twitter:data1\" content=\"IRENE ALMENDROS DIAZ\" \/>\n\t<meta name=\"twitter:label2\" content=\"Temps estimat de lectura\" \/>\n\t<meta name=\"twitter:data2\" content=\"9 minuts\" \/>\n<script type=\"application\/ld+json\" class=\"yoast-schema-graph\">{\"@context\":\"https:\\\/\\\/schema.org\",\"@graph\":[{\"@type\":\"Article\",\"@id\":\"https:\\\/\\\/inandoutarchitects.com\\\/reformar-buhardilla-casa-pueblo\\\/#article\",\"isPartOf\":{\"@id\":\"https:\\\/\\\/inandoutarchitects.com\\\/reformar-buhardilla-casa-pueblo\\\/\"},\"author\":{\"name\":\"IRENE ALMENDROS DIAZ\",\"@id\":\"https:\\\/\\\/inandoutarchitects.com\\\/#\\\/schema\\\/person\\\/5a74e725599dd3012d72ab27f8d924f1\"},\"headline\":\"C\u00d3MO CONVERTIR UNA ANTIGUA BUHARDILLA EN UN ESPACIO \u00daTIL\",\"datePublished\":\"2024-06-12T08:30:00+00:00\",\"dateModified\":\"2025-05-02T07:51:36+00:00\",\"mainEntityOfPage\":{\"@id\":\"https:\\\/\\\/inandoutarchitects.com\\\/reformar-buhardilla-casa-pueblo\\\/\"},\"wordCount\":1558,\"publisher\":{\"@id\":\"https:\\\/\\\/inandoutarchitects.com\\\/#organization\"},\"image\":{\"@id\":\"https:\\\/\\\/inandoutarchitects.com\\\/reformar-buhardilla-casa-pueblo\\\/#primaryimage\"},\"thumbnailUrl\":\"https:\\\/\\\/inandoutarchitects.com\\\/wp-content\\\/uploads\\\/2024\\\/06\\\/pexels-lebele-8227559-scaled.jpg\",\"keywords\":[\"acondicionamiento adecuado\",\"aislamiento ac\u00fastico\",\"aislamiento t\u00e9rmico\",\"alojamiento rural\",\"antigua buhardilla\",\"Antigua casa de pueblo\",\"antiguas viviendas rurales\",\"arquitecto\",\"cableados y fontaner\u00eda\",\"casa de pueblo\",\"casa de retiro\",\"casa rural\",\"casas de los abuelos\",\"casas deshabitadas\",\"climatizaci\u00f3n\",\"espacio adicional de una buhardilla\",\"espacios olvidados en las casas de pueblo\",\"estructura\",\"evaluar el tejado y suelo\",\"inspecci\u00f3n estructural\",\"instalaci\u00f3n de iluminaci\u00f3n\",\"interioristas\",\"la buhardilla\",\"la vida en el campo\",\"permisos y normativas\",\"poblaciones rurales\",\"reformar una buhardilla\",\"segunda residencia\",\"sistemas de calefacci\u00f3n y aire acondicionado\",\"tejado y suelo\",\"turismo rural\",\"vivienda habitual\"],\"articleSection\":[\"Arquitectura\",\"Compra y Venta De Inmuebles\",\"Interiorismo\",\"Reforma Integral\",\"Rehabilitaci\u00f3n\",\"Vivienda\"],\"inLanguage\":\"ca\"},{\"@type\":\"WebPage\",\"@id\":\"https:\\\/\\\/inandoutarchitects.com\\\/reformar-buhardilla-casa-pueblo\\\/\",\"url\":\"https:\\\/\\\/inandoutarchitects.com\\\/reformar-buhardilla-casa-pueblo\\\/\",\"name\":\"Beneficios de reformar la buhardilla de la casa del pueblo\",\"isPartOf\":{\"@id\":\"https:\\\/\\\/inandoutarchitects.com\\\/#website\"},\"primaryImageOfPage\":{\"@id\":\"https:\\\/\\\/inandoutarchitects.com\\\/reformar-buhardilla-casa-pueblo\\\/#primaryimage\"},\"image\":{\"@id\":\"https:\\\/\\\/inandoutarchitects.com\\\/reformar-buhardilla-casa-pueblo\\\/#primaryimage\"},\"thumbnailUrl\":\"https:\\\/\\\/inandoutarchitects.com\\\/wp-content\\\/uploads\\\/2024\\\/06\\\/pexels-lebele-8227559-scaled.jpg\",\"datePublished\":\"2024-06-12T08:30:00+00:00\",\"dateModified\":\"2025-05-02T07:51:36+00:00\",\"description\":\"Expertas explican los 3 motivos de por qu\u00e9 reformar la buhardilla de la casa del pueblo. Descubre los pasos a seguir y sus requisitos.\",\"breadcrumb\":{\"@id\":\"https:\\\/\\\/inandoutarchitects.com\\\/reformar-buhardilla-casa-pueblo\\\/#breadcrumb\"},\"inLanguage\":\"ca\",\"potentialAction\":[{\"@type\":\"ReadAction\",\"target\":[\"https:\\\/\\\/inandoutarchitects.com\\\/reformar-buhardilla-casa-pueblo\\\/\"]}]},{\"@type\":\"ImageObject\",\"inLanguage\":\"ca\",\"@id\":\"https:\\\/\\\/inandoutarchitects.com\\\/reformar-buhardilla-casa-pueblo\\\/#primaryimage\",\"url\":\"https:\\\/\\\/inandoutarchitects.com\\\/wp-content\\\/uploads\\\/2024\\\/06\\\/pexels-lebele-8227559-scaled.jpg\",\"contentUrl\":\"https:\\\/\\\/inandoutarchitects.com\\\/wp-content\\\/uploads\\\/2024\\\/06\\\/pexels-lebele-8227559-scaled.jpg\",\"width\":2560,\"height\":1707,\"caption\":\"reformar buhardilla\"},{\"@type\":\"BreadcrumbList\",\"@id\":\"https:\\\/\\\/inandoutarchitects.com\\\/reformar-buhardilla-casa-pueblo\\\/#breadcrumb\",\"itemListElement\":[{\"@type\":\"ListItem\",\"position\":1,\"name\":\"Portada\",\"item\":\"https:\\\/\\\/inandoutarchitects.com\\\/\"},{\"@type\":\"ListItem\",\"position\":2,\"name\":\"C\u00d3MO CONVERTIR UNA ANTIGUA BUHARDILLA EN UN ESPACIO \u00daTIL\"}]},{\"@type\":\"WebSite\",\"@id\":\"https:\\\/\\\/inandoutarchitects.com\\\/#website\",\"url\":\"https:\\\/\\\/inandoutarchitects.com\\\/\",\"name\":\"In&amp;Out Architects\",\"description\":\"\",\"publisher\":{\"@id\":\"https:\\\/\\\/inandoutarchitects.com\\\/#organization\"},\"potentialAction\":[{\"@type\":\"SearchAction\",\"target\":{\"@type\":\"EntryPoint\",\"urlTemplate\":\"https:\\\/\\\/inandoutarchitects.com\\\/?s={search_term_string}\"},\"query-input\":{\"@type\":\"PropertyValueSpecification\",\"valueRequired\":true,\"valueName\":\"search_term_string\"}}],\"inLanguage\":\"ca\"},{\"@type\":\"Organization\",\"@id\":\"https:\\\/\\\/inandoutarchitects.com\\\/#organization\",\"name\":\"In&amp;Out Architects\",\"url\":\"https:\\\/\\\/inandoutarchitects.com\\\/\",\"logo\":{\"@type\":\"ImageObject\",\"inLanguage\":\"ca\",\"@id\":\"https:\\\/\\\/inandoutarchitects.com\\\/#\\\/schema\\\/logo\\\/image\\\/\",\"url\":\"https:\\\/\\\/inandoutarchitects.com\\\/wp-content\\\/uploads\\\/2023\\\/08\\\/cropped-Enmascarar-grupo-8.png\",\"contentUrl\":\"https:\\\/\\\/inandoutarchitects.com\\\/wp-content\\\/uploads\\\/2023\\\/08\\\/cropped-Enmascarar-grupo-8.png\",\"width\":83,\"height\":83,\"caption\":\"In&amp;Out Architects\"},\"image\":{\"@id\":\"https:\\\/\\\/inandoutarchitects.com\\\/#\\\/schema\\\/logo\\\/image\\\/\"}},{\"@type\":\"Person\",\"@id\":\"https:\\\/\\\/inandoutarchitects.com\\\/#\\\/schema\\\/person\\\/5a74e725599dd3012d72ab27f8d924f1\",\"name\":\"IRENE ALMENDROS DIAZ\",\"image\":{\"@type\":\"ImageObject\",\"inLanguage\":\"ca\",\"@id\":\"https:\\\/\\\/secure.gravatar.com\\\/avatar\\\/b5fb5b72d1fd3caa0e5c64aef8e74353cefa79b3c70e06facee1c14b59a91d57?s=96&d=mm&r=g\",\"url\":\"https:\\\/\\\/secure.gravatar.com\\\/avatar\\\/b5fb5b72d1fd3caa0e5c64aef8e74353cefa79b3c70e06facee1c14b59a91d57?s=96&d=mm&r=g\",\"contentUrl\":\"https:\\\/\\\/secure.gravatar.com\\\/avatar\\\/b5fb5b72d1fd3caa0e5c64aef8e74353cefa79b3c70e06facee1c14b59a91d57?s=96&d=mm&r=g\",\"caption\":\"IRENE ALMENDROS DIAZ\"},\"url\":\"https:\\\/\\\/inandoutarchitects.com\\\/ca\\\/author\\\/irene\\\/\"}]}<\/script>\n<!-- \/ Yoast SEO plugin. -->","yoast_head_json":{"title":"Beneficios de reformar la buhardilla de la casa del pueblo","description":"Expertas explican los 3 motivos de por qu\u00e9 reformar la buhardilla de la casa del pueblo. Descubre los pasos a seguir y sus requisitos.","robots":{"index":"index","follow":"follow","max-snippet":"max-snippet:-1","max-image-preview":"max-image-preview:large","max-video-preview":"max-video-preview:-1"},"canonical":"https:\/\/inandoutarchitects.com\/ca\/reformar-buhardilla-casa-pueblo\/","og_locale":"ca_ES","og_type":"article","og_title":"Beneficios de reformar la buhardilla de la casa del pueblo","og_description":"Expertas explican los 3 motivos de por qu\u00e9 reformar la buhardilla de la casa del pueblo. Descubre los pasos a seguir y sus requisitos.","og_url":"https:\/\/inandoutarchitects.com\/ca\/reformar-buhardilla-casa-pueblo\/","og_site_name":"In&amp;Out Architects","article_published_time":"2024-06-12T08:30:00+00:00","article_modified_time":"2025-05-02T07:51:36+00:00","og_image":[{"width":2560,"height":1707,"url":"https:\/\/inandoutarchitects.com\/wp-content\/uploads\/2024\/06\/pexels-lebele-8227559-scaled.jpg","type":"image\/jpeg"}],"author":"IRENE ALMENDROS DIAZ","twitter_card":"summary_large_image","twitter_misc":{"Escrit per":"IRENE ALMENDROS DIAZ","Temps estimat de lectura":"9 minuts"},"schema":{"@context":"https:\/\/schema.org","@graph":[{"@type":"Article","@id":"https:\/\/inandoutarchitects.com\/reformar-buhardilla-casa-pueblo\/#article","isPartOf":{"@id":"https:\/\/inandoutarchitects.com\/reformar-buhardilla-casa-pueblo\/"},"author":{"name":"IRENE ALMENDROS DIAZ","@id":"https:\/\/inandoutarchitects.com\/#\/schema\/person\/5a74e725599dd3012d72ab27f8d924f1"},"headline":"C\u00d3MO CONVERTIR UNA ANTIGUA BUHARDILLA EN UN ESPACIO \u00daTIL","datePublished":"2024-06-12T08:30:00+00:00","dateModified":"2025-05-02T07:51:36+00:00","mainEntityOfPage":{"@id":"https:\/\/inandoutarchitects.com\/reformar-buhardilla-casa-pueblo\/"},"wordCount":1558,"publisher":{"@id":"https:\/\/inandoutarchitects.com\/#organization"},"image":{"@id":"https:\/\/inandoutarchitects.com\/reformar-buhardilla-casa-pueblo\/#primaryimage"},"thumbnailUrl":"https:\/\/inandoutarchitects.com\/wp-content\/uploads\/2024\/06\/pexels-lebele-8227559-scaled.jpg","keywords":["acondicionamiento adecuado","aislamiento ac\u00fastico","aislamiento t\u00e9rmico","alojamiento rural","antigua buhardilla","Antigua casa de pueblo","antiguas viviendas rurales","arquitecto","cableados y fontaner\u00eda","casa de pueblo","casa de retiro","casa rural","casas de los abuelos","casas deshabitadas","climatizaci\u00f3n","espacio adicional de una buhardilla","espacios olvidados en las casas de pueblo","estructura","evaluar el tejado y suelo","inspecci\u00f3n estructural","instalaci\u00f3n de iluminaci\u00f3n","interioristas","la buhardilla","la vida en el campo","permisos y normativas","poblaciones rurales","reformar una buhardilla","segunda residencia","sistemas de calefacci\u00f3n y aire acondicionado","tejado y suelo","turismo rural","vivienda habitual"],"articleSection":["Arquitectura","Compra y Venta De Inmuebles","Interiorismo","Reforma Integral","Rehabilitaci\u00f3n","Vivienda"],"inLanguage":"ca"},{"@type":"WebPage","@id":"https:\/\/inandoutarchitects.com\/reformar-buhardilla-casa-pueblo\/","url":"https:\/\/inandoutarchitects.com\/reformar-buhardilla-casa-pueblo\/","name":"Beneficios de reformar la buhardilla de la casa del pueblo","isPartOf":{"@id":"https:\/\/inandoutarchitects.com\/#website"},"primaryImageOfPage":{"@id":"https:\/\/inandoutarchitects.com\/reformar-buhardilla-casa-pueblo\/#primaryimage"},"image":{"@id":"https:\/\/inandoutarchitects.com\/reformar-buhardilla-casa-pueblo\/#primaryimage"},"thumbnailUrl":"https:\/\/inandoutarchitects.com\/wp-content\/uploads\/2024\/06\/pexels-lebele-8227559-scaled.jpg","datePublished":"2024-06-12T08:30:00+00:00","dateModified":"2025-05-02T07:51:36+00:00","description":"Expertas explican los 3 motivos de por qu\u00e9 reformar la buhardilla de la casa del pueblo. Descubre los pasos a seguir y sus requisitos.","breadcrumb":{"@id":"https:\/\/inandoutarchitects.com\/reformar-buhardilla-casa-pueblo\/#breadcrumb"},"inLanguage":"ca","potentialAction":[{"@type":"ReadAction","target":["https:\/\/inandoutarchitects.com\/reformar-buhardilla-casa-pueblo\/"]}]},{"@type":"ImageObject","inLanguage":"ca","@id":"https:\/\/inandoutarchitects.com\/reformar-buhardilla-casa-pueblo\/#primaryimage","url":"https:\/\/inandoutarchitects.com\/wp-content\/uploads\/2024\/06\/pexels-lebele-8227559-scaled.jpg","contentUrl":"https:\/\/inandoutarchitects.com\/wp-content\/uploads\/2024\/06\/pexels-lebele-8227559-scaled.jpg","width":2560,"height":1707,"caption":"reformar buhardilla"},{"@type":"BreadcrumbList","@id":"https:\/\/inandoutarchitects.com\/reformar-buhardilla-casa-pueblo\/#breadcrumb","itemListElement":[{"@type":"ListItem","position":1,"name":"Portada","item":"https:\/\/inandoutarchitects.com\/"},{"@type":"ListItem","position":2,"name":"C\u00d3MO CONVERTIR UNA ANTIGUA BUHARDILLA EN UN ESPACIO \u00daTIL"}]},{"@type":"WebSite","@id":"https:\/\/inandoutarchitects.com\/#website","url":"https:\/\/inandoutarchitects.com\/","name":"In&amp;Out Architects,","description":"","publisher":{"@id":"https:\/\/inandoutarchitects.com\/#organization"},"potentialAction":[{"@type":"SearchAction","target":{"@type":"EntryPoint","urlTemplate":"https:\/\/inandoutarchitects.com\/?s={search_term_string}"},"query-input":{"@type":"PropertyValueSpecification","valueRequired":true,"valueName":"search_term_string"}}],"inLanguage":"ca"},{"@type":"Organization","@id":"https:\/\/inandoutarchitects.com\/#organization","name":"In&amp;Out Architects,","url":"https:\/\/inandoutarchitects.com\/","logo":{"@type":"ImageObject","inLanguage":"ca","@id":"https:\/\/inandoutarchitects.com\/#\/schema\/logo\/image\/","url":"https:\/\/inandoutarchitects.com\/wp-content\/uploads\/2023\/08\/cropped-Enmascarar-grupo-8.png","contentUrl":"https:\/\/inandoutarchitects.com\/wp-content\/uploads\/2023\/08\/cropped-Enmascarar-grupo-8.png","width":83,"height":83,"caption":"In&amp;Out Architects"},"image":{"@id":"https:\/\/inandoutarchitects.com\/#\/schema\/logo\/image\/"}},{"@type":"Person","@id":"https:\/\/inandoutarchitects.com\/#\/schema\/person\/5a74e725599dd3012d72ab27f8d924f1","name":"IRENE ALMENDROS DIAZ","image":{"@type":"ImageObject","inLanguage":"ca","@id":"https:\/\/secure.gravatar.com\/avatar\/b5fb5b72d1fd3caa0e5c64aef8e74353cefa79b3c70e06facee1c14b59a91d57?s=96&d=mm&r=g","url":"https:\/\/secure.gravatar.com\/avatar\/b5fb5b72d1fd3caa0e5c64aef8e74353cefa79b3c70e06facee1c14b59a91d57?s=96&d=mm&r=g","contentUrl":"https:\/\/secure.gravatar.com\/avatar\/b5fb5b72d1fd3caa0e5c64aef8e74353cefa79b3c70e06facee1c14b59a91d57?s=96&d=mm&r=g","caption":"IRENE ALMENDROS DIAZ"},"url":"https:\/\/inandoutarchitects.com\/ca\/author\/irene\/"}]}},"jetpack_featured_media_url":"https:\/\/inandoutarchitects.com\/wp-content\/uploads\/2024\/06\/pexels-lebele-8227559-scaled.jpg","jetpack_sharing_enabled":true,"_links":{"self":[{"href":"https:\/\/inandoutarchitects.com\/ca\/wp-json\/wp\/v2\/posts\/2335","targetHints":{"allow":["GET"]}}],"collection":[{"href":"https:\/\/inandoutarchitects.com\/ca\/wp-json\/wp\/v2\/posts"}],"about":[{"href":"https:\/\/inandoutarchitects.com\/ca\/wp-json\/wp\/v2\/types\/post"}],"author":[{"embeddable":true,"href":"https:\/\/inandoutarchitects.com\/ca\/wp-json\/wp\/v2\/users\/3"}],"replies":[{"embeddable":true,"href":"https:\/\/inandoutarchitects.com\/ca\/wp-json\/wp\/v2\/comments?post=2335"}],"version-history":[{"count":18,"href":"https:\/\/inandoutarchitects.com\/ca\/wp-json\/wp\/v2\/posts\/2335\/revisions"}],"predecessor-version":[{"id":2662,"href":"https:\/\/inandoutarchitects.com\/ca\/wp-json\/wp\/v2\/posts\/2335\/revisions\/2662"}],"wp:featuredmedia":[{"embeddable":true,"href":"https:\/\/inandoutarchitects.com\/ca\/wp-json\/wp\/v2\/media\/2341"}],"wp:attachment":[{"href":"https:\/\/inandoutarchitects.com\/ca\/wp-json\/wp\/v2\/media?parent=2335"}],"wp:term":[{"taxonomy":"category","embeddable":true,"href":"https:\/\/inandoutarchitects.com\/ca\/wp-json\/wp\/v2\/categories?post=2335"},{"taxonomy":"post_tag","embeddable":true,"href":"https:\/\/inandoutarchitects.com\/ca\/wp-json\/wp\/v2\/tags?post=2335"}],"curies":[{"name":"wp","href":"https:\/\/api.w.org\/{rel}","templated":true}]}}